{"id":3893,"date":"2025-07-21T10:05:36","date_gmt":"2025-07-21T10:05:36","guid":{"rendered":"https:\/\/deportodos.com.ar\/2023\/?p=3893"},"modified":"2025-07-21T16:16:44","modified_gmt":"2025-07-21T16:16:44","slug":"central-entrerriano-aplasto-a-perfora-y-logro-el-ansiado-ascenso-a-la-liga-argentina","status":"publish","type":"post","link":"https:\/\/deportodos.com.ar\/2023\/central-entrerriano-aplasto-a-perfora-y-logro-el-ansiado-ascenso-a-la-liga-argentina\/","title":{"rendered":"CENTRAL ENTRERRIANO APLAST\u00d3 A P\u00c9RFORA Y LOGR\u00d3 EL ANSIADO ASCENSO A LA LIGA ARGENTINA"},"content":{"rendered":"\n<p>Central Entrerriano lo hizo. En una noche que quedar\u00e1 grabada en la historia del b\u00e1squet de Gualeguaych\u00fa, el rojinegro logr\u00f3 el ansiado ascenso a la Liga Argentina tras vencer de manera contundente a P\u00e9rfora de Plaza Huincul por 92 a 65, con una actuaci\u00f3n estelar de Lautaro Pividori, que se despach\u00f3 con 40 puntos para guiar a su equipo al triunfo en un Jos\u00e9 Mar\u00eda B\u00e9rtora desbordado de emoci\u00f3n.<\/p>\n\n\n\n<p>Desde el arranque, el equipo de Martin Pascal mostr\u00f3 sus credenciales. Con un Pividori intratable, Central meti\u00f3 un parcial de 13 a 2 a los 7\u201936\u2019\u2019 tras una conversi\u00f3n de Panuzzo, obligando al entrenador visitante a pedir minuto. Aunque la visita achic\u00f3 con dos triples de Ignacio Claris (18-10), Central mantuvo siempre la iniciativa. Cada vez que P\u00e9rfora intentaba acercarse, aparec\u00eda el talento del base paranaense o el aporte clave de Aquiles Montani, quien tambi\u00e9n fue determinante en momentos cr\u00edticos.<\/p>\n\n\n\n<p>El primer cuarto termin\u00f3 30 a 19, con Pividori sumando 16 puntos en los primeros diez minutos. En el segundo parcial, el tr\u00e1mite fue m\u00e1s parejo, e incluso P\u00e9rfora lleg\u00f3 a ponerse a un doble (41-39), pero Central reaccion\u00f3 a tiempo y cerr\u00f3 el primer tiempo arriba 54 a 39, gracias a un sprint final oportuno.<\/p>\n\n\n\n<p>El tercer cuarto fue determinante. El rojinegro sali\u00f3 con todo, meti\u00f3 un parcial de 8 a 0 y volvi\u00f3 a estirar diferencias. Con otra r\u00e1faga de triples de Pividori y una defensa s\u00f3lida, Central se fue al \u00faltimo descanso 77 a 61.<\/p>\n\n\n\n<p>En el \u00faltimo cuarto, la historia ya estaba escrita. P\u00e9rfora s\u00f3lo convirti\u00f3 cuatro puntos en todo el parcial, ahogado por la intensidad defensiva del local. El minuto y medio final no se jug\u00f3: fue todo festejo. L\u00e1grimas, abrazos y un grito contenido durante a\u00f1os: \u00a1Central volvi\u00f3 a la Liga Argentina!<\/p>\n\n\n\n<p>Ahora, con el ascenso consumado, el rojinegro buscar\u00e1 la frutilla del postre: el t\u00edtulo del Torneo Federal 2025. Para eso deber\u00e1 enfrentar al ganador de la otra llave entre Santa Paula de G\u00e1lvez y Talleres de Taf\u00ed Viejo.<\/p>\n\n\n\n<p><strong>Ficha t\u00e9cnica:<\/strong><\/p>\n\n\n\n<p>CENTRAL ENTRERRIANO&nbsp;<\/p>\n\n\n\n<p>Cristian P\u00e9rez 5, Lautaro Pividori 40, Aquiles Montani 15, Leandro Quarroz 14, Marcos Panozzo 12 (FI), Manuel Lado 2, Valentino Maruri 1, Juan Siboldi, Franco S\u00e1nchez 3, Benjam\u00edn Lado, Tom\u00e1s Caballero, Santiago Cansina.<\/p>\n\n\n\n<p>Entrenador: Mart\u00edn Pascal.<\/p>\n\n\n\n<p>PERFORA<\/p>\n\n\n\n<p>Ignacio Claris 19, Augusto Rossi 6, Agust\u00edn S\u00e1nchez 18, Santiago Candia 7, Nahuel Vicent\u00edn 8 (FI) Luca Chiapella 7, Jerem\u00edas Fern\u00e1ndez, Juan Navarrete, Diego Figueroa, Mateo Cides, Mat\u00edas Caparroz, Ignacio Figueroa<\/p>\n\n\n\n<p>Entrenador: Fernando Claris<\/p>\n\n\n\n<p><strong>Estadio:<\/strong>&nbsp;Jos\u00e9 Mar\u00eda B\u00e9rtora<\/p>\n\n\n\n<p><strong>Jueces:<\/strong>&nbsp;Jorge Meza \u2013 Rub\u00e9n Abelardo<\/p>\n\n\n\n<p><strong>Progresi\u00f3n:<\/strong>&nbsp;30 \u2013 19, 54 \u2013 49, 77 \u2013 61, 92 &#8211; 65<\/p>\n\n\n\n<blockquote class=\"wp-block-quote is-layout-flow wp-block-quote-is-layout-flow\">\n<p>www.maximaonline.com<\/p>\n<\/blockquote>\n","protected":false},"excerpt":{"rendered":"<p>Central Entrerriano lo hizo. En una noche que quedar\u00e1 grabada en la historia del b\u00e1squet&#8230;<\/p>\n","protected":false},"author":2,"featured_media":3894,"comment_status":"open","ping_status":"open","sticky":false,"template":"","format":"standard","meta":{"footnotes":""},"categories":[9],"tags":[],"class_list":["post-3893","post","type-post","status-publish","format-standard","has-post-thumbnail","hentry","category-basquet"],"featured_image_urls":{"full":["https:\/\/deportodos.com.ar\/2023\/wp-content\/uploads\/2025\/07\/img_57938_centralascendioalaligaargentina.jpg",1200,1800,false],"thumbnail":["https:\/\/deportodos.com.ar\/2023\/wp-content\/uploads\/2025\/07\/img_57938_centralascendioalaligaargentina-150x150.jpg",150,150,true],"medium":["https:\/\/deportodos.com.ar\/2023\/wp-content\/uploads\/2025\/07\/img_57938_centralascendioalaligaargentina-200x300.jpg",200,300,true],"medium_large":["https:\/\/deportodos.com.ar\/2023\/wp-content\/uploads\/2025\/07\/img_57938_centralascendioalaligaargentina-768x1152.jpg",640,960,true],"large":["https:\/\/deportodos.com.ar\/2023\/wp-content\/uploads\/2025\/07\/img_57938_centralascendioalaligaargentina-683x1024.jpg",640,960,true],"1536x1536":["https:\/\/deportodos.com.ar\/2023\/wp-content\/uploads\/2025\/07\/img_57938_centralascendioalaligaargentina-1024x1536.jpg",1024,1536,true],"2048x2048":["https:\/\/deportodos.com.ar\/2023\/wp-content\/uploads\/2025\/07\/img_57938_centralascendioalaligaargentina.jpg",1200,1800,false],"covernews-featured":["https:\/\/deportodos.com.ar\/2023\/wp-content\/uploads\/2025\/07\/img_57938_centralascendioalaligaargentina-1024x1536.jpg",1024,1536,true],"covernews-medium":["https:\/\/deportodos.com.ar\/2023\/wp-content\/uploads\/2025\/07\/img_57938_centralascendioalaligaargentina-540x340.jpg",540,340,true]},"author_info":{"display_name":"c2530142","author_link":"https:\/\/deportodos.com.ar\/2023\/author\/c2530142\/"},"category_info":"<a href=\"https:\/\/deportodos.com.ar\/2023\/category\/basquet\/\" rel=\"category tag\">Basquet<\/a>","tag_info":"Basquet","comment_count":"0","_links":{"self":[{"href":"https:\/\/deportodos.com.ar\/2023\/wp-json\/wp\/v2\/posts\/3893","targetHints":{"allow":["GET"]}}],"collection":[{"href":"https:\/\/deportodos.com.ar\/2023\/wp-json\/wp\/v2\/posts"}],"about":[{"href":"https:\/\/deportodos.com.ar\/2023\/wp-json\/wp\/v2\/types\/post"}],"author":[{"embeddable":true,"href":"https:\/\/deportodos.com.ar\/2023\/wp-json\/wp\/v2\/users\/2"}],"replies":[{"embeddable":true,"href":"https:\/\/deportodos.com.ar\/2023\/wp-json\/wp\/v2\/comments?post=3893"}],"version-history":[{"count":2,"href":"https:\/\/deportodos.com.ar\/2023\/wp-json\/wp\/v2\/posts\/3893\/revisions"}],"predecessor-version":[{"id":3897,"href":"https:\/\/deportodos.com.ar\/2023\/wp-json\/wp\/v2\/posts\/3893\/revisions\/3897"}],"wp:featuredmedia":[{"embeddable":true,"href":"https:\/\/deportodos.com.ar\/2023\/wp-json\/wp\/v2\/media\/3894"}],"wp:attachment":[{"href":"https:\/\/deportodos.com.ar\/2023\/wp-json\/wp\/v2\/media?parent=3893"}],"wp:term":[{"taxonomy":"category","embeddable":true,"href":"https:\/\/deportodos.com.ar\/2023\/wp-json\/wp\/v2\/categories?post=3893"},{"taxonomy":"post_tag","embeddable":true,"href":"https:\/\/deportodos.com.ar\/2023\/wp-json\/wp\/v2\/tags?post=3893"}],"curies":[{"name":"wp","href":"https:\/\/api.w.org\/{rel}","templated":true}]}}