{"id":3902,"date":"2025-07-24T19:48:20","date_gmt":"2025-07-24T19:48:20","guid":{"rendered":"https:\/\/deportodos.com.ar\/2023\/?p=3902"},"modified":"2025-07-24T19:48:21","modified_gmt":"2025-07-24T19:48:21","slug":"ya-estan-los-dias-y-horarios-para-la-gran-final-de-la-liga-federal","status":"publish","type":"post","link":"https:\/\/deportodos.com.ar\/2023\/ya-estan-los-dias-y-horarios-para-la-gran-final-de-la-liga-federal\/","title":{"rendered":"YA EST\u00c1N LOS DIAS Y HORARIOS PARA LA GRAN FINAL DE LA LIGA FEDERAL"},"content":{"rendered":"\n<p><br>La Liga Federal de B\u00e1squetbol entra en su etapa decisiva y ya est\u00e1n confirmados los d\u00edas y horarios de la gran final entre Central Entrerriano y Santa Paula de G\u00e1lvez. La serie, que se disputar\u00e1 al mejor de tres encuentros, comenzar\u00e1 el pr\u00f3ximo domingo 27 de julio en la ciudad santafesina de G\u00e1lvez, con el primer juego programado para las 20:30 horas.<\/p>\n\n\n\n<p>Luego, la definici\u00f3n se trasladar\u00e1 a Gualeguaych\u00fa: el mi\u00e9rcoles 30 a las 21 horas se disputar\u00e1 el segundo encuentro en el estadio Jos\u00e9 Mar\u00eda B\u00e9rtora, del club Central Entrerriano. En caso de que la serie necesite un tercer y decisivo partido, este se jugar\u00e1 en el mismo escenario el jueves 31, tambi\u00e9n a las 21 horas.<\/p>\n\n\n\n<p>Central buscar\u00e1 cerrar una temporada memorable con el t\u00edtulo en casa, pero antes deber\u00e1 enfrentar a un Santa Paula que llega encendido tras barrer su serie semifinal.<\/p>\n\n\n\n<blockquote class=\"wp-block-quote is-layout-flow wp-block-quote-is-layout-flow\">\n<p>www.maximaonlinee.com<\/p>\n<\/blockquote>\n\n\n\n<p><\/p>\n\n\n\n<p><\/p>\n","protected":false},"excerpt":{"rendered":"<p>La Liga Federal de B\u00e1squetbol entra en su etapa decisiva y ya est\u00e1n confirmados los&#8230;<\/p>\n","protected":false},"author":2,"featured_media":3904,"comment_status":"open","ping_status":"open","sticky":false,"template":"","format":"standard","meta":{"footnotes":""},"categories":[9],"tags":[],"class_list":["post-3902","post","type-post","status-publish","format-standard","has-post-thumbnail","hentry","category-basquet"],"featured_image_urls":{"full":["https:\/\/deportodos.com.ar\/2023\/wp-content\/uploads\/2025\/07\/img_32141_diasparalafinaldelfederal.jpg",1200,800,false],"thumbnail":["https:\/\/deportodos.com.ar\/2023\/wp-content\/uploads\/2025\/07\/img_32141_diasparalafinaldelfederal-150x150.jpg",150,150,true],"medium":["https:\/\/deportodos.com.ar\/2023\/wp-content\/uploads\/2025\/07\/img_32141_diasparalafinaldelfederal-300x200.jpg",300,200,true],"medium_large":["https:\/\/deportodos.com.ar\/2023\/wp-content\/uploads\/2025\/07\/img_32141_diasparalafinaldelfederal-768x512.jpg",640,427,true],"large":["https:\/\/deportodos.com.ar\/2023\/wp-content\/uploads\/2025\/07\/img_32141_diasparalafinaldelfederal-1024x683.jpg",640,427,true],"1536x1536":["https:\/\/deportodos.com.ar\/2023\/wp-content\/uploads\/2025\/07\/img_32141_diasparalafinaldelfederal.jpg",1200,800,false],"2048x2048":["https:\/\/deportodos.com.ar\/2023\/wp-content\/uploads\/2025\/07\/img_32141_diasparalafinaldelfederal.jpg",1200,800,false],"covernews-featured":["https:\/\/deportodos.com.ar\/2023\/wp-content\/uploads\/2025\/07\/img_32141_diasparalafinaldelfederal-1024x683.jpg",1024,683,true],"covernews-medium":["https:\/\/deportodos.com.ar\/2023\/wp-content\/uploads\/2025\/07\/img_32141_diasparalafinaldelfederal-540x340.jpg",540,340,true]},"author_info":{"display_name":"c2530142","author_link":"https:\/\/deportodos.com.ar\/2023\/author\/c2530142\/"},"category_info":"<a href=\"https:\/\/deportodos.com.ar\/2023\/category\/basquet\/\" rel=\"category tag\">Basquet<\/a>","tag_info":"Basquet","comment_count":"0","_links":{"self":[{"href":"https:\/\/deportodos.com.ar\/2023\/wp-json\/wp\/v2\/posts\/3902","targetHints":{"allow":["GET"]}}],"collection":[{"href":"https:\/\/deportodos.com.ar\/2023\/wp-json\/wp\/v2\/posts"}],"about":[{"href":"https:\/\/deportodos.com.ar\/2023\/wp-json\/wp\/v2\/types\/post"}],"author":[{"embeddable":true,"href":"https:\/\/deportodos.com.ar\/2023\/wp-json\/wp\/v2\/users\/2"}],"replies":[{"embeddable":true,"href":"https:\/\/deportodos.com.ar\/2023\/wp-json\/wp\/v2\/comments?post=3902"}],"version-history":[{"count":2,"href":"https:\/\/deportodos.com.ar\/2023\/wp-json\/wp\/v2\/posts\/3902\/revisions"}],"predecessor-version":[{"id":3905,"href":"https:\/\/deportodos.com.ar\/2023\/wp-json\/wp\/v2\/posts\/3902\/revisions\/3905"}],"wp:featuredmedia":[{"embeddable":true,"href":"https:\/\/deportodos.com.ar\/2023\/wp-json\/wp\/v2\/media\/3904"}],"wp:attachment":[{"href":"https:\/\/deportodos.com.ar\/2023\/wp-json\/wp\/v2\/media?parent=3902"}],"wp:term":[{"taxonomy":"category","embeddable":true,"href":"https:\/\/deportodos.com.ar\/2023\/wp-json\/wp\/v2\/categories?post=3902"},{"taxonomy":"post_tag","embeddable":true,"href":"https:\/\/deportodos.com.ar\/2023\/wp-json\/wp\/v2\/tags?post=3902"}],"curies":[{"name":"wp","href":"https:\/\/api.w.org\/{rel}","templated":true}]}}