{"id":3920,"date":"2025-07-27T00:01:31","date_gmt":"2025-07-27T00:01:31","guid":{"rendered":"https:\/\/deportodos.com.ar\/2023\/?p=3920"},"modified":"2025-07-27T00:01:34","modified_gmt":"2025-07-27T00:01:34","slug":"dos-ex-patronato-amargaron-al-rojinegro-en-puerto-madryn","status":"publish","type":"post","link":"https:\/\/deportodos.com.ar\/2023\/dos-ex-patronato-amargaron-al-rojinegro-en-puerto-madryn\/","title":{"rendered":"DOS EX PATRONATO AMARGARON AL \u00abROJINEGRO\u00bb EN PUERTO MADRYN"},"content":{"rendered":"\n<p>En el estadio Abel Sastre, este s\u00e1bado Patronato visit\u00f3 a Deportivo Madryn en el marco de la 24\u00aa fecha de la Zona A de la Primera Nacional. El \u00e1rbitro designado para el encuentro fue Bruno Amiconi.<\/p>\n\n\n\n<p>La primera chance clara de verdad para Patronato lleg\u00f3 desde los pies de Valent\u00edn Pereyra, que enganch\u00f3 por el costado derecho del ataque y envi\u00f3 un centro de zurda que cay\u00f3 al coraz\u00f3n del \u00e1rea. All\u00ed, Alan Bonansea gan\u00f3 de cabeza, pero remat\u00f3 por encima del travesa\u00f1o. Estuvo muy cerca.<\/p>\n\n\n\n<p>Tambi\u00e9n un desborde por la derecha provoc\u00f3 la primera llegada clara del conjunto anfitri\u00f3n. Diego Crego avanz\u00f3 hasta el final de la cancha y envi\u00f3 un centro pinchado al costado izquierdo del \u00e1rea chica para la llegada conjunta de Alan Sosa y Germ\u00e1n Rivero. Finalmente se impuso el arquero de Patronato, que rechaz\u00f3 con un pu\u00f1o.<\/p>\n\n\n\n<p>Sobre los 33 minutos, una falta al borde del \u00e1rea cometida por Fernando Moreyra deriv\u00f3 en un tiro libre en favor del local. De la pelota se encarg\u00f3 Nazareno Sol\u00eds que, cinco minutos m\u00e1s tarde, puso el 1-0 para el&nbsp;<em>Aurinegro&nbsp;<\/em>con un estupendo zurdazo contra el poste derecho del arco defendido por Sosa. Al&nbsp;<em>Patr\u00f3n<\/em>&nbsp;le iba a tocar remontar.<\/p>\n\n\n\n<p>Al cabo del primer tiempo qued\u00f3 la impresi\u00f3n de que Gabriel G\u00f3mez iba a tener que trabajar y mucho con sus jugadores. Las imprecisiones fueron una constante en el primer tiempo y se acentuaron una vez que el&nbsp;<em>Rojinegro<\/em>&nbsp;se encontr\u00f3 en desventaja.<\/p>\n\n\n\n<p>El mal primer tiempo llev\u00f3 al t\u00e9cnico del visitante a introducir dos variantes, que tardaron en hacer efecto. Durante los primeros minutos de juego, el equipo&nbsp;<em>Rojinegro<\/em>&nbsp;sufri\u00f3 algunas ocasiones claras de gol que finalmente Madryn no aprovech\u00f3. Luego empez\u00f3 a sufrir las decisiones arbitrales.<\/p>\n\n\n\n<p>Sobre los ocho minutos del segundo tiempo, Federico Castro anot\u00f3 el gol del empate luego de un remate desde afuera del \u00e1rea y una floja respuesta de Yair Bonn\u00edn. Sin embargo, de forma ins\u00f3lita, el \u00e1rbitro anul\u00f3 el gol del atacante, que hab\u00eda definido correctamente contra el poste derecho en el mano a mano con el arquero.<\/p>\n\n\n\n<p>A los 18 minutos lleg\u00f3 otra decisi\u00f3n arbitral que fue perjudicial para Patronato. Amiconi expuls\u00f3 a Alan Bonansea por una falta y dej\u00f3 al&nbsp;<em>Patr\u00f3n<\/em>&nbsp;con un jugador menos y sin su goleador, una baja m\u00e1s que importante.<\/p>\n\n\n\n<p>El visitante tuvo una clar\u00edsima chance de empatar el juego en un tiro libre ejecutado por Juan Barinaga. Desafortunadamente, el bal\u00f3n se fue pegado al poste derecho del arco defendido por Bonn\u00edn. El arquero entrerriano s\u00f3lo hab\u00eda atinado a mirar la buena ejecuci\u00f3n del mediocampista paranaense.<\/p>\n\n\n\n<p>Unos minutos despu\u00e9s lleg\u00f3 el segundo gol del local. Fue a los 29 y por parte de otro ex Patronato: un centro desde la derecha enviado por Ezequiel Montagna encontr\u00f3 dentro del \u00e1rea chica a Germ\u00e1n Rivero, que apenas desvi\u00f3 el bal\u00f3n ante una dudosa salida de Sosa para anotar el 2-0 parcial.<\/p>\n\n\n\n<p>Aunque intercambiaron chances de gol y pudieron haber convertido alg\u00fan tanto m\u00e1s, siempre dio la impresi\u00f3n de que Patronato no podr\u00eda igualar el juego. Madryn control\u00f3 los instantes finales y se qued\u00f3 con tres valios\u00edsimos puntos.<\/p>\n\n\n\n<p>Finalmente, Patronato qued\u00f3 con 35 unidades y en la pr\u00f3xima fecha tendr\u00e1 la posibilidad de recuperarse enfrentando a Alvarado como local. Ser\u00e1 el pr\u00f3ximo domingo a partir de las 15.30<\/p>\n\n\n\n<blockquote class=\"wp-block-quote is-layout-flow wp-block-quote-is-layout-flow\">\n<p>www.analisisdigital.com.ar<\/p>\n<\/blockquote>\n","protected":false},"excerpt":{"rendered":"<p>En el estadio Abel Sastre, este s\u00e1bado Patronato visit\u00f3 a Deportivo Madryn en el marco&#8230;<\/p>\n","protected":false},"author":2,"featured_media":3921,"comment_status":"open","ping_status":"open","sticky":false,"template":"","format":"standard","meta":{"footnotes":""},"categories":[36],"tags":[],"class_list":["post-3920","post","type-post","status-publish","format-standard","has-post-thumbnail","hentry","category-futbol"],"featured_image_urls":{"full":["https:\/\/deportodos.com.ar\/2023\/wp-content\/uploads\/2025\/07\/Nazareno-Solis-Deportivo-Madryn-1.jpg.webp",900,507,false],"thumbnail":["https:\/\/deportodos.com.ar\/2023\/wp-content\/uploads\/2025\/07\/Nazareno-Solis-Deportivo-Madryn-1.jpg-150x150.webp",150,150,true],"medium":["https:\/\/deportodos.com.ar\/2023\/wp-content\/uploads\/2025\/07\/Nazareno-Solis-Deportivo-Madryn-1.jpg-300x169.webp",300,169,true],"medium_large":["https:\/\/deportodos.com.ar\/2023\/wp-content\/uploads\/2025\/07\/Nazareno-Solis-Deportivo-Madryn-1.jpg-768x433.webp",640,361,true],"large":["https:\/\/deportodos.com.ar\/2023\/wp-content\/uploads\/2025\/07\/Nazareno-Solis-Deportivo-Madryn-1.jpg.webp",640,361,false],"1536x1536":["https:\/\/deportodos.com.ar\/2023\/wp-content\/uploads\/2025\/07\/Nazareno-Solis-Deportivo-Madryn-1.jpg.webp",900,507,false],"2048x2048":["https:\/\/deportodos.com.ar\/2023\/wp-content\/uploads\/2025\/07\/Nazareno-Solis-Deportivo-Madryn-1.jpg.webp",900,507,false],"covernews-featured":["https:\/\/deportodos.com.ar\/2023\/wp-content\/uploads\/2025\/07\/Nazareno-Solis-Deportivo-Madryn-1.jpg.webp",900,507,false],"covernews-medium":["https:\/\/deportodos.com.ar\/2023\/wp-content\/uploads\/2025\/07\/Nazareno-Solis-Deportivo-Madryn-1.jpg-540x340.webp",540,340,true]},"author_info":{"display_name":"c2530142","author_link":"https:\/\/deportodos.com.ar\/2023\/author\/c2530142\/"},"category_info":"<a href=\"https:\/\/deportodos.com.ar\/2023\/category\/futbol\/\" rel=\"category tag\">Futbol<\/a>","tag_info":"Futbol","comment_count":"0","_links":{"self":[{"href":"https:\/\/deportodos.com.ar\/2023\/wp-json\/wp\/v2\/posts\/3920","targetHints":{"allow":["GET"]}}],"collection":[{"href":"https:\/\/deportodos.com.ar\/2023\/wp-json\/wp\/v2\/posts"}],"about":[{"href":"https:\/\/deportodos.com.ar\/2023\/wp-json\/wp\/v2\/types\/post"}],"author":[{"embeddable":true,"href":"https:\/\/deportodos.com.ar\/2023\/wp-json\/wp\/v2\/users\/2"}],"replies":[{"embeddable":true,"href":"https:\/\/deportodos.com.ar\/2023\/wp-json\/wp\/v2\/comments?post=3920"}],"version-history":[{"count":1,"href":"https:\/\/deportodos.com.ar\/2023\/wp-json\/wp\/v2\/posts\/3920\/revisions"}],"predecessor-version":[{"id":3922,"href":"https:\/\/deportodos.com.ar\/2023\/wp-json\/wp\/v2\/posts\/3920\/revisions\/3922"}],"wp:featuredmedia":[{"embeddable":true,"href":"https:\/\/deportodos.com.ar\/2023\/wp-json\/wp\/v2\/media\/3921"}],"wp:attachment":[{"href":"https:\/\/deportodos.com.ar\/2023\/wp-json\/wp\/v2\/media?parent=3920"}],"wp:term":[{"taxonomy":"category","embeddable":true,"href":"https:\/\/deportodos.com.ar\/2023\/wp-json\/wp\/v2\/categories?post=3920"},{"taxonomy":"post_tag","embeddable":true,"href":"https:\/\/deportodos.com.ar\/2023\/wp-json\/wp\/v2\/tags?post=3920"}],"curies":[{"name":"wp","href":"https:\/\/api.w.org\/{rel}","templated":true}]}}