{"id":3929,"date":"2025-07-31T12:26:48","date_gmt":"2025-07-31T12:26:48","guid":{"rendered":"https:\/\/deportodos.com.ar\/2023\/?p=3929"},"modified":"2025-07-31T12:26:50","modified_gmt":"2025-07-31T12:26:50","slug":"ocho-representantes-de-arqueria-cef-n4-en-la-fecha-3-fetarco-2025","status":"publish","type":"post","link":"https:\/\/deportodos.com.ar\/2023\/ocho-representantes-de-arqueria-cef-n4-en-la-fecha-3-fetarco-2025\/","title":{"rendered":"OCHO REPRESENTANTES DE ARQUER\u00cdA CEF N\u00b04 EN LA FECHA 3 FETARCO 2025"},"content":{"rendered":"\n<p>En la tercera cita del calendario 2025 de la Federaci\u00f3n Entrerriana de Tiro con Arco 2025, fueron confirmados ocho arqueros del CEF N\u00b04 Concordia._<\/p>\n\n\n\n<p>La continuidad del calendario provincial de tiro con arco tendr\u00e1 lugar en el Club Los Yaros, \u00e9ste domingo 3 de agosto y se espera una gran concurrencia de competidores como de p\u00fablico en general, ante la confirmaci\u00f3n de representantes de distintos puntos del territorio entrerriano.<\/p>\n\n\n\n<p>Esta fecha es muy importante ya que podr\u00e1n homologar las categor\u00edas escuelas con solo una fecha como indica el reglamento, quedando habilitados para tirar la final provincial sin necesidad de viajar a otra localidad. En cambio las categor\u00edas s\u00e9nior necesitan dos fechas para homologar. Estos torneos oficiales no se suspenden por inclemencias tiempo, salvo por tormenta el\u00e9ctricas.<\/p>\n\n\n\n<p>Compartimos en detalle el listado del equipo Arquer\u00eda CEF N\u00b04 Concordia<\/p>\n\n\n\n<p>&#x25aa;&#xfe0f;Barreto Carlos \u2013 Recurvo Masculino 50+ (Diestro)<br>P\u00e9rez Guillermo Gast\u00f3n \u2013 Raso Masculino S\u00e9nior (Zurdo)<br>&#x25aa;&#xfe0f;Gonz\u00e1lez Alberto Adolfo \u2013 Recurvo Escuela 50 (Diestro)<br>&#x25aa;&#xfe0f;Pedemonte Camila \u2013 Recurvo Escuela 30 (Zurdo)<br>Ancarnil Axel Fernando \u2013 Recurvo Escuela 40 (Zurdo)<br>&#x25aa;&#xfe0f;Valdez Rodrigo \u2013 Recurvo Escuela 40 (Zurdo)<br>Silvestri Magal\u00ed \u2013 Raso Promocional Adultos 15mts (Diestro)<br>&#x25aa;&#xfe0f;Osengar Tiago \u2013 Raso Promocional Adultos 15mts (Diestro)<\/p>\n","protected":false},"excerpt":{"rendered":"<p>En la tercera cita del calendario 2025 de la Federaci\u00f3n Entrerriana de Tiro con Arco&#8230;<\/p>\n","protected":false},"author":2,"featured_media":3930,"comment_status":"open","ping_status":"open","sticky":false,"template":"","format":"standard","meta":{"footnotes":""},"categories":[66],"tags":[],"class_list":["post-3929","post","type-post","status-publish","format-standard","has-post-thumbnail","hentry","category-arco"],"featured_image_urls":{"full":["https:\/\/deportodos.com.ar\/2023\/wp-content\/uploads\/2025\/07\/IMG-20250731-WA0001.jpg",1076,1061,false],"thumbnail":["https:\/\/deportodos.com.ar\/2023\/wp-content\/uploads\/2025\/07\/IMG-20250731-WA0001-150x150.jpg",150,150,true],"medium":["https:\/\/deportodos.com.ar\/2023\/wp-content\/uploads\/2025\/07\/IMG-20250731-WA0001-300x296.jpg",300,296,true],"medium_large":["https:\/\/deportodos.com.ar\/2023\/wp-content\/uploads\/2025\/07\/IMG-20250731-WA0001-768x757.jpg",640,631,true],"large":["https:\/\/deportodos.com.ar\/2023\/wp-content\/uploads\/2025\/07\/IMG-20250731-WA0001-1024x1010.jpg",640,631,true],"1536x1536":["https:\/\/deportodos.com.ar\/2023\/wp-content\/uploads\/2025\/07\/IMG-20250731-WA0001.jpg",1076,1061,false],"2048x2048":["https:\/\/deportodos.com.ar\/2023\/wp-content\/uploads\/2025\/07\/IMG-20250731-WA0001.jpg",1076,1061,false],"covernews-featured":["https:\/\/deportodos.com.ar\/2023\/wp-content\/uploads\/2025\/07\/IMG-20250731-WA0001-1024x1010.jpg",1024,1010,true],"covernews-medium":["https:\/\/deportodos.com.ar\/2023\/wp-content\/uploads\/2025\/07\/IMG-20250731-WA0001-540x340.jpg",540,340,true]},"author_info":{"display_name":"c2530142","author_link":"https:\/\/deportodos.com.ar\/2023\/author\/c2530142\/"},"category_info":"<a href=\"https:\/\/deportodos.com.ar\/2023\/category\/arco\/\" rel=\"category tag\">Arco<\/a>","tag_info":"Arco","comment_count":"0","_links":{"self":[{"href":"https:\/\/deportodos.com.ar\/2023\/wp-json\/wp\/v2\/posts\/3929","targetHints":{"allow":["GET"]}}],"collection":[{"href":"https:\/\/deportodos.com.ar\/2023\/wp-json\/wp\/v2\/posts"}],"about":[{"href":"https:\/\/deportodos.com.ar\/2023\/wp-json\/wp\/v2\/types\/post"}],"author":[{"embeddable":true,"href":"https:\/\/deportodos.com.ar\/2023\/wp-json\/wp\/v2\/users\/2"}],"replies":[{"embeddable":true,"href":"https:\/\/deportodos.com.ar\/2023\/wp-json\/wp\/v2\/comments?post=3929"}],"version-history":[{"count":1,"href":"https:\/\/deportodos.com.ar\/2023\/wp-json\/wp\/v2\/posts\/3929\/revisions"}],"predecessor-version":[{"id":3931,"href":"https:\/\/deportodos.com.ar\/2023\/wp-json\/wp\/v2\/posts\/3929\/revisions\/3931"}],"wp:featuredmedia":[{"embeddable":true,"href":"https:\/\/deportodos.com.ar\/2023\/wp-json\/wp\/v2\/media\/3930"}],"wp:attachment":[{"href":"https:\/\/deportodos.com.ar\/2023\/wp-json\/wp\/v2\/media?parent=3929"}],"wp:term":[{"taxonomy":"category","embeddable":true,"href":"https:\/\/deportodos.com.ar\/2023\/wp-json\/wp\/v2\/categories?post=3929"},{"taxonomy":"post_tag","embeddable":true,"href":"https:\/\/deportodos.com.ar\/2023\/wp-json\/wp\/v2\/tags?post=3929"}],"curies":[{"name":"wp","href":"https:\/\/api.w.org\/{rel}","templated":true}]}}