{"id":3932,"date":"2025-07-31T13:43:04","date_gmt":"2025-07-31T13:43:04","guid":{"rendered":"https:\/\/deportodos.com.ar\/2023\/?p=3932"},"modified":"2025-07-31T13:43:05","modified_gmt":"2025-07-31T13:43:05","slug":"maraton-en-santa-a","status":"publish","type":"post","link":"https:\/\/deportodos.com.ar\/2023\/maraton-en-santa-a\/","title":{"rendered":"MARAT\u00d3N EN SANTA A"},"content":{"rendered":"\n<p>Santa Anita Celebra su 125\u00b0 Aniversario con una Gran Marat\u00f3n Santa Anita, Entre R\u00edos, se prepara para su 125\u00b0 Marat\u00f3n Aniversario este domingo 3 de agosto, a partir de las 10:00 hs.<br>El evento forma parte de las celebraciones por un nuevo aniversario de la ciudad y busca replicar el \u00e9xito de ediciones anteriores, como el 122\u00b0 aniversario que congreg\u00f3 a casi trescientos corredores, tal como se record\u00f3 con im\u00e1genes de Deportes Villa Adela.<br><\/p>\n\n\n\n<p>La marat\u00f3n contar\u00e1 con dos modalidades: 5K y 10K, dise\u00f1adas para desafiar a corredores de todos los niveles.<br>Premios en Efectivo y Reconocimientos<br>La competencia tendr\u00e1 una destacada premiaci\u00f3n en efectivo de $680.000, que se repartir\u00e1 entre los ganadores de la clasificaci\u00f3n general de ambas distancias.<br>Distancia 10K (Caballeros y Damas):<br>1\u00b0 Puesto: $100.000<br>2\u00b0 Puesto: $70.000<br>3\u00b0 Puesto: $40.000<br>Distancia 5K (Caballeros y Damas):1\u00b0 Puesto: $60.000<br>2\u00b0 Puesto: $40.000<br>3\u00b0 Puesto: $30.000<br>Adem\u00e1s de los premios en efectivo, todos los participantes recibir\u00e1n una medalla finisher, y los primeros 100 inscriptos se llevar\u00e1n una remera conmemorativa del evento.<br>Inscripciones AbiertasPara m\u00e1s detalles e inscripciones, visit\u00e1<br>https:\/\/www.cronofrancolini.com.ar\/maratonsantaanita.html<br>Mas informacion al 3445-411754.<br>\u00a1No te pierdas esta gran celebraci\u00f3n deportiva en Santa Anita!<br>@fans destacados<br>Municipio de Santa Anita<br>Antonio Bachmann<br>Deportodos<\/p>\n","protected":false},"excerpt":{"rendered":"<p>Santa Anita Celebra su 125\u00b0 Aniversario con una Gran Marat\u00f3n Santa Anita, Entre R\u00edos, se&#8230;<\/p>\n","protected":false},"author":2,"featured_media":3933,"comment_status":"open","ping_status":"open","sticky":false,"template":"","format":"standard","meta":{"footnotes":""},"categories":[5],"tags":[],"class_list":["post-3932","post","type-post","status-publish","format-standard","has-post-thumbnail","hentry","category-atletismo"],"featured_image_urls":{"full":["https:\/\/deportodos.com.ar\/2023\/wp-content\/uploads\/2025\/07\/IMG-20250731-WA0004.jpg",602,1090,false],"thumbnail":["https:\/\/deportodos.com.ar\/2023\/wp-content\/uploads\/2025\/07\/IMG-20250731-WA0004-150x150.jpg",150,150,true],"medium":["https:\/\/deportodos.com.ar\/2023\/wp-content\/uploads\/2025\/07\/IMG-20250731-WA0004-166x300.jpg",166,300,true],"medium_large":["https:\/\/deportodos.com.ar\/2023\/wp-content\/uploads\/2025\/07\/IMG-20250731-WA0004.jpg",602,1090,false],"large":["https:\/\/deportodos.com.ar\/2023\/wp-content\/uploads\/2025\/07\/IMG-20250731-WA0004-566x1024.jpg",566,1024,true],"1536x1536":["https:\/\/deportodos.com.ar\/2023\/wp-content\/uploads\/2025\/07\/IMG-20250731-WA0004.jpg",602,1090,false],"2048x2048":["https:\/\/deportodos.com.ar\/2023\/wp-content\/uploads\/2025\/07\/IMG-20250731-WA0004.jpg",602,1090,false],"covernews-featured":["https:\/\/deportodos.com.ar\/2023\/wp-content\/uploads\/2025\/07\/IMG-20250731-WA0004.jpg",602,1090,false],"covernews-medium":["https:\/\/deportodos.com.ar\/2023\/wp-content\/uploads\/2025\/07\/IMG-20250731-WA0004-540x340.jpg",540,340,true]},"author_info":{"display_name":"c2530142","author_link":"https:\/\/deportodos.com.ar\/2023\/author\/c2530142\/"},"category_info":"<a href=\"https:\/\/deportodos.com.ar\/2023\/category\/atletismo\/\" rel=\"category tag\">Atletismo<\/a>","tag_info":"Atletismo","comment_count":"0","_links":{"self":[{"href":"https:\/\/deportodos.com.ar\/2023\/wp-json\/wp\/v2\/posts\/3932","targetHints":{"allow":["GET"]}}],"collection":[{"href":"https:\/\/deportodos.com.ar\/2023\/wp-json\/wp\/v2\/posts"}],"about":[{"href":"https:\/\/deportodos.com.ar\/2023\/wp-json\/wp\/v2\/types\/post"}],"author":[{"embeddable":true,"href":"https:\/\/deportodos.com.ar\/2023\/wp-json\/wp\/v2\/users\/2"}],"replies":[{"embeddable":true,"href":"https:\/\/deportodos.com.ar\/2023\/wp-json\/wp\/v2\/comments?post=3932"}],"version-history":[{"count":1,"href":"https:\/\/deportodos.com.ar\/2023\/wp-json\/wp\/v2\/posts\/3932\/revisions"}],"predecessor-version":[{"id":3934,"href":"https:\/\/deportodos.com.ar\/2023\/wp-json\/wp\/v2\/posts\/3932\/revisions\/3934"}],"wp:featuredmedia":[{"embeddable":true,"href":"https:\/\/deportodos.com.ar\/2023\/wp-json\/wp\/v2\/media\/3933"}],"wp:attachment":[{"href":"https:\/\/deportodos.com.ar\/2023\/wp-json\/wp\/v2\/media?parent=3932"}],"wp:term":[{"taxonomy":"category","embeddable":true,"href":"https:\/\/deportodos.com.ar\/2023\/wp-json\/wp\/v2\/categories?post=3932"},{"taxonomy":"post_tag","embeddable":true,"href":"https:\/\/deportodos.com.ar\/2023\/wp-json\/wp\/v2\/tags?post=3932"}],"curies":[{"name":"wp","href":"https:\/\/api.w.org\/{rel}","templated":true}]}}