{"id":3941,"date":"2025-08-01T11:22:51","date_gmt":"2025-08-01T11:22:51","guid":{"rendered":"https:\/\/deportodos.com.ar\/2023\/?p=3941"},"modified":"2025-08-01T11:22:53","modified_gmt":"2025-08-01T11:22:53","slug":"con-la-pasion-del-carnaval-central-se-corono-campeon-de-la-liga-federal-2025","status":"publish","type":"post","link":"https:\/\/deportodos.com.ar\/2023\/con-la-pasion-del-carnaval-central-se-corono-campeon-de-la-liga-federal-2025\/","title":{"rendered":"CON LA PASI\u00d3N DEL CARNAVAL, CENTRAL SE CORON\u00d3 CAMPE\u00d3N DE LA LIGA FEDERAL 2025"},"content":{"rendered":"\n<p>Ante un estadio Jos\u00e9 Mar\u00eda B\u00e9rtora repleto de simpatizantes del \u00abRojinegro\u00bb y un buen n\u00famero de seguidores que llegaron a Gualeguaych\u00fa desde Gobernador G\u00e1lvez, se disput\u00f3 el tercer cap\u00edtulo de la final de la Liga Federal.&nbsp;<\/p>\n\n\n\n<p>Con el ascenso a la Liga Argentina asegurado, tanto Central como Santa Paula jugaron a todo o nada por la gloria. Llegaron afilados a esta instancia: en Santa Fe, los de \u00abAzul\u00bb ganaron por 86 a 61. La serie la igual\u00f3 el \u00abRojinegro\u00bb con un claro 88 a 68.<\/p>\n\n\n\n<p>La ciudad fue una fiesta. Al mediod\u00eda ya hab\u00eda fila en la calle Espa\u00f1a para comprar las populares y casi una hora antes del partido, los alrededores del \u00abJos\u00e9 Mar\u00eda B\u00e9rtora\u00bb se vistieron de banderas, bombos, redoblantes, camisetas y hasta v\u00e9ngalas rojas con un ensordecedor aliento de los simpatizantes.<\/p>\n\n\n\n<p>Las plateas y populares se confund\u00edan detr\u00e1s de los colores \u00abdel equipo de la ciudad\u00bb como reza la bandera que onde\u00f3 toda la temporada en la tribuna centralista. Con ese clima, arranc\u00f3 un partido que se destac\u00f3 por ser el m\u00e1s luchado de la serie, donde los bancos t\u00e1cticos jugaron con sus estrat\u00e9gicas jugadas.<\/p>\n\n\n\n<figure class=\"wp-block-image\"><img decoding=\"async\" src=\"https:\/\/cdn3.r2820.com\/s3i233\/2025\/07\/r2820\/images\/02\/21\/42\/2214236_dd383a863d0b011b2b6e3bf8f4dfb90270ff8ba8a8c7c2152b0a4d3cb76583e0\/lg.webp\" alt=\"\"\/><\/figure>\n\n\n\n<p>El primer cuarto, Santa Paula de G\u00e1lvez jug\u00f3 un periodo asombroso con un gran despliegue, tomando las marcas y anulando a los lanzadores de Central Entrerriano. As\u00ed cerr\u00f3 el cuarto ganando por 17 a 13.<\/p>\n\n\n\n<p>En el segundo cuarto, los visitantes siguieron con el control del local y si bien lo ganaron por un doble 17 a 15, se fueron al descanso con un claro 34 a 28 y con la sensaci\u00f3n de ser m\u00e1s que Central que sufri\u00f3 las impresiones y ciertas decisiones apresuradas en los disparos. Todo el primer tiempo Santa Paula fue al frente.<\/p>\n\n\n\n<p>El tercer cuarto revivi\u00f3 Central que meti\u00f3 una remontada memorable anulando a los de G\u00e1lvez, secando su goleo y logr\u00f3 una diferencia de 15 puntos promediando el periodo. El periodo fue 32 a 13 para Central, pero Santa Paula no se entreg\u00f3 y demostr\u00f3 su hambre de gloria.<\/p>\n\n\n\n<p>El cuarto final, se jug\u00f3 bajo la presi\u00f3n de un vibrante estadio que no par\u00f3 de gritar, bailar y alentar. Las tribunas centralistas alentaban tanto como en el verano aplauden el desplazamiento de Mari Mari en el Cors\u00f3dromo.&nbsp;<\/p>\n\n\n\n<blockquote class=\"wp-block-quote is-layout-flow wp-block-quote-is-layout-flow\">\n<p>www.r2820.com<\/p>\n<\/blockquote>\n","protected":false},"excerpt":{"rendered":"<p>Ante un estadio Jos\u00e9 Mar\u00eda B\u00e9rtora repleto de simpatizantes del \u00abRojinegro\u00bb y un buen n\u00famero&#8230;<\/p>\n","protected":false},"author":2,"featured_media":3942,"comment_status":"open","ping_status":"open","sticky":false,"template":"","format":"standard","meta":{"footnotes":""},"categories":[9],"tags":[],"class_list":["post-3941","post","type-post","status-publish","format-standard","has-post-thumbnail","hentry","category-basquet"],"featured_image_urls":{"full":["https:\/\/deportodos.com.ar\/2023\/wp-content\/uploads\/2025\/08\/md.webp",992,558,false],"thumbnail":["https:\/\/deportodos.com.ar\/2023\/wp-content\/uploads\/2025\/08\/md-150x150.webp",150,150,true],"medium":["https:\/\/deportodos.com.ar\/2023\/wp-content\/uploads\/2025\/08\/md-300x169.webp",300,169,true],"medium_large":["https:\/\/deportodos.com.ar\/2023\/wp-content\/uploads\/2025\/08\/md-768x432.webp",640,360,true],"large":["https:\/\/deportodos.com.ar\/2023\/wp-content\/uploads\/2025\/08\/md.webp",640,360,false],"1536x1536":["https:\/\/deportodos.com.ar\/2023\/wp-content\/uploads\/2025\/08\/md.webp",992,558,false],"2048x2048":["https:\/\/deportodos.com.ar\/2023\/wp-content\/uploads\/2025\/08\/md.webp",992,558,false],"covernews-featured":["https:\/\/deportodos.com.ar\/2023\/wp-content\/uploads\/2025\/08\/md.webp",992,558,false],"covernews-medium":["https:\/\/deportodos.com.ar\/2023\/wp-content\/uploads\/2025\/08\/md-540x340.webp",540,340,true]},"author_info":{"display_name":"c2530142","author_link":"https:\/\/deportodos.com.ar\/2023\/author\/c2530142\/"},"category_info":"<a href=\"https:\/\/deportodos.com.ar\/2023\/category\/basquet\/\" rel=\"category tag\">Basquet<\/a>","tag_info":"Basquet","comment_count":"0","_links":{"self":[{"href":"https:\/\/deportodos.com.ar\/2023\/wp-json\/wp\/v2\/posts\/3941","targetHints":{"allow":["GET"]}}],"collection":[{"href":"https:\/\/deportodos.com.ar\/2023\/wp-json\/wp\/v2\/posts"}],"about":[{"href":"https:\/\/deportodos.com.ar\/2023\/wp-json\/wp\/v2\/types\/post"}],"author":[{"embeddable":true,"href":"https:\/\/deportodos.com.ar\/2023\/wp-json\/wp\/v2\/users\/2"}],"replies":[{"embeddable":true,"href":"https:\/\/deportodos.com.ar\/2023\/wp-json\/wp\/v2\/comments?post=3941"}],"version-history":[{"count":1,"href":"https:\/\/deportodos.com.ar\/2023\/wp-json\/wp\/v2\/posts\/3941\/revisions"}],"predecessor-version":[{"id":3943,"href":"https:\/\/deportodos.com.ar\/2023\/wp-json\/wp\/v2\/posts\/3941\/revisions\/3943"}],"wp:featuredmedia":[{"embeddable":true,"href":"https:\/\/deportodos.com.ar\/2023\/wp-json\/wp\/v2\/media\/3942"}],"wp:attachment":[{"href":"https:\/\/deportodos.com.ar\/2023\/wp-json\/wp\/v2\/media?parent=3941"}],"wp:term":[{"taxonomy":"category","embeddable":true,"href":"https:\/\/deportodos.com.ar\/2023\/wp-json\/wp\/v2\/categories?post=3941"},{"taxonomy":"post_tag","embeddable":true,"href":"https:\/\/deportodos.com.ar\/2023\/wp-json\/wp\/v2\/tags?post=3941"}],"curies":[{"name":"wp","href":"https:\/\/api.w.org\/{rel}","templated":true}]}}