{"id":3964,"date":"2025-08-04T17:14:19","date_gmt":"2025-08-04T17:14:19","guid":{"rendered":"https:\/\/deportodos.com.ar\/2023\/?p=3964"},"modified":"2025-08-04T17:14:23","modified_gmt":"2025-08-04T17:14:23","slug":"santa-anita-vibro-con-su-maraton-aniversario-125","status":"publish","type":"post","link":"https:\/\/deportodos.com.ar\/2023\/santa-anita-vibro-con-su-maraton-aniversario-125\/","title":{"rendered":"SANTA ANITA VIBR\u00d3 CON SU MARAT\u00d3N ANIVERSARIO 125\u00b0"},"content":{"rendered":"\n<p>Este domingo 3 de agosto, la pintoresca ciudad de Santa Anita, en el Departamento Concepci\u00f3n del Uruguay, celebr\u00f3 su&nbsp;<strong>125\u00b0 aniversario de fundaci\u00f3n<\/strong>, que rinde homenaje a sus or\u00edgenes alemanes del Volga. El festejo incluy\u00f3 una exitosa marat\u00f3n que, a pesar de haber sido reprogramada una semana antes por el mal tiempo, disfrut\u00f3 de un espl\u00e9ndido d\u00eda de sol y una nutrida participaci\u00f3n de atletas y p\u00fablico.<\/p>\n\n\n\n<figure class=\"wp-block-image\"><a href=\"https:\/\/blogger.googleusercontent.com\/img\/b\/R29vZ2xl\/AVvXsEhrUM8Uc4oNOcltZk1kLancTUAlMR6el_KuCQDVr7FBHOMdpPBzf18KT5fT7YcWScANSXZNftCy8E9iBJ7Ya4xKWb4V8SXav71IXqLjGW4UvibgT9wRGK5lJ37aNjcKVfUX5LPd92Rl4G3HBjGlw3Y2Z0BtRtnbO8IeKv57HPzEbZ5tzE76X8hGQ-QVTUM\/s1024\/DSC_6628%20(Copy)%20(Copy).JPG\"><img decoding=\"async\" src=\"https:\/\/blogger.googleusercontent.com\/img\/b\/R29vZ2xl\/AVvXsEhrUM8Uc4oNOcltZk1kLancTUAlMR6el_KuCQDVr7FBHOMdpPBzf18KT5fT7YcWScANSXZNftCy8E9iBJ7Ya4xKWb4V8SXav71IXqLjGW4UvibgT9wRGK5lJ37aNjcKVfUX5LPd92Rl4G3HBjGlw3Y2Z0BtRtnbO8IeKv57HPzEbZ5tzE76X8hGQ-QVTUM\/w400-h265\/DSC_6628%20(Copy)%20(Copy).JPG\" alt=\"\"\/><\/a><\/figure>\n\n\n\n<p>El evento se caracteriz\u00f3 por un nuevo y muy bien marcado circuito, con largada frente al templo y en una de las avenidas principales, pasando tambi\u00e9n por el camping balneario. Todas las calles fueron cortadas para garantizar la seguridad de los participantes. La marat\u00f3n ofreci\u00f3 dos distancias competitivas, 5K y 10K, con atractivos premios en efectivo para los tres primeros puestos de cada categor\u00eda (damas y caballeros).<\/p>\n\n\n\n<figure class=\"wp-block-image\"><a href=\"https:\/\/blogger.googleusercontent.com\/img\/b\/R29vZ2xl\/AVvXsEgzRdKpPX67FqOC0kwmJAlLQk2UXonFzuKOvwhyphenhyphenwZZmTxWYl1on9hTgxzZbdwVcELc-V6hXHR-sKWMfLxi0jdbMsYmetw0Oy92PnUTJjaYsH2Nl_Iqm_2dDYnYmDNY83WikFM6jG_8trMUQHKC-LhDp6k7G3Tsf5FPuE-Xmhv5tauu7sF9jv0UMY0H-CFs\/s1600\/Bruno%20Colombo.jpg\"><img decoding=\"async\" src=\"https:\/\/blogger.googleusercontent.com\/img\/b\/R29vZ2xl\/AVvXsEgzRdKpPX67FqOC0kwmJAlLQk2UXonFzuKOvwhyphenhyphenwZZmTxWYl1on9hTgxzZbdwVcELc-V6hXHR-sKWMfLxi0jdbMsYmetw0Oy92PnUTJjaYsH2Nl_Iqm_2dDYnYmDNY83WikFM6jG_8trMUQHKC-LhDp6k7G3Tsf5FPuE-Xmhv5tauu7sF9jv0UMY0H-CFs\/w400-h266\/Bruno%20Colombo.jpg\" alt=\"\"\/><\/a><\/figure>\n\n\n\n<p>A las 10:00 en punto, despu\u00e9s de la bienvenida del intendente local, Juan Jos\u00e9 Amavet, y la charla t\u00e9cnica del director de deportes, Rafael Rothar, se dio la largada. El reconocido locutor Pablo Far\u00edas estuvo a cargo de la voz oficial del evento, mientras que la fiscalizaci\u00f3n corri\u00f3 por cuenta de Francolini Sistema.<\/p>\n\n\n\n<figure class=\"wp-block-image\"><a href=\"https:\/\/blogger.googleusercontent.com\/img\/b\/R29vZ2xl\/AVvXsEhHTUVBBaE8KHSyg6cxQDrxKCTveTjSP7WSf_66XAj_L3sbBNK82jnuDE0cpxhmvcpi7_u1XBoZrGSLts91c-NLSjAR8LAORQAq83yUxlU3wASpEqPAY6HHePg96ALfbUh5TnkcxrooG2InMduaJplWw987zmdzYgVxw3zRJwPk3XeYvUVmMjcYodeKoWo\/s1600\/ximena%20simeone.jpg\"><img decoding=\"async\" src=\"https:\/\/blogger.googleusercontent.com\/img\/b\/R29vZ2xl\/AVvXsEhHTUVBBaE8KHSyg6cxQDrxKCTveTjSP7WSf_66XAj_L3sbBNK82jnuDE0cpxhmvcpi7_u1XBoZrGSLts91c-NLSjAR8LAORQAq83yUxlU3wASpEqPAY6HHePg96ALfbUh5TnkcxrooG2InMduaJplWw987zmdzYgVxw3zRJwPk3XeYvUVmMjcYodeKoWo\/w400-h266\/ximena%20simeone.jpg\" alt=\"\"\/><\/a><\/figure>\n\n\n\n<p>M\u00e1s de 140 participantes salieron en busca de la meta.<\/p>\n\n\n\n<h3 class=\"wp-block-heading\">Podios en las Distancias&nbsp;&nbsp;<\/h3>\n\n\n\n<figure class=\"wp-block-image\"><img decoding=\"async\" src=\"https:\/\/blogger.googleusercontent.com\/img\/b\/R29vZ2xl\/AVvXsEipo9SUklhXqi5UlB9r3P8Ri5y16KcsHoRNPp702dFcd-TjebcTGmzueye_remLaS8nueTqI54ocgOgeVV2WIWUVq34xWhTn6e7nGcAKsp2U5a1WHfJYr1D4U4846rd5z2vj8oVv8apVoycDtFL3eeID9MzZg5s2xEEtoa8p0_aClNKq2wBLmLZB_jg9yo\/w400-h265\/DSC_6866%20(Copy)%20(Copy).JPG\" alt=\"\"\/><\/figure>\n\n\n\n<p><strong>5K Caballeros:<\/strong>&nbsp;El primero en cruzar la meta en la distancia de 5K fue&nbsp;<strong>Camilo Palacio<\/strong>&nbsp;de Lucas Gonz\u00e1lez. En segundo lugar lleg\u00f3&nbsp;<strong>Juan \u00abEl Galgo\u00bb Ram\u00edrez<\/strong>&nbsp;de Federal, y el podio lo complet\u00f3 el villaguayense&nbsp;<strong>Marcelo Migueles<\/strong>.<\/p>\n\n\n\n<p><a href=\"https:\/\/blogger.googleusercontent.com\/img\/b\/R29vZ2xl\/AVvXsEipo9SUklhXqi5UlB9r3P8Ri5y16KcsHoRNPp702dFcd-TjebcTGmzueye_remLaS8nueTqI54ocgOgeVV2WIWUVq34xWhTn6e7nGcAKsp2U5a1WHfJYr1D4U4846rd5z2vj8oVv8apVoycDtFL3eeID9MzZg5s2xEEtoa8p0_aClNKq2wBLmLZB_jg9yo\/s1024\/DSC_6866%20(Copy)%20(Copy).JPG\"><\/a><\/p>\n\n\n\n<figure class=\"wp-block-image\"><a href=\"https:\/\/blogger.googleusercontent.com\/img\/b\/R29vZ2xl\/AVvXsEgmC5Q5c_cfO0PiT8cDxcNwW6W7KNk8c25GLP1OslbNdApJWRLw9JOGAjiMkWeDcOXYzFQNhQmFWRvLvSTmk8-CN9NkOGyCl5o01xE9Dmc-dssVCVN4w_n27nju0YE-Z3D4p2yPiBWvGGLSKcVPv2QK-1LK6fW9C3tuUnmdaPgT9IBz9Ldp6IgYiUd1hMw\/s1024\/DSC_6853%20(Copy)%20(Copy).JPG\"><img decoding=\"async\" src=\"https:\/\/blogger.googleusercontent.com\/img\/b\/R29vZ2xl\/AVvXsEgmC5Q5c_cfO0PiT8cDxcNwW6W7KNk8c25GLP1OslbNdApJWRLw9JOGAjiMkWeDcOXYzFQNhQmFWRvLvSTmk8-CN9NkOGyCl5o01xE9Dmc-dssVCVN4w_n27nju0YE-Z3D4p2yPiBWvGGLSKcVPv2QK-1LK6fW9C3tuUnmdaPgT9IBz9Ldp6IgYiUd1hMw\/w400-h265\/DSC_6853%20(Copy)%20(Copy).JPG\" alt=\"\"\/><\/a><\/figure>\n\n\n\n<p><a href=\"https:\/\/blogger.googleusercontent.com\/img\/b\/R29vZ2xl\/AVvXsEipo9SUklhXqi5UlB9r3P8Ri5y16KcsHoRNPp702dFcd-TjebcTGmzueye_remLaS8nueTqI54ocgOgeVV2WIWUVq34xWhTn6e7nGcAKsp2U5a1WHfJYr1D4U4846rd5z2vj8oVv8apVoycDtFL3eeID9MzZg5s2xEEtoa8p0_aClNKq2wBLmLZB_jg9yo\/s1024\/DSC_6866%20(Copy)%20(Copy).JPG\"><\/a><\/p>\n\n\n\n<p><strong>5K Damas:<\/strong>&nbsp;En la rama femenina,&nbsp;<strong>Greta Victoria Rodr\u00edguez<\/strong>&nbsp;de Villa Adela domin\u00f3 la carrera de punta a punta, llegando con una holgada diferencia. El segundo puesto fue para la atleta de Crespo,&nbsp;<strong>Solange Tropini<\/strong>, y el tercer lugar para&nbsp;<strong>Ver\u00f3nica Germanier<\/strong>&nbsp;de San Jos\u00e9.<\/p>\n\n\n\n<figure class=\"wp-block-image\"><a href=\"https:\/\/blogger.googleusercontent.com\/img\/b\/R29vZ2xl\/AVvXsEj_HQsVC512hMvbUv1G6zCmqpnCbeXibZ_8sclejr8iGGBsZwA7MSnQw9EuM3HUfnA-nF4ApphJEcml46jYCirPtyKF7-5DqqkDDRJ1vh5Jv9T3kxqlLVg954sgN8W4g0XF1GZHPd6_t1I3RJVMFN1jwiqDkfuvY0E2fbaEGddOrzEPTJ2S1wlVeeW_OnA\/s1024\/DSC_6872%20(Copy)%20(Copy).JPG\"><img decoding=\"async\" src=\"https:\/\/blogger.googleusercontent.com\/img\/b\/R29vZ2xl\/AVvXsEj_HQsVC512hMvbUv1G6zCmqpnCbeXibZ_8sclejr8iGGBsZwA7MSnQw9EuM3HUfnA-nF4ApphJEcml46jYCirPtyKF7-5DqqkDDRJ1vh5Jv9T3kxqlLVg954sgN8W4g0XF1GZHPd6_t1I3RJVMFN1jwiqDkfuvY0E2fbaEGddOrzEPTJ2S1wlVeeW_OnA\/w400-h265\/DSC_6872%20(Copy)%20(Copy).JPG\" alt=\"\"\/><\/a><\/figure>\n\n\n\n<p><strong>10K Caballeros:<\/strong>&nbsp;En la distancia de 10K,&nbsp;<strong>Bruno Colombo<\/strong>&nbsp;de Concordia, representante del team Deportes Villa Adela, obtuvo la victoria de punta a punta, sacando una considerable ventaja. El segundo lugar fue para el concordiense&nbsp;<strong>Walter Moreira<\/strong>, y el tercer puesto para&nbsp;<strong>Daniel Bernigoud<\/strong>&nbsp;de Gualeguay.<\/p>\n\n\n\n<figure class=\"wp-block-image\"><a href=\"https:\/\/blogger.googleusercontent.com\/img\/b\/R29vZ2xl\/AVvXsEi7G14be8wHzP59lYVCIqCt0nlDxZNs9Qif6t_Lw3oxSjAxve4Z9gmxE2Nr2_PImJfzc5wySSi9vE0vqVUBrO1N9E2WTlmmXrOT2SkJPxAjbPb5GieiIvuzY4UPhrYng2VOZOhRh8CwwPpGF9YyeolwLdW6OI_ZzwwhRzuPwPZ06kKnFw3DYYEOmXm-7J4\/s1024\/DSC_6862%20(Copy)%20(Copy).JPG\"><img decoding=\"async\" src=\"https:\/\/blogger.googleusercontent.com\/img\/b\/R29vZ2xl\/AVvXsEi7G14be8wHzP59lYVCIqCt0nlDxZNs9Qif6t_Lw3oxSjAxve4Z9gmxE2Nr2_PImJfzc5wySSi9vE0vqVUBrO1N9E2WTlmmXrOT2SkJPxAjbPb5GieiIvuzY4UPhrYng2VOZOhRh8CwwPpGF9YyeolwLdW6OI_ZzwwhRzuPwPZ06kKnFw3DYYEOmXm-7J4\/w400-h265\/DSC_6862%20(Copy)%20(Copy).JPG\" alt=\"\"\/><\/a><\/figure>\n\n\n\n<p><strong>10K Damas:<\/strong>&nbsp;La ganadora de los 10K en damas fue&nbsp;<strong>Ximena Simeone<\/strong>&nbsp;de Puerto Yerua, tambi\u00e9n integrante del team Deportes Villa Adela. El segundo puesto fue para&nbsp;<strong>Johana Falc\u00f3n<\/strong>&nbsp;de San Salvador, otra atleta que siempre representa al mismo equipo, y completando el podio en tercer lugar,&nbsp;<strong>Leticia Barreiro<\/strong>&nbsp;de Urdinarrain.<\/p>\n\n\n\n<h3 class=\"wp-block-heading\">Una Fiesta del Atletismo Callejero<\/h3>\n\n\n\n<p>La carrera fue organizada de manera impecable por el municipio local, con todo el apoyo de la direcci\u00f3n de deportes. Desde Deportes Villa Adela, expresaron su agradecimiento por la confianza brindada para la cobertura period\u00edstica y fotogr\u00e1fica, y ya anticipan la edici\u00f3n de 2026.<\/p>\n\n\n\n<figure class=\"wp-block-image\"><a href=\"https:\/\/blogger.googleusercontent.com\/img\/b\/R29vZ2xl\/AVvXsEgPq8152qq1tdRnHYwMqjKnZrKJjklvSuL9-t-tem-aGn6rLSgfz_WeTt1E5oZOsXqQtaxDVIWYcbrqIvaN3pc_7EJKTSy1u4mviAeInqDOUsxNOQjPOwjjKb6MzS0-h7zDj4RflRT1e19ydCg_EBymBL7U1lja23zTWk6oFGQWKe0WAMhJwn8FFtzPc34\/s1024\/DSC_6570%20(Copy)%20(Copy).JPG\"><img decoding=\"async\" src=\"https:\/\/blogger.googleusercontent.com\/img\/b\/R29vZ2xl\/AVvXsEgPq8152qq1tdRnHYwMqjKnZrKJjklvSuL9-t-tem-aGn6rLSgfz_WeTt1E5oZOsXqQtaxDVIWYcbrqIvaN3pc_7EJKTSy1u4mviAeInqDOUsxNOQjPOwjjKb6MzS0-h7zDj4RflRT1e19ydCg_EBymBL7U1lja23zTWk6oFGQWKe0WAMhJwn8FFtzPc34\/w400-h265\/DSC_6570%20(Copy)%20(Copy).JPG\" alt=\"\"\/><\/a><\/figure>\n\n\n\n<p>Se felicita especialmente a todos los corredores que representaron al team Deportes Villa Adela en esta jornada: Andrea de la Bruna, Rosa Monz\u00f3n, Juan Monz\u00f3n, Ximena Simeone, Greta Victoria Rodr\u00edguez, y Bruno Colombo.<\/p>\n\n\n\n<h3 class=\"wp-block-heading\">Resultados Generales<\/h3>\n\n\n\n<p><strong>5K Damas:<\/strong><\/p>\n\n\n\n<ol start=\"1\" class=\"wp-block-list\">\n<li><strong>Greta Victoria Rodr\u00edguez &#8211; Villa Adela<\/strong><\/li>\n\n\n\n<li><strong>Solange Tropini &#8211; Crespo<\/strong><\/li>\n\n\n\n<li><strong>Ver\u00f3nica Germanier \u2013 San Jos\u00e9<\/strong><\/li>\n<\/ol>\n\n\n\n<p><strong>5K Caballeros:<\/strong><\/p>\n\n\n\n<ol start=\"1\" class=\"wp-block-list\">\n<li><strong>Camilo Palacio \u2013 Lucas Gonz\u00e1lez<\/strong><\/li>\n\n\n\n<li><strong>Juan Ram\u00edrez &#8211; Federal<\/strong><\/li>\n\n\n\n<li><strong>Marcelo Migueles &#8211; Villaguay<\/strong><\/li>\n<\/ol>\n\n\n\n<p><strong>10K Damas:<\/strong><\/p>\n\n\n\n<ol start=\"1\" class=\"wp-block-list\">\n<li><strong>Ximena Simeone \u2013 Puerto Yerua- 36:49<\/strong><\/li>\n\n\n\n<li><strong>Johana Falc\u00f3n \u2013 San Salvador -40:20<\/strong><\/li>\n\n\n\n<li><strong>Leticia Barreiro \u2013 Urdinarrain- 42:11<\/strong><\/li>\n<\/ol>\n\n\n\n<p><strong>10K Caballeros:<\/strong><\/p>\n\n\n\n<ol start=\"1\" class=\"wp-block-list\">\n<li><strong>Bruno Colombo \u2013 Concordia &#8211; 31:14<\/strong><\/li>\n\n\n\n<li><strong>Walter Moreira \u2013 Concordia- 33:19<\/strong><\/li>\n\n\n\n<li><strong>Daniel Bernigoud \u2013 Gualeguay-\u00a0<\/strong><\/li>\n<\/ol>\n\n\n\n<p><strong>Fotos:<\/strong>&nbsp;Rom\u00e1n Rodr\u00edguez y Enrique Rodr\u00edguez<\/p>\n","protected":false},"excerpt":{"rendered":"<p>Este domingo 3 de agosto, la pintoresca ciudad de Santa Anita, en el Departamento Concepci\u00f3n&#8230;<\/p>\n","protected":false},"author":2,"featured_media":3965,"comment_status":"open","ping_status":"open","sticky":false,"template":"","format":"standard","meta":{"footnotes":""},"categories":[5],"tags":[],"class_list":["post-3964","post","type-post","status-publish","format-standard","has-post-thumbnail","hentry","category-atletismo"],"featured_image_urls":{"full":["https:\/\/deportodos.com.ar\/2023\/wp-content\/uploads\/2025\/08\/IMG-20250804-WA0107.jpg",821,540,false],"thumbnail":["https:\/\/deportodos.com.ar\/2023\/wp-content\/uploads\/2025\/08\/IMG-20250804-WA0107-150x150.jpg",150,150,true],"medium":["https:\/\/deportodos.com.ar\/2023\/wp-content\/uploads\/2025\/08\/IMG-20250804-WA0107-300x197.jpg",300,197,true],"medium_large":["https:\/\/deportodos.com.ar\/2023\/wp-content\/uploads\/2025\/08\/IMG-20250804-WA0107-768x505.jpg",640,421,true],"large":["https:\/\/deportodos.com.ar\/2023\/wp-content\/uploads\/2025\/08\/IMG-20250804-WA0107.jpg",640,421,false],"1536x1536":["https:\/\/deportodos.com.ar\/2023\/wp-content\/uploads\/2025\/08\/IMG-20250804-WA0107.jpg",821,540,false],"2048x2048":["https:\/\/deportodos.com.ar\/2023\/wp-content\/uploads\/2025\/08\/IMG-20250804-WA0107.jpg",821,540,false],"covernews-featured":["https:\/\/deportodos.com.ar\/2023\/wp-content\/uploads\/2025\/08\/IMG-20250804-WA0107.jpg",821,540,false],"covernews-medium":["https:\/\/deportodos.com.ar\/2023\/wp-content\/uploads\/2025\/08\/IMG-20250804-WA0107-540x340.jpg",540,340,true]},"author_info":{"display_name":"c2530142","author_link":"https:\/\/deportodos.com.ar\/2023\/author\/c2530142\/"},"category_info":"<a href=\"https:\/\/deportodos.com.ar\/2023\/category\/atletismo\/\" rel=\"category tag\">Atletismo<\/a>","tag_info":"Atletismo","comment_count":"0","_links":{"self":[{"href":"https:\/\/deportodos.com.ar\/2023\/wp-json\/wp\/v2\/posts\/3964","targetHints":{"allow":["GET"]}}],"collection":[{"href":"https:\/\/deportodos.com.ar\/2023\/wp-json\/wp\/v2\/posts"}],"about":[{"href":"https:\/\/deportodos.com.ar\/2023\/wp-json\/wp\/v2\/types\/post"}],"author":[{"embeddable":true,"href":"https:\/\/deportodos.com.ar\/2023\/wp-json\/wp\/v2\/users\/2"}],"replies":[{"embeddable":true,"href":"https:\/\/deportodos.com.ar\/2023\/wp-json\/wp\/v2\/comments?post=3964"}],"version-history":[{"count":1,"href":"https:\/\/deportodos.com.ar\/2023\/wp-json\/wp\/v2\/posts\/3964\/revisions"}],"predecessor-version":[{"id":3966,"href":"https:\/\/deportodos.com.ar\/2023\/wp-json\/wp\/v2\/posts\/3964\/revisions\/3966"}],"wp:featuredmedia":[{"embeddable":true,"href":"https:\/\/deportodos.com.ar\/2023\/wp-json\/wp\/v2\/media\/3965"}],"wp:attachment":[{"href":"https:\/\/deportodos.com.ar\/2023\/wp-json\/wp\/v2\/media?parent=3964"}],"wp:term":[{"taxonomy":"category","embeddable":true,"href":"https:\/\/deportodos.com.ar\/2023\/wp-json\/wp\/v2\/categories?post=3964"},{"taxonomy":"post_tag","embeddable":true,"href":"https:\/\/deportodos.com.ar\/2023\/wp-json\/wp\/v2\/tags?post=3964"}],"curies":[{"name":"wp","href":"https:\/\/api.w.org\/{rel}","templated":true}]}}