{"id":4011,"date":"2025-08-11T21:13:17","date_gmt":"2025-08-11T21:13:17","guid":{"rendered":"https:\/\/deportodos.com.ar\/2023\/?p=4011"},"modified":"2025-08-11T21:13:18","modified_gmt":"2025-08-11T21:13:18","slug":"las-dos-horas-de-legeren-una-formidable-fecha-del-lae-2025","status":"publish","type":"post","link":"https:\/\/deportodos.com.ar\/2023\/las-dos-horas-de-legeren-una-formidable-fecha-del-lae-2025\/","title":{"rendered":"LAS DOS HORAS DE LEGEREN UNA FORMIDABLE FECHA DEL LAE 2025"},"content":{"rendered":"\n<p>La quinta fecha del&nbsp;<strong>Litoral Argentino de Enduro (LAE)<\/strong>, se ejecut\u00f3 con la cl\u00e1sica&nbsp;<strong>\u201cDos horas de Legeren\u201d<\/strong>&nbsp;en inmediaciones de la ciudad de Concordia, con una de las fechas mas exigentes de la temporada, sobre un circuito desgastante en la arena y clave en los pasos de barro, que con el paso de las m\u00e1s de 150 motos presentes, m\u00e1s el tiempo de competencia por arriba de lo normal, se rompieron y mucho, a pesar de la gran cantidad de variantes en cada uno de ellos. Fundamental y decisivo para el \u00e9xito del cl\u00e1sico, fue no solo el trabajo organizativo de&nbsp;<strong>ACIMDER<\/strong>, sino tambi\u00e9n de los grupos de&nbsp;<strong>La Pe\u00f1a 114&nbsp;<\/strong>y<strong>&nbsp;Embalados<\/strong>, comprometidos al cien con el espect\u00e1culo, que fue seguido como nunca, por una enorme convocatoria de p\u00fablico. En la clase mayor, el piloto local&nbsp;<strong>Gabriel Goroztarzu (KTM Todo Motos)<\/strong>, sac\u00f3 a relucir su conocimiento del terreno, para lograr una contundente victoria, seguido por el uruguayo&nbsp;<strong>Juan Manuel Pintos (Sherco)<\/strong>&nbsp;y por el piloto de Federaci\u00f3n&nbsp;<strong>Mariano Burna (Beta)<\/strong>, qui\u00e9nes aprovecharon los inconvenientes que otros sufrieron en los pasos.<\/p>\n\n\n\n<figure class=\"wp-block-image aligncenter\"><img decoding=\"async\" src=\"http:\/\/www.mototime.com.ar\/wp-content\/uploads\/2025\/08\/a-tapa-1.jpg\" alt=\"\" class=\"wp-image-45749\"\/><\/figure>\n\n\n\n<p><a href=\"http:\/\/www.mototime.com.ar\/wp-content\/uploads\/2025\/08\/a-tapa-1.jpg\"><em>Goroztarzu volando en lo seco y en el barro para firmar un triunfo contundente en esta ocasi\u00f3n.&nbsp;<\/em><\/a><em><a href=\"http:\/\/www.mototime.com.ar\/wp-content\/uploads\/2025\/08\/a2-1.jpg\">(Foto: Sof\u00eda Galv\u00e1n)<\/a><\/em><\/p>\n\n\n\n<p>La carrera que como caracter\u00edstica principal tiene su duraci\u00f3n cercana a las dos horas, se afront\u00f3 con un gran clima todo el fin de semana, pero con la complicaci\u00f3n de los pasos de barro, donde era imperioso elegir bien las l\u00edneas y tras ello, poner toda la t\u00e9cnica y en alg\u00fan caso un buen rezo para pasar indemne, lo que sin duda le agreg\u00f3 a las dos horas, un picante especial sumado al desgaste propio del traj\u00edn normal, no dejando chances a dar por garantido un resultado, hasta recibir el banderaso final. En el resto de las categor\u00edas, los ganadores fueron, el bonaerense&nbsp;<strong>Juan Aguilar&nbsp;<\/strong>(Junior), los entrerrianos<strong>&nbsp;Luis Maiztegui&nbsp;<\/strong>(Master A),<strong>&nbsp;Pablo Brem<\/strong>&nbsp;(Master B),&nbsp;<strong>Juan Pablo Gilabert<\/strong>&nbsp;(Master C),<strong>&nbsp;Daniel Bali\u00f1o<\/strong>&nbsp;(Master D) y<strong>&nbsp;Yago Maiztegui (Principiantes)<\/strong>, los bonaerenses&nbsp;<strong>Mat\u00edas Mereles&nbsp;<\/strong>(Promocional),&nbsp;<strong>Valentino Guala&nbsp;<\/strong>(Sub-16),&nbsp;<strong>Dante Fidany&nbsp;<\/strong>(Enduro Calle Master) y<strong>&nbsp;Bautista Ricart<\/strong>&nbsp;(Enduro Calle).&nbsp;<\/p>\n\n\n\n<figure class=\"wp-block-image aligncenter\"><img decoding=\"async\" src=\"http:\/\/www.mototime.com.ar\/wp-content\/uploads\/2025\/08\/a1-1.jpg\" alt=\"\" class=\"wp-image-45750\"\/><\/figure>\n\n\n\n<p><em><a href=\"http:\/\/www.mototime.com.ar\/wp-content\/uploads\/2025\/08\/a1-1.jpg\">El circuito uno de los m\u00e1s destacados del a\u00f1o, llev\u00f3 a los pilotos por distintos pisos, pasos de alcantarillas y el tradicional cruce por dentro de la f\u00e1brica.&nbsp;<\/a><a href=\"http:\/\/www.mototime.com.ar\/wp-content\/uploads\/2025\/08\/a2-1.jpg\">(Foto: Sof\u00eda Galv\u00e1n)<\/a><\/em><\/p>\n\n\n\n<p>La popular Escuela LAE disfrut\u00f3 tambi\u00e9n de la gran fiesta armada por el tr\u00edo ACIMDER, Pe\u00f1a 114 y Embalados, aprendiendo y disfrutando en familia de los inicios en la actividad el d\u00eda S\u00e1bado. La pr\u00f3xima fecha del LAE ser\u00e1 en San Justo, Entre R\u00edos, con fecha a\u00fan a designar por la organizaci\u00f3n por sus medios oficiales.&nbsp;<\/p>\n\n\n\n<blockquote class=\"wp-block-quote is-layout-flow wp-block-quote-is-layout-flow\">\n<p>www.<\/p>\n<\/blockquote>\n","protected":false},"excerpt":{"rendered":"<p>La quinta fecha del&nbsp;Litoral Argentino de Enduro (LAE), se ejecut\u00f3 con la cl\u00e1sica&nbsp;\u201cDos horas de&#8230;<\/p>\n","protected":false},"author":2,"featured_media":4012,"comment_status":"open","ping_status":"open","sticky":false,"template":"","format":"standard","meta":{"footnotes":""},"categories":[58],"tags":[],"class_list":["post-4011","post","type-post","status-publish","format-standard","has-post-thumbnail","hentry","category-motociclismo"],"featured_image_urls":{"full":["https:\/\/deportodos.com.ar\/2023\/wp-content\/uploads\/2025\/08\/IMG-20250811-WA0059.jpg",652,433,false],"thumbnail":["https:\/\/deportodos.com.ar\/2023\/wp-content\/uploads\/2025\/08\/IMG-20250811-WA0059-150x150.jpg",150,150,true],"medium":["https:\/\/deportodos.com.ar\/2023\/wp-content\/uploads\/2025\/08\/IMG-20250811-WA0059-300x199.jpg",300,199,true],"medium_large":["https:\/\/deportodos.com.ar\/2023\/wp-content\/uploads\/2025\/08\/IMG-20250811-WA0059.jpg",640,425,false],"large":["https:\/\/deportodos.com.ar\/2023\/wp-content\/uploads\/2025\/08\/IMG-20250811-WA0059.jpg",640,425,false],"1536x1536":["https:\/\/deportodos.com.ar\/2023\/wp-content\/uploads\/2025\/08\/IMG-20250811-WA0059.jpg",652,433,false],"2048x2048":["https:\/\/deportodos.com.ar\/2023\/wp-content\/uploads\/2025\/08\/IMG-20250811-WA0059.jpg",652,433,false],"covernews-featured":["https:\/\/deportodos.com.ar\/2023\/wp-content\/uploads\/2025\/08\/IMG-20250811-WA0059.jpg",652,433,false],"covernews-medium":["https:\/\/deportodos.com.ar\/2023\/wp-content\/uploads\/2025\/08\/IMG-20250811-WA0059-540x340.jpg",540,340,true]},"author_info":{"display_name":"c2530142","author_link":"https:\/\/deportodos.com.ar\/2023\/author\/c2530142\/"},"category_info":"<a href=\"https:\/\/deportodos.com.ar\/2023\/category\/motociclismo\/\" rel=\"category tag\">Motociclismo<\/a>","tag_info":"Motociclismo","comment_count":"0","_links":{"self":[{"href":"https:\/\/deportodos.com.ar\/2023\/wp-json\/wp\/v2\/posts\/4011","targetHints":{"allow":["GET"]}}],"collection":[{"href":"https:\/\/deportodos.com.ar\/2023\/wp-json\/wp\/v2\/posts"}],"about":[{"href":"https:\/\/deportodos.com.ar\/2023\/wp-json\/wp\/v2\/types\/post"}],"author":[{"embeddable":true,"href":"https:\/\/deportodos.com.ar\/2023\/wp-json\/wp\/v2\/users\/2"}],"replies":[{"embeddable":true,"href":"https:\/\/deportodos.com.ar\/2023\/wp-json\/wp\/v2\/comments?post=4011"}],"version-history":[{"count":1,"href":"https:\/\/deportodos.com.ar\/2023\/wp-json\/wp\/v2\/posts\/4011\/revisions"}],"predecessor-version":[{"id":4013,"href":"https:\/\/deportodos.com.ar\/2023\/wp-json\/wp\/v2\/posts\/4011\/revisions\/4013"}],"wp:featuredmedia":[{"embeddable":true,"href":"https:\/\/deportodos.com.ar\/2023\/wp-json\/wp\/v2\/media\/4012"}],"wp:attachment":[{"href":"https:\/\/deportodos.com.ar\/2023\/wp-json\/wp\/v2\/media?parent=4011"}],"wp:term":[{"taxonomy":"category","embeddable":true,"href":"https:\/\/deportodos.com.ar\/2023\/wp-json\/wp\/v2\/categories?post=4011"},{"taxonomy":"post_tag","embeddable":true,"href":"https:\/\/deportodos.com.ar\/2023\/wp-json\/wp\/v2\/tags?post=4011"}],"curies":[{"name":"wp","href":"https:\/\/api.w.org\/{rel}","templated":true}]}}