{"id":4041,"date":"2025-08-14T17:35:42","date_gmt":"2025-08-14T17:35:42","guid":{"rendered":"https:\/\/deportodos.com.ar\/2023\/?p=4041"},"modified":"2025-08-14T17:35:44","modified_gmt":"2025-08-14T17:35:44","slug":"grand-prix-caminos-del-palacio","status":"publish","type":"post","link":"https:\/\/deportodos.com.ar\/2023\/grand-prix-caminos-del-palacio\/","title":{"rendered":"GRAND PRIX \u00abCAMINOS DEL PALACIO\u00bb"},"content":{"rendered":"\n<p>Domingo 17 de agosto en Pronunciamiento, Entre Rios, se viene la cuarta etapa de un imperdible!!!!<br>El Grand Prix \u201cCAMINOS DEL PALACIO \u201c. Evento que re\u00fane un circuito de running y otro de MTB, paisajes incre\u00edbles, caminos llenos de historia, viejas estancias y un hilo com\u00fan, el legado de Urquiza.<br>TE LO VAS A PERDER!!!!<\/p>\n\n\n\n<p><a href=\"https:\/\/www.cronofrancolini.com.ar\/caminodelpalacio.html\">https:\/\/www.cronofrancolini.com.ar\/caminodelpalacio.html<\/a><\/p>\n\n\n\n<p>Inscripci\u00f3n online &#x1f446;&#x1f446;<\/p>\n","protected":false},"excerpt":{"rendered":"<p>Domingo 17 de agosto en Pronunciamiento, Entre Rios, se viene la cuarta etapa de un&#8230;<\/p>\n","protected":false},"author":2,"featured_media":4042,"comment_status":"open","ping_status":"open","sticky":false,"template":"","format":"standard","meta":{"footnotes":""},"categories":[37],"tags":[],"class_list":["post-4041","post","type-post","status-publish","format-standard","has-post-thumbnail","hentry","category-mountain-bike"],"featured_image_urls":{"full":["https:\/\/deportodos.com.ar\/2023\/wp-content\/uploads\/2025\/08\/FB_IMG_1755192812168.jpg",1080,824,false],"thumbnail":["https:\/\/deportodos.com.ar\/2023\/wp-content\/uploads\/2025\/08\/FB_IMG_1755192812168-150x150.jpg",150,150,true],"medium":["https:\/\/deportodos.com.ar\/2023\/wp-content\/uploads\/2025\/08\/FB_IMG_1755192812168-300x229.jpg",300,229,true],"medium_large":["https:\/\/deportodos.com.ar\/2023\/wp-content\/uploads\/2025\/08\/FB_IMG_1755192812168-768x586.jpg",640,488,true],"large":["https:\/\/deportodos.com.ar\/2023\/wp-content\/uploads\/2025\/08\/FB_IMG_1755192812168-1024x781.jpg",640,488,true],"1536x1536":["https:\/\/deportodos.com.ar\/2023\/wp-content\/uploads\/2025\/08\/FB_IMG_1755192812168.jpg",1080,824,false],"2048x2048":["https:\/\/deportodos.com.ar\/2023\/wp-content\/uploads\/2025\/08\/FB_IMG_1755192812168.jpg",1080,824,false],"covernews-featured":["https:\/\/deportodos.com.ar\/2023\/wp-content\/uploads\/2025\/08\/FB_IMG_1755192812168-1024x781.jpg",1024,781,true],"covernews-medium":["https:\/\/deportodos.com.ar\/2023\/wp-content\/uploads\/2025\/08\/FB_IMG_1755192812168-540x340.jpg",540,340,true]},"author_info":{"display_name":"c2530142","author_link":"https:\/\/deportodos.com.ar\/2023\/author\/c2530142\/"},"category_info":"<a href=\"https:\/\/deportodos.com.ar\/2023\/category\/mountain-bike\/\" rel=\"category tag\">Mountain Bike<\/a>","tag_info":"Mountain Bike","comment_count":"0","_links":{"self":[{"href":"https:\/\/deportodos.com.ar\/2023\/wp-json\/wp\/v2\/posts\/4041","targetHints":{"allow":["GET"]}}],"collection":[{"href":"https:\/\/deportodos.com.ar\/2023\/wp-json\/wp\/v2\/posts"}],"about":[{"href":"https:\/\/deportodos.com.ar\/2023\/wp-json\/wp\/v2\/types\/post"}],"author":[{"embeddable":true,"href":"https:\/\/deportodos.com.ar\/2023\/wp-json\/wp\/v2\/users\/2"}],"replies":[{"embeddable":true,"href":"https:\/\/deportodos.com.ar\/2023\/wp-json\/wp\/v2\/comments?post=4041"}],"version-history":[{"count":1,"href":"https:\/\/deportodos.com.ar\/2023\/wp-json\/wp\/v2\/posts\/4041\/revisions"}],"predecessor-version":[{"id":4043,"href":"https:\/\/deportodos.com.ar\/2023\/wp-json\/wp\/v2\/posts\/4041\/revisions\/4043"}],"wp:featuredmedia":[{"embeddable":true,"href":"https:\/\/deportodos.com.ar\/2023\/wp-json\/wp\/v2\/media\/4042"}],"wp:attachment":[{"href":"https:\/\/deportodos.com.ar\/2023\/wp-json\/wp\/v2\/media?parent=4041"}],"wp:term":[{"taxonomy":"category","embeddable":true,"href":"https:\/\/deportodos.com.ar\/2023\/wp-json\/wp\/v2\/categories?post=4041"},{"taxonomy":"post_tag","embeddable":true,"href":"https:\/\/deportodos.com.ar\/2023\/wp-json\/wp\/v2\/tags?post=4041"}],"curies":[{"name":"wp","href":"https:\/\/api.w.org\/{rel}","templated":true}]}}