{"id":4088,"date":"2025-08-21T15:42:58","date_gmt":"2025-08-21T15:42:58","guid":{"rendered":"https:\/\/deportodos.com.ar\/2023\/?p=4088"},"modified":"2025-08-21T15:42:59","modified_gmt":"2025-08-21T15:42:59","slug":"este-domingo-se-corre-la-3-fecha-del-campeonato-concordiense-de-mtb","status":"publish","type":"post","link":"https:\/\/deportodos.com.ar\/2023\/este-domingo-se-corre-la-3-fecha-del-campeonato-concordiense-de-mtb\/","title":{"rendered":"ESTE DOMINGO SE CORRE LA 3\u00b0 FECHA DEL CAMPEONATO CONCORDIENSE DE MTB"},"content":{"rendered":"\n<p>Este domingo 24 se correr\u00e1 en Puerto Yeru\u00e1 con la 3\u00b0 ronda del Campeonato Concordiense de MTB.<\/p>\n\n\n\n<p>La prueba, que cuenta con la organizaci\u00f3n de la Asociaci\u00f3n Concordiense Amigos del MTB, se iniciar\u00e1 a las 10 horas sobre un circuito de 12,5 kil\u00f3metros que cuenta con varias subidas y bajadas sobre caminos rurales, alternando con sectores de senderos y selva en galer\u00edas.<\/p>\n\n\n\n<p>Para la ocasi\u00f3n, las categor\u00edas Elite, Sub 23, M\u00e1ster A, B y C emplear\u00e1n cuatro vueltas al trazado, en cuanto a Juveniles, M\u00e1ster D y Promocionales lo har\u00e1n en tres oportunidades, todas las categor\u00edas de Damas, Principiantes y M\u00e1ster E realizar\u00e1n dos vueltas, mientras que Menores con una sola vuelta.<\/p>\n\n\n\n<p>Desde la organizaci\u00f3n trabajan en los aspectos generales de la carrera, de hecho, este jueves realizar\u00e1n una recorrida al circuito para comprobar c\u00f3mo impact\u00f3 la gran lluvia ca\u00edda en los \u00faltimos d\u00edas. Al mismo tiempo, se estar\u00e1 a la espera de las lluvias que podr\u00edan caer el viernes \u2013y con qu\u00e9 cantidades\u2013 ante un potencial cambio de recorrido, como de una posible postergaci\u00f3n de la fecha.<\/p>\n\n\n\n<p>Para los bikers siguen las inscripciones habilitadas, a trav\u00e9s de la web: www.encarrera.com.ar\/mtb All\u00ed cada competidor deber\u00e1 diferenciar en qu\u00e9 competencia participar\u00e1. Las inscripciones estar\u00e1n habilitadas hasta el viernes pr\u00f3ximo al mediod\u00eda.<\/p>\n","protected":false},"excerpt":{"rendered":"<p>Este domingo 24 se correr\u00e1 en Puerto Yeru\u00e1 con la 3\u00b0 ronda del Campeonato Concordiense&#8230;<\/p>\n","protected":false},"author":2,"featured_media":4089,"comment_status":"open","ping_status":"open","sticky":false,"template":"","format":"standard","meta":{"footnotes":""},"categories":[37],"tags":[],"class_list":["post-4088","post","type-post","status-publish","format-standard","has-post-thumbnail","hentry","category-mountain-bike"],"featured_image_urls":{"full":["https:\/\/deportodos.com.ar\/2023\/wp-content\/uploads\/2025\/08\/FB_IMG_1755790948715.jpg",1600,900,false],"thumbnail":["https:\/\/deportodos.com.ar\/2023\/wp-content\/uploads\/2025\/08\/FB_IMG_1755790948715-150x150.jpg",150,150,true],"medium":["https:\/\/deportodos.com.ar\/2023\/wp-content\/uploads\/2025\/08\/FB_IMG_1755790948715-300x169.jpg",300,169,true],"medium_large":["https:\/\/deportodos.com.ar\/2023\/wp-content\/uploads\/2025\/08\/FB_IMG_1755790948715-768x432.jpg",640,360,true],"large":["https:\/\/deportodos.com.ar\/2023\/wp-content\/uploads\/2025\/08\/FB_IMG_1755790948715-1024x576.jpg",640,360,true],"1536x1536":["https:\/\/deportodos.com.ar\/2023\/wp-content\/uploads\/2025\/08\/FB_IMG_1755790948715-1536x864.jpg",1536,864,true],"2048x2048":["https:\/\/deportodos.com.ar\/2023\/wp-content\/uploads\/2025\/08\/FB_IMG_1755790948715.jpg",1600,900,false],"covernews-featured":["https:\/\/deportodos.com.ar\/2023\/wp-content\/uploads\/2025\/08\/FB_IMG_1755790948715-1024x576.jpg",1024,576,true],"covernews-medium":["https:\/\/deportodos.com.ar\/2023\/wp-content\/uploads\/2025\/08\/FB_IMG_1755790948715-540x340.jpg",540,340,true]},"author_info":{"display_name":"c2530142","author_link":"https:\/\/deportodos.com.ar\/2023\/author\/c2530142\/"},"category_info":"<a href=\"https:\/\/deportodos.com.ar\/2023\/category\/mountain-bike\/\" rel=\"category tag\">Mountain Bike<\/a>","tag_info":"Mountain Bike","comment_count":"0","_links":{"self":[{"href":"https:\/\/deportodos.com.ar\/2023\/wp-json\/wp\/v2\/posts\/4088","targetHints":{"allow":["GET"]}}],"collection":[{"href":"https:\/\/deportodos.com.ar\/2023\/wp-json\/wp\/v2\/posts"}],"about":[{"href":"https:\/\/deportodos.com.ar\/2023\/wp-json\/wp\/v2\/types\/post"}],"author":[{"embeddable":true,"href":"https:\/\/deportodos.com.ar\/2023\/wp-json\/wp\/v2\/users\/2"}],"replies":[{"embeddable":true,"href":"https:\/\/deportodos.com.ar\/2023\/wp-json\/wp\/v2\/comments?post=4088"}],"version-history":[{"count":1,"href":"https:\/\/deportodos.com.ar\/2023\/wp-json\/wp\/v2\/posts\/4088\/revisions"}],"predecessor-version":[{"id":4090,"href":"https:\/\/deportodos.com.ar\/2023\/wp-json\/wp\/v2\/posts\/4088\/revisions\/4090"}],"wp:featuredmedia":[{"embeddable":true,"href":"https:\/\/deportodos.com.ar\/2023\/wp-json\/wp\/v2\/media\/4089"}],"wp:attachment":[{"href":"https:\/\/deportodos.com.ar\/2023\/wp-json\/wp\/v2\/media?parent=4088"}],"wp:term":[{"taxonomy":"category","embeddable":true,"href":"https:\/\/deportodos.com.ar\/2023\/wp-json\/wp\/v2\/categories?post=4088"},{"taxonomy":"post_tag","embeddable":true,"href":"https:\/\/deportodos.com.ar\/2023\/wp-json\/wp\/v2\/tags?post=4088"}],"curies":[{"name":"wp","href":"https:\/\/api.w.org\/{rel}","templated":true}]}}