{"id":4097,"date":"2025-08-24T13:34:22","date_gmt":"2025-08-24T13:34:22","guid":{"rendered":"https:\/\/deportodos.com.ar\/2023\/?p=4097"},"modified":"2025-08-24T13:34:23","modified_gmt":"2025-08-24T13:34:23","slug":"duatlon-jeep-2","status":"publish","type":"post","link":"https:\/\/deportodos.com.ar\/2023\/duatlon-jeep-2\/","title":{"rendered":"DUATL\u00d3N JEEP"},"content":{"rendered":"\n<p>En una jornada hist\u00f3rica para nuestro Aut\u00f3dromo en una actividad que no fue precisamente de automovilismo se logr\u00f3 una convocatoria de 250 corredores en tres actividades que incluyo el duatl\u00f3n infantil y de mayores con 140 duatletas, y 110 corredores de lo que fue la prueba pedestre de 5k, en una tarde a pleno sol y con much\u00edsimo p\u00fablico presente como pocas veces se ha visto para estas actividades.<\/p>\n\n\n\n<p> En lo referido al DUATLON se trat\u00f3 de la quinta fecha del Circuito Provincial de Duatl\u00f3n Jeep que nuevamente fue ganada por el uruguayo Mat\u00edas G\u00f3mez en una soberbia carrera y aventajando por casi un minuto a su coterr\u00e1neo de Tacuaremb\u00f3 Nahuel Soares de Lima de gran carrera y por primera vez en este circuito. Tercero arrib\u00f3 el concordiense Eduardo Pelichero que dio pelea a los uruguayos.<br>En damas tremenda carrera de la concordiense Ana Maria Brunini que se impuso de gran manera y se perfila a obtener el campeonato. Segunda fue Natalia Becker de Paysand\u00fa y tercera Teresita Zolezzi de Goya.<br> Y en los 5 K se dio una carrera de gran nivel con pr\u00e1cticamente los mejores atletas de la zona que se hicieron presentes en esta primera experiencia atl\u00e9tica en el aut\u00f3dromo.<br>Aprovechando su gran momento Bruno Medina Colombo se impuso con un tiempo de 15m 21s y un promedio de 3.04 el km. Y prueba del gran nivel es el hecho de que los tres que escoltaron a Bruno tambi\u00e9n estuvieron dentro de los 15 minutos de carrera y fueron Isaias Zacur, Silvio Altamirano y Nahuel Aguirre en ese orden.<br>Y en damas soberbia actuaci\u00f3n de Ximena Simeone que con 18m. 05s. logr\u00f3 el triunfo aventajando a Lorena Luchini y Ana Isabel Luna<\/p>\n\n\n\n<p><br>Una jornada, hist\u00f3rica, un escenario \u00fanico, una organizaci\u00f3n a la altura de grandes espect\u00e1culos, y hoy con tres actividades muy sincronizadas entre si.<br>Y seguramente una de las grandes alegr\u00edas de esta memorable jornada la dieron los casi 50 chicos de las categor\u00edas infantiles que fueron realmente el deleite del p\u00fablico y la previa de todo lo lindo que vendr\u00eda despu\u00e9s.<br>La A.C.P.C. brill\u00f3 nuevamente, los que faltaron a la fiesta realmente se la perdieron.<\/p>\n\n\n\n<p>Resultados:<\/p>\n\n\n\n<p><a href=\"https:\/\/drive.google.com\/file\/d\/1VXuYxjyYQMf7jqcrLYoMLo274I3dfkLN\/view?fbclid=IwQ0xDSwMX8-BjbGNrAxfz1GV4dG4DYWVtAjExAAEeATX-Uv-8dVa-NkWUWB9k_yHw3GXSP4Kw5EGfb_Hz6E70q_SFiyln_MfUDdU_aem_dYm5X_l5WWv1em4BVIMoiA\">https:\/\/drive.google.com\/file\/d\/1VXuYxjyYQMf7jqcrLYoMLo274I3dfkLN\/view?fbclid=IwQ0xDSwMX8-BjbGNrAxfz1GV4dG4DYWVtAjExAAEeATX-Uv-8dVa-NkWUWB9k_yHw3GXSP4Kw5EGfb_Hz6E70q_SFiyln_MfUDdU_aem_dYm5X_l5WWv1em4BVIMoiA<\/a><\/p>\n","protected":false},"excerpt":{"rendered":"<p>En una jornada hist\u00f3rica para nuestro Aut\u00f3dromo en una actividad que no fue precisamente de&#8230;<\/p>\n","protected":false},"author":2,"featured_media":4098,"comment_status":"open","ping_status":"open","sticky":false,"template":"","format":"standard","meta":{"footnotes":""},"categories":[18],"tags":[],"class_list":["post-4097","post","type-post","status-publish","format-standard","has-post-thumbnail","hentry","category-duatlon"],"featured_image_urls":{"full":["https:\/\/deportodos.com.ar\/2023\/wp-content\/uploads\/2025\/08\/FB_IMG_1756042436533.jpg",854,1280,false],"thumbnail":["https:\/\/deportodos.com.ar\/2023\/wp-content\/uploads\/2025\/08\/FB_IMG_1756042436533-150x150.jpg",150,150,true],"medium":["https:\/\/deportodos.com.ar\/2023\/wp-content\/uploads\/2025\/08\/FB_IMG_1756042436533-200x300.jpg",200,300,true],"medium_large":["https:\/\/deportodos.com.ar\/2023\/wp-content\/uploads\/2025\/08\/FB_IMG_1756042436533-768x1151.jpg",640,959,true],"large":["https:\/\/deportodos.com.ar\/2023\/wp-content\/uploads\/2025\/08\/FB_IMG_1756042436533-683x1024.jpg",640,960,true],"1536x1536":["https:\/\/deportodos.com.ar\/2023\/wp-content\/uploads\/2025\/08\/FB_IMG_1756042436533.jpg",854,1280,false],"2048x2048":["https:\/\/deportodos.com.ar\/2023\/wp-content\/uploads\/2025\/08\/FB_IMG_1756042436533.jpg",854,1280,false],"covernews-featured":["https:\/\/deportodos.com.ar\/2023\/wp-content\/uploads\/2025\/08\/FB_IMG_1756042436533.jpg",854,1280,false],"covernews-medium":["https:\/\/deportodos.com.ar\/2023\/wp-content\/uploads\/2025\/08\/FB_IMG_1756042436533-540x340.jpg",540,340,true]},"author_info":{"display_name":"c2530142","author_link":"https:\/\/deportodos.com.ar\/2023\/author\/c2530142\/"},"category_info":"<a href=\"https:\/\/deportodos.com.ar\/2023\/category\/duatlon\/\" rel=\"category tag\">Duatlon<\/a>","tag_info":"Duatlon","comment_count":"0","_links":{"self":[{"href":"https:\/\/deportodos.com.ar\/2023\/wp-json\/wp\/v2\/posts\/4097","targetHints":{"allow":["GET"]}}],"collection":[{"href":"https:\/\/deportodos.com.ar\/2023\/wp-json\/wp\/v2\/posts"}],"about":[{"href":"https:\/\/deportodos.com.ar\/2023\/wp-json\/wp\/v2\/types\/post"}],"author":[{"embeddable":true,"href":"https:\/\/deportodos.com.ar\/2023\/wp-json\/wp\/v2\/users\/2"}],"replies":[{"embeddable":true,"href":"https:\/\/deportodos.com.ar\/2023\/wp-json\/wp\/v2\/comments?post=4097"}],"version-history":[{"count":1,"href":"https:\/\/deportodos.com.ar\/2023\/wp-json\/wp\/v2\/posts\/4097\/revisions"}],"predecessor-version":[{"id":4099,"href":"https:\/\/deportodos.com.ar\/2023\/wp-json\/wp\/v2\/posts\/4097\/revisions\/4099"}],"wp:featuredmedia":[{"embeddable":true,"href":"https:\/\/deportodos.com.ar\/2023\/wp-json\/wp\/v2\/media\/4098"}],"wp:attachment":[{"href":"https:\/\/deportodos.com.ar\/2023\/wp-json\/wp\/v2\/media?parent=4097"}],"wp:term":[{"taxonomy":"category","embeddable":true,"href":"https:\/\/deportodos.com.ar\/2023\/wp-json\/wp\/v2\/categories?post=4097"},{"taxonomy":"post_tag","embeddable":true,"href":"https:\/\/deportodos.com.ar\/2023\/wp-json\/wp\/v2\/tags?post=4097"}],"curies":[{"name":"wp","href":"https:\/\/api.w.org\/{rel}","templated":true}]}}