{"id":4100,"date":"2025-08-24T17:02:39","date_gmt":"2025-08-24T17:02:39","guid":{"rendered":"https:\/\/deportodos.com.ar\/2023\/?p=4100"},"modified":"2025-08-26T13:49:17","modified_gmt":"2025-08-26T13:49:17","slug":"walter-moreira-y-greta-rodriguez-triunfa-en-el-exigente-cross-aventura-cuatro-pueblos-en-la-criolla","status":"publish","type":"post","link":"https:\/\/deportodos.com.ar\/2023\/walter-moreira-y-greta-rodriguez-triunfa-en-el-exigente-cross-aventura-cuatro-pueblos-en-la-criolla\/","title":{"rendered":"WALTER MOREIRA Y GRETA RODR\u00cdGUEZ TRIUNFARON EN EL EXIGENTE CROSS AVENTURA CUATRO PUEBLOS EN LA CRIOLLA"},"content":{"rendered":"\n<p>En una tarde soleada pero con mucho viento, este s\u00e1bado 23 de agosto a las 14:30 en la ciudad de La Criolla fue sede de la&nbsp;<strong>tercera fecha del Cross Aventura Cuatro Pueblos<\/strong>. Organizada por la direcci\u00f3n de deportes local, la competencia atrajo a m\u00e1s de 200 atletas de diferentes puntos de la provincia de Entre R\u00edos.<\/p>\n\n\n\n<figure class=\"wp-block-image\"><a href=\"https:\/\/blogger.googleusercontent.com\/img\/b\/R29vZ2xl\/AVvXsEiFVI1kAcY6mUEW8F8oRj4KSrWmyxT-6H1GgDXs72TZtGylTWSVObBljDdvODzvEEMh3HirK-rKxonRUYwJX792e12PX52nAU1Ql20LpQON0gv2E_MuDj9_rpvpCUhUEO7WdqN9lcVeUG9KSRmweyXifuiR16qYpOvenW3zo_myDzN5ztdDr_7Z8yqiwnk\/s3268\/DSC_8388.JPG\"><img decoding=\"async\" src=\"https:\/\/blogger.googleusercontent.com\/img\/b\/R29vZ2xl\/AVvXsEiFVI1kAcY6mUEW8F8oRj4KSrWmyxT-6H1GgDXs72TZtGylTWSVObBljDdvODzvEEMh3HirK-rKxonRUYwJX792e12PX52nAU1Ql20LpQON0gv2E_MuDj9_rpvpCUhUEO7WdqN9lcVeUG9KSRmweyXifuiR16qYpOvenW3zo_myDzN5ztdDr_7Z8yqiwnk\/w400-h266\/DSC_8388.JPG\" alt=\"\"\/><\/a><\/figure>\n\n\n\n<p>Los corredores se enfrentaron a un circuito de&nbsp;<strong>5 y 10 km<\/strong>, calificado por los participantes como el m\u00e1s exigente de las tres fechas, con desafiantes bajadas, tramos con barro y cruces de arroyo con arena.<br><strong>Resultados de la Competencia<\/strong><\/p>\n\n\n\n<h3 class=\"wp-block-heading\"><a href=\"https:\/\/blogger.googleusercontent.com\/img\/b\/R29vZ2xl\/AVvXsEgL9bgtI1Ylc-NlC3AuIIQ9jV43FSTcTm-0WsV2lL5k9J5vVfcWUVJCZIl2Jz7Qzj81El454Wn78VsYePTPqvDAPnHIARs89X3Q9ugVBECLkuWtep5oIFi8m8OZMY6rtThVi60PLq9Wrcg8e-eerh7BN3YMG4qO7WBOBZ_HHoX4QYBWr1oB7KCFL3g_uL0\/s4149\/DSC_8545.JPG\"><\/a><\/h3>\n\n\n\n<p>En la distancia de&nbsp;<strong>5 km<\/strong>,&nbsp;<strong>Ismael Romero<\/strong>&nbsp;fue el primero en cruzar la meta en la rama masculina con un tiempo de&nbsp;<strong>22:14<\/strong>. En la categor\u00eda femenina, la ganadora fue&nbsp;<strong>Yamila Sanabria<\/strong>&nbsp;con un registro de&nbsp;<strong>26:55<\/strong>.<\/p>\n\n\n\n<figure class=\"wp-block-image\"><a href=\"https:\/\/blogger.googleusercontent.com\/img\/b\/R29vZ2xl\/AVvXsEg8bPcTmnL9vTCY8S3RsibV0rHfL6eWaFiYBuQXdkPlwMn5r9C3yLBw7bge6HN58cR9DKUodVoM9gIEOqNFsTkzRCoCz7_3kvu6My2FXS_FkUF_LXC7-ZIL3DHJ5nPe2-4XGh1B_I9wTAqgxzuOE-NatQjsIQCHgbzdwAc10c8U9wdlKdphErI1GOGWoXg\/s4210\/DSC_8596.JPG\"><img decoding=\"async\" src=\"https:\/\/blogger.googleusercontent.com\/img\/b\/R29vZ2xl\/AVvXsEg8bPcTmnL9vTCY8S3RsibV0rHfL6eWaFiYBuQXdkPlwMn5r9C3yLBw7bge6HN58cR9DKUodVoM9gIEOqNFsTkzRCoCz7_3kvu6My2FXS_FkUF_LXC7-ZIL3DHJ5nPe2-4XGh1B_I9wTAqgxzuOE-NatQjsIQCHgbzdwAc10c8U9wdlKdphErI1GOGWoXg\/w400-h266\/DSC_8596.JPG\" alt=\"\"\/><\/a><\/figure>\n\n\n\n<p>En la distancia m\u00e1s larga y dura de&nbsp;<strong>10 km<\/strong>, el concordiense&nbsp;<strong>Walter Moreira<\/strong>&nbsp;repiti\u00f3 su triunfo de la fecha anterior, ganando con un crono de&nbsp;<strong>37:36<\/strong>. En una re\u00f1ida llegada, super\u00f3 a Mat\u00edas Fritzler, que finaliz\u00f3 segundo y&nbsp; Sebasti\u00e1n Pa\u00eds, que complet\u00f3 el podio, todos ellos de Concordia. El top 5 lo completaron Juan Morrillo de San Salvador y Sebasti\u00e1n Burna de Federaci\u00f3n.<\/p>\n\n\n\n<figure class=\"wp-block-image\"><a href=\"https:\/\/blogger.googleusercontent.com\/img\/b\/R29vZ2xl\/AVvXsEjJcQYIqSXdsxkrJM2Us36jGrj-1jyQgRv7iPZhImxHoHE2QXLmNIGzOqWpYqCuNwehDUd4yPhxUflS5F6aL-iuyZCcWUsnyRbmTP5aw5JOsrUfiSpVUJiQV_xnu-huoG5Mn9H7CITuiCMtiBlkIeo3HiD6Ud8Ay78uG9Vf6uilWJQfX6E8loR2KumKUDw\/s4409\/DSC_8732.JPG\"><img decoding=\"async\" src=\"https:\/\/blogger.googleusercontent.com\/img\/b\/R29vZ2xl\/AVvXsEjJcQYIqSXdsxkrJM2Us36jGrj-1jyQgRv7iPZhImxHoHE2QXLmNIGzOqWpYqCuNwehDUd4yPhxUflS5F6aL-iuyZCcWUsnyRbmTP5aw5JOsrUfiSpVUJiQV_xnu-huoG5Mn9H7CITuiCMtiBlkIeo3HiD6Ud8Ay78uG9Vf6uilWJQfX6E8loR2KumKUDw\/w400-h283\/DSC_8732.JPG\" alt=\"\"\/><\/a><\/figure>\n\n\n\n<p>En la rama femenina de los 10 km,&nbsp;<strong>Greta Victoria Rodr\u00edguez<\/strong>&nbsp;de Villa Adela volvi\u00f3 a demostrar su dominio, ganando las tres fechas del campeonato con un tiempo de&nbsp;<strong>48:23<\/strong>. Tom\u00f3 la punta en el primer kil\u00f3metro y mantuvo una gran diferencia sobre el resto. El segundo lugar fue para Vanesa Ayala de Federal, y el tercero para Marianela Ivana Birreto de Federaci\u00f3n. Miriam Bord\u00f3n de Concordia y Eliana Challier de Villa Adela completaron el top 5.<\/p>\n\n\n\n<figure class=\"wp-block-image\"><a href=\"https:\/\/blogger.googleusercontent.com\/img\/b\/R29vZ2xl\/AVvXsEhq8C7iUU-medxUQ4yLi-gngd5BrV9OYx3fDVMCvSwwX0gD-YnpL8jMmnl7XU3H4i1c_qCPDIyLLONDGXV6RBSa-3Gx8A4dJpo_rL9nZZmo7EykZHrV8vs_xFUpmhR8KovZhmca5FNvNVhz9XfhRHLAgRb_JpL8gqVKHKtA4KV1iruP-kRXQsvwv5funG8\/s4569\/DSC_8725.JPG\"><img decoding=\"async\" src=\"https:\/\/blogger.googleusercontent.com\/img\/b\/R29vZ2xl\/AVvXsEhq8C7iUU-medxUQ4yLi-gngd5BrV9OYx3fDVMCvSwwX0gD-YnpL8jMmnl7XU3H4i1c_qCPDIyLLONDGXV6RBSa-3Gx8A4dJpo_rL9nZZmo7EykZHrV8vs_xFUpmhR8KovZhmca5FNvNVhz9XfhRHLAgRb_JpL8gqVKHKtA4KV1iruP-kRXQsvwv5funG8\/w400-h266\/DSC_8725.JPG\" alt=\"\"\/><\/a><\/figure>\n\n\n\n<h3 class=\"wp-block-heading\">Un Gran Evento<\/h3>\n\n\n\n<p>La prueba fue organizada por el \u00e1rea de deportes de La Criolla, a cargo de Marcelo Godoy y su equipo de colaboradores, quienes se aseguraron de que el circuito y la llegada contaran con la asistencia necesaria. El evento tambi\u00e9n recibi\u00f3 el apoyo de los directores de deportes de Chajar\u00ed (Jos\u00e9 Luis Rodr\u00edguez), Federaci\u00f3n (Cesar Garc\u00eda) y Colonia Ayu\u00ed (Alejandro Ortiz).<\/p>\n\n\n\n<figure class=\"wp-block-image\"><a href=\"https:\/\/blogger.googleusercontent.com\/img\/b\/R29vZ2xl\/AVvXsEiP16JEfCFKY1etpxAthX-8t2t1DdNsvmAqpkCeUKk4wCIvx0Bs9EF1N_k3AKF5CvM_RDu5cvXaC1W_-5x3ZWyCjtjGD6hcG3ovwHhub4ZUNdh8VumE0vB5AdeOnj7mPKw5no9zciwsXu8X5Tzggw1FFV1xmGOjuUK833iljPJq6HgWhoiacsVgbfCSWj8\/s3974\/DSC_8721.JPG\"><img decoding=\"async\" src=\"https:\/\/blogger.googleusercontent.com\/img\/b\/R29vZ2xl\/AVvXsEiP16JEfCFKY1etpxAthX-8t2t1DdNsvmAqpkCeUKk4wCIvx0Bs9EF1N_k3AKF5CvM_RDu5cvXaC1W_-5x3ZWyCjtjGD6hcG3ovwHhub4ZUNdh8VumE0vB5AdeOnj7mPKw5no9zciwsXu8X5Tzggw1FFV1xmGOjuUK833iljPJq6HgWhoiacsVgbfCSWj8\/w400-h266\/DSC_8721.JPG\" alt=\"\"\/><\/a><\/figure>\n\n\n\n<p>La fiscalizaci\u00f3n estuvo a cargo de la empresa&nbsp;<strong>Cronomet<\/strong>&nbsp;y la locuci\u00f3n fue de&nbsp;<strong>Lolo Alaniz<\/strong>.<\/p>\n\n\n\n<h3 class=\"wp-block-heading\">Pr\u00f3xima y \u00daltima Fecha<a href=\"https:\/\/blogger.googleusercontent.com\/img\/b\/R29vZ2xl\/AVvXsEi17i47PYnwKknRHKWFK_IbjwZe3TjgZOQ2rO7Zbi63ltYm4eU1H4X12ce8A1s7VmGPfVRReKEjDeG0xd-cYorhstp3oWloVRFqER4G8Dh5sjolNHDXUY0U_l-yOdQ4HjvKH55gtKC7kS_MmjGaJgzZJvXaojxP0TZEEe8zZN-rMnS4jWF8K4GqhfeMPMI\/s3495\/DSC_8717.JPG\"><\/a><\/h3>\n\n\n\n<p>La \u00faltima fecha y coronaci\u00f3n del campeonato se realizar\u00e1 el&nbsp;<strong>s\u00e1bado 27 de septiembre<\/strong>&nbsp;en Colonia Ayu\u00ed. Se espera una verdadera fiesta del running, con atractivos premios en efectivo para los ganadores que hayan participado en las cuatro fechas. \u00a1Colonia Ayu\u00ed los espera!<\/p>\n\n\n\n<p>Clasificaci\u00f3n general&nbsp;<\/p>\n\n\n\n<p>DAMAS<\/p>\n\n\n\n<p>1\u00b0 RODRIGUEZ, GRETA VICTORIA -VILLA ADELA -48:23<\/p>\n\n\n\n<p>2\u00b0 AYALA, VANESA ALEJANDRA- FEDERAL-53:14<\/p>\n\n\n\n<p>3\u00b0 BIRRETO, MARIANELA IVANA -LOS CHARRUAS-55:18<\/p>\n\n\n\n<p>4\u00b0 BORDON, MIRIAM- CONCORDIA- 56:39<\/p>\n\n\n\n<p>5\u00b0 CHALLIER, ELIANA-VILLA ADELA &#8211;56:40<\/p>\n\n\n\n<p>CABALLEROS<\/p>\n\n\n\n<p>1\u00b0 MOREYRA, WALTER&nbsp;&nbsp; -CONCORDIA-37:36<\/p>\n\n\n\n<p>2\u00b0 FRITZLER, DANIEL MATIAS-CONCORDIA-:37:36<\/p>\n\n\n\n<p>3\u00b0 PAIZ, SEBASTIAN-CONCORDIA-43:45<\/p>\n\n\n\n<p>4\u00b0 MORILLO, JOSE LUIS&nbsp; -SAN SALVADOR -43:48<\/p>\n\n\n\n<p>5\u00b0 BURNA, SEBASTIAN-FEDERACION- 43:52<\/p>\n\n\n\n<p>5 KM<\/p>\n\n\n\n<p>DAMAS<\/p>\n\n\n\n<p>1\u00b0 SANABRIA, YAMILA ALEJANDRA- CONCORDIA-26:55<\/p>\n\n\n\n<p>2\u00b0 MOLO, DEBORA-&nbsp;&nbsp; V. DEL ROSARIO&nbsp;&nbsp;&nbsp;&nbsp;&nbsp; -27:37<\/p>\n\n\n\n<p>3\u00b0 ESPINDOLA, IVANA PATRICIA -LOS CHARRUAS -27:44<\/p>\n\n\n\n<p>4\u00b0 RUIZ DIAZ, MIRNA&nbsp;&nbsp;&nbsp;&nbsp;&nbsp; -FEDERAL&#8211;27:49<\/p>\n\n\n\n<p>5\u00b0 RAMINGER, SIOMARA-LOS CHARRUAS-28:07<\/p>\n\n\n\n<p>CABALLEROS<\/p>\n\n\n\n<p>1\u00b0 ROMERO, ISMAEL JUAN DAVID-CONCORDIA-22:14<\/p>\n\n\n\n<p>2\u00b0 VILLARREAL, CLAUDIO&nbsp;&nbsp;&nbsp;&nbsp;&nbsp;&nbsp;&nbsp;&nbsp;&nbsp;&nbsp;&nbsp;&nbsp;&nbsp; -CONCORDIA-22:16<\/p>\n\n\n\n<p>3\u00b0 RABASCHINO, UBALDO-CONCORDIA&nbsp; -22:26<\/p>\n\n\n\n<p>4\u00b0 Mi\u00f1o, ALEX&nbsp;&nbsp;&nbsp; -FEDERACION-22:28<\/p>\n\n\n\n<p>5\u00b0 BULENS, ROBERTO ANIBAL-CONCORDIA-22:30<\/p>\n","protected":false},"excerpt":{"rendered":"<p>En una tarde soleada pero con mucho viento, este s\u00e1bado 23 de agosto a las&#8230;<\/p>\n","protected":false},"author":2,"featured_media":4101,"comment_status":"open","ping_status":"open","sticky":false,"template":"","format":"standard","meta":{"footnotes":""},"categories":[5],"tags":[],"class_list":["post-4100","post","type-post","status-publish","format-standard","has-post-thumbnail","hentry","category-atletismo"],"featured_image_urls":{"full":["https:\/\/deportodos.com.ar\/2023\/wp-content\/uploads\/2025\/08\/IMG-20250824-WA0014.jpg",820,526,false],"thumbnail":["https:\/\/deportodos.com.ar\/2023\/wp-content\/uploads\/2025\/08\/IMG-20250824-WA0014-150x150.jpg",150,150,true],"medium":["https:\/\/deportodos.com.ar\/2023\/wp-content\/uploads\/2025\/08\/IMG-20250824-WA0014-300x192.jpg",300,192,true],"medium_large":["https:\/\/deportodos.com.ar\/2023\/wp-content\/uploads\/2025\/08\/IMG-20250824-WA0014-768x493.jpg",640,411,true],"large":["https:\/\/deportodos.com.ar\/2023\/wp-content\/uploads\/2025\/08\/IMG-20250824-WA0014.jpg",640,411,false],"1536x1536":["https:\/\/deportodos.com.ar\/2023\/wp-content\/uploads\/2025\/08\/IMG-20250824-WA0014.jpg",820,526,false],"2048x2048":["https:\/\/deportodos.com.ar\/2023\/wp-content\/uploads\/2025\/08\/IMG-20250824-WA0014.jpg",820,526,false],"covernews-featured":["https:\/\/deportodos.com.ar\/2023\/wp-content\/uploads\/2025\/08\/IMG-20250824-WA0014.jpg",820,526,false],"covernews-medium":["https:\/\/deportodos.com.ar\/2023\/wp-content\/uploads\/2025\/08\/IMG-20250824-WA0014-540x340.jpg",540,340,true]},"author_info":{"display_name":"c2530142","author_link":"https:\/\/deportodos.com.ar\/2023\/author\/c2530142\/"},"category_info":"<a href=\"https:\/\/deportodos.com.ar\/2023\/category\/atletismo\/\" rel=\"category tag\">Atletismo<\/a>","tag_info":"Atletismo","comment_count":"0","_links":{"self":[{"href":"https:\/\/deportodos.com.ar\/2023\/wp-json\/wp\/v2\/posts\/4100","targetHints":{"allow":["GET"]}}],"collection":[{"href":"https:\/\/deportodos.com.ar\/2023\/wp-json\/wp\/v2\/posts"}],"about":[{"href":"https:\/\/deportodos.com.ar\/2023\/wp-json\/wp\/v2\/types\/post"}],"author":[{"embeddable":true,"href":"https:\/\/deportodos.com.ar\/2023\/wp-json\/wp\/v2\/users\/2"}],"replies":[{"embeddable":true,"href":"https:\/\/deportodos.com.ar\/2023\/wp-json\/wp\/v2\/comments?post=4100"}],"version-history":[{"count":2,"href":"https:\/\/deportodos.com.ar\/2023\/wp-json\/wp\/v2\/posts\/4100\/revisions"}],"predecessor-version":[{"id":4113,"href":"https:\/\/deportodos.com.ar\/2023\/wp-json\/wp\/v2\/posts\/4100\/revisions\/4113"}],"wp:featuredmedia":[{"embeddable":true,"href":"https:\/\/deportodos.com.ar\/2023\/wp-json\/wp\/v2\/media\/4101"}],"wp:attachment":[{"href":"https:\/\/deportodos.com.ar\/2023\/wp-json\/wp\/v2\/media?parent=4100"}],"wp:term":[{"taxonomy":"category","embeddable":true,"href":"https:\/\/deportodos.com.ar\/2023\/wp-json\/wp\/v2\/categories?post=4100"},{"taxonomy":"post_tag","embeddable":true,"href":"https:\/\/deportodos.com.ar\/2023\/wp-json\/wp\/v2\/tags?post=4100"}],"curies":[{"name":"wp","href":"https:\/\/api.w.org\/{rel}","templated":true}]}}