{"id":4103,"date":"2025-08-25T03:14:53","date_gmt":"2025-08-25T03:14:53","guid":{"rendered":"https:\/\/deportodos.com.ar\/2023\/?p=4103"},"modified":"2025-08-25T03:14:54","modified_gmt":"2025-08-25T03:14:54","slug":"cabrera-y-labriola-fueron-los-ganadores-de-la-3-fecha-en-puerto-yerua","status":"publish","type":"post","link":"https:\/\/deportodos.com.ar\/2023\/cabrera-y-labriola-fueron-los-ganadores-de-la-3-fecha-en-puerto-yerua\/","title":{"rendered":"CABRERA Y LABRIOLA FUERON LOS GANADORES DE LA 3\u00b0 FECHA EN PUERTO YERU\u00c1"},"content":{"rendered":"\n<p>En una jornada a pleno sol y en un marco con m\u00e1s de 140 bikers, la localidad de Puerto Yeru\u00e1 recibi\u00f3 a la tercera fecha del Campeonato Concordiense de Mountain Bike, que organiza la Asociaci\u00f3n Concordiense Amigos del MTB. Los locales Bel\u00e9n Labriola y Mat\u00edas Cabrera fueron los ganadores que arroj\u00f3 este domingo.<\/p>\n\n\n\n<p>La prueba se corri\u00f3 sobre un circuito de 12,5 kil\u00f3metros que cuenta con varias subidas y bajadas sobre caminos rurales, alternando con sectores de senderos y selva en galer\u00edas.<\/p>\n\n\n\n<p>En la categor\u00eda Elite, Cabrera fue el ganador de la prueba y super\u00f3 por m\u00e1s de 10 segundos sobre el correntino Diego Salto, mientras que al podio lo complet\u00f3 Maximiliano Buenar de Villaguay.<\/p>\n\n\n\n<p>Para la ocasi\u00f3n, las categor\u00edas Elite, Sub 23, M\u00e1ster A, B y C emplearon cuatro vueltas al trazado, en cuanto a Juveniles, M\u00e1ster D y Promocionales lo hicieron en tres oportunidades; todas las categor\u00edas de Damas, Principiantes y M\u00e1ster E realizaron dos vueltas, mientras que Menores desarrollaron una sola vuelta.<\/p>\n\n\n\n<p>Desde la organizaci\u00f3n hacen llegar los agradecimientos a las autoridades municipales de Puerto Yeru\u00e1, donde una vez m\u00e1s se vivi\u00f3 un domingo a todo pedal sobre una de las geograf\u00edas m\u00e1s bellas que tiene el departamento Concordia.<\/p>\n\n\n\n<pre class=\"wp-block-code\"><code>                               RESULTADOS<\/code><\/pre>\n\n\n\n<p>EN VARONES ELITE<br>1\u00b0) Mat\u00edas Cabrera (Concordia) con 1 h. 53\u201930\u201d<br>2\u00b0) Diego Salto (Monte Caseros) con 1 h. 53\u201944\u201d<br>3\u00b0) Maximiliano Buenar (Villaguay) con 1 h. 56\u201920\u201d<br>4\u00b0) Sebasti\u00e1n Pozzi (Chajar\u00ed) con 2 h. 08\u201937\u201d<\/p>\n\n\n\n<p>EN MUJERES ELITE<br>1\u00b0) Bel\u00e9n Labriola (Concordia) con 1 h. 49\u201928\u201d<br>2\u00b0) Luz Gonz\u00e1lez (Tacuaremb\u00f3) con 2 h. 16\u201942\u201d<\/p>\n\n\n\n<p>Para ver resultados completos: https:\/\/www.cronomet.com.ar\/?cronomet=3eraMTB2025<\/p>\n","protected":false},"excerpt":{"rendered":"<p>En una jornada a pleno sol y en un marco con m\u00e1s de 140 bikers,&#8230;<\/p>\n","protected":false},"author":2,"featured_media":4104,"comment_status":"open","ping_status":"open","sticky":false,"template":"","format":"standard","meta":{"footnotes":""},"categories":[37],"tags":[],"class_list":["post-4103","post","type-post","status-publish","format-standard","has-post-thumbnail","hentry","category-mountain-bike"],"featured_image_urls":{"full":["https:\/\/deportodos.com.ar\/2023\/wp-content\/uploads\/2025\/08\/IMG-20250825-WA0000.jpg",1600,900,false],"thumbnail":["https:\/\/deportodos.com.ar\/2023\/wp-content\/uploads\/2025\/08\/IMG-20250825-WA0000-150x150.jpg",150,150,true],"medium":["https:\/\/deportodos.com.ar\/2023\/wp-content\/uploads\/2025\/08\/IMG-20250825-WA0000-300x169.jpg",300,169,true],"medium_large":["https:\/\/deportodos.com.ar\/2023\/wp-content\/uploads\/2025\/08\/IMG-20250825-WA0000-768x432.jpg",640,360,true],"large":["https:\/\/deportodos.com.ar\/2023\/wp-content\/uploads\/2025\/08\/IMG-20250825-WA0000-1024x576.jpg",640,360,true],"1536x1536":["https:\/\/deportodos.com.ar\/2023\/wp-content\/uploads\/2025\/08\/IMG-20250825-WA0000-1536x864.jpg",1536,864,true],"2048x2048":["https:\/\/deportodos.com.ar\/2023\/wp-content\/uploads\/2025\/08\/IMG-20250825-WA0000.jpg",1600,900,false],"covernews-featured":["https:\/\/deportodos.com.ar\/2023\/wp-content\/uploads\/2025\/08\/IMG-20250825-WA0000-1024x576.jpg",1024,576,true],"covernews-medium":["https:\/\/deportodos.com.ar\/2023\/wp-content\/uploads\/2025\/08\/IMG-20250825-WA0000-540x340.jpg",540,340,true]},"author_info":{"display_name":"c2530142","author_link":"https:\/\/deportodos.com.ar\/2023\/author\/c2530142\/"},"category_info":"<a href=\"https:\/\/deportodos.com.ar\/2023\/category\/mountain-bike\/\" rel=\"category tag\">Mountain Bike<\/a>","tag_info":"Mountain Bike","comment_count":"0","_links":{"self":[{"href":"https:\/\/deportodos.com.ar\/2023\/wp-json\/wp\/v2\/posts\/4103","targetHints":{"allow":["GET"]}}],"collection":[{"href":"https:\/\/deportodos.com.ar\/2023\/wp-json\/wp\/v2\/posts"}],"about":[{"href":"https:\/\/deportodos.com.ar\/2023\/wp-json\/wp\/v2\/types\/post"}],"author":[{"embeddable":true,"href":"https:\/\/deportodos.com.ar\/2023\/wp-json\/wp\/v2\/users\/2"}],"replies":[{"embeddable":true,"href":"https:\/\/deportodos.com.ar\/2023\/wp-json\/wp\/v2\/comments?post=4103"}],"version-history":[{"count":1,"href":"https:\/\/deportodos.com.ar\/2023\/wp-json\/wp\/v2\/posts\/4103\/revisions"}],"predecessor-version":[{"id":4105,"href":"https:\/\/deportodos.com.ar\/2023\/wp-json\/wp\/v2\/posts\/4103\/revisions\/4105"}],"wp:featuredmedia":[{"embeddable":true,"href":"https:\/\/deportodos.com.ar\/2023\/wp-json\/wp\/v2\/media\/4104"}],"wp:attachment":[{"href":"https:\/\/deportodos.com.ar\/2023\/wp-json\/wp\/v2\/media?parent=4103"}],"wp:term":[{"taxonomy":"category","embeddable":true,"href":"https:\/\/deportodos.com.ar\/2023\/wp-json\/wp\/v2\/categories?post=4103"},{"taxonomy":"post_tag","embeddable":true,"href":"https:\/\/deportodos.com.ar\/2023\/wp-json\/wp\/v2\/tags?post=4103"}],"curies":[{"name":"wp","href":"https:\/\/api.w.org\/{rel}","templated":true}]}}