{"id":4109,"date":"2025-08-26T12:08:38","date_gmt":"2025-08-26T12:08:38","guid":{"rendered":"https:\/\/deportodos.com.ar\/2023\/?p=4109"},"modified":"2025-08-28T12:14:59","modified_gmt":"2025-08-28T12:14:59","slug":"los-paranaense-baltszar-itria-y-priscila-vukonich-hablaron-tras-su-podio-panamericano","status":"publish","type":"post","link":"https:\/\/deportodos.com.ar\/2023\/los-paranaense-baltszar-itria-y-priscila-vukonich-hablaron-tras-su-podio-panamericano\/","title":{"rendered":"LOS PARANAENSE BALTAZAR ITRIA Y PRISCILA VUKONICH HABLARON TRAS SU PODIO PANAMERICANO"},"content":{"rendered":"\n<p>El canotaje paranaense y entrerriano ocup\u00f3 los primeros lugares de distintos podios de los Juegos Panamericanos Junior, que concluyeron este s\u00e1bado en Asunci\u00f3n, Paraguay. El viernes, Priscila Vukonich y Baltazar Itria conquistaron sendas medallas doradas en el K4 500 metros femenino y masculino, respectivamente. El s\u00e1bado,&nbsp;<em>Balta<\/em>&nbsp;repiti\u00f3 en el K2 500, junto a Vicente Vergauven. Tras semejantes actuaciones, brindaron declaraciones desde la capital guaran\u00ed.<\/p>\n\n\n\n<p>\u201cLa competencia estuvo muy dura, m\u00e1s que nada por las condiciones clim\u00e1ticas, el viento de costado incomoda mucho a la hora de remar, m\u00e1s un 500 metros. Y bueno, con mi compa\u00f1ero por suerte est\u00e1bamos preparados, hab\u00edamos entrenado en estas condiciones, con viento, entonces por suerte ten\u00edamos esa confianza de que pod\u00edamos igual y por suerte se dio\u201d, resumi\u00f3 Itria.<\/p>\n\n\n\n<p>El palista del Club N\u00e1utico Paran\u00e1 (CNP) tambi\u00e9n elogi\u00f3 a su compa\u00f1ero Vergavuen, quien tambi\u00e9n gan\u00f3 la dorada en el K4 500, la plateada en K1 1000 y el bronce en K1 500 masculinom, conquistas que le valieron ser abanderado en la ceremonia de cierre junto a Paulina Barreiro (medalla dorada en K1 200; K2 500 Mixto, junto a Agust\u00edn S\u00e1nchez, y K4 500 con Vukonich, Martina Catalano y Candela Vel\u00e1zquez; y plateada en K1 200). \u201cS\u00ed, s\u00ed, un animal, un animal, porque corri\u00f3 un mont\u00f3n de carreras, corri\u00f3 los dos K1, el K4, conmigo, corri\u00f3 muchas carreras y aun as\u00ed estuvo en todas, estuvo a la altura y se lo merece\u201d, destac\u00f3 el entrerriano sobre Vergauven.<\/p>\n\n\n\n<p>De cara a su futuro,&nbsp;<em>Balta<\/em>&nbsp;reconoci\u00f3 que ahora se tomar\u00e1 unas vacaciones y luego se enfocar\u00e1 en los Juegos Argentinos de Alto Rendimiento (Jadar), Rosario 2025. \u201cDespu\u00e9s empezar\u00e9 a entrenar para la instancia selectiva para definir el equipo de verano\u201d, complet\u00f3.<\/p>\n\n\n\n<p>Al momento de dedicar sus actuaciones, Baltazar Itria manifest\u00f3: \u201cPara mi familia, obviamente, para mi familia que me vino a ver y a mi club, a todos mis entrenadores del Club N\u00e1utico Paran\u00e1; tambi\u00e9n al entrenador Santiago Bergero, que est\u00e1 hoy ac\u00e1 con nosotros. A ellos, a todos, muchas gracias\u201d.<\/p>\n\n\n\n<p><strong>Priscila Vukonich y el balance de sus primeros Juegos Panamericanos Junior<\/strong><\/p>\n\n\n\n<p>La palista formada en el Club N\u00e1utico Paran\u00e1 y actualmente en el Paran\u00e1 Rowing Club, Priscila Vukonich, hizo un balance de su participaci\u00f3n en la capital paraguaya que incluyeron una medalla dorada en K4 500 femenino y un cuarto puesto en K2 500, junto a Candela Vel\u00e1zquez.<\/p>\n\n\n\n<figure class=\"wp-block-image\"><img decoding=\"async\" src=\"https:\/\/www.analisisdigital.com.ar\/sites\/default\/files\/imagenes\/inline-images\/Dise%C3%B1o%20sin%20t%C3%ADtulo.png\" alt=\"Priscila Vukonich, segunda de izquierda a derecha, hablpo de Asu2025 y sus pr\u00f3ximos desaf\u00edos.\"\/><\/figure>\n\n\n\n<p>\u201cLa verdad que estuvo dur\u00edsima la carrera del K4. Nos ten\u00edamos fe porque venimos hace un mont\u00f3n, desde febrero, entrenando el K4. La verdad que estoy muy contenta con el resultado, creo que era lo que esper\u00e1bamos tambi\u00e9n\u201d, reconoci\u00f3.<\/p>\n\n\n\n<p>\u201cFueron mis primeros juegos. La verdad que la pas\u00e9 muy bien. Ahora en una semana tengo el Sudamericano y el Panamericano de Canotaje. As\u00ed que me quedo una semana m\u00e1s para ese campeonato. Tambi\u00e9n tengo los Jadar. Por suerte s\u00ed voy a estar. Es como que todo muy seguido, as\u00ed que voy a tratar de llegar bien tambi\u00e9n con mis compa\u00f1eros de Entre R\u00edos\u201d, cont\u00f3 sobre sus pr\u00f3ximos desaf\u00edos.<\/p>\n\n\n\n<p>Por otra parte, Vukonich cont\u00f3 que hab\u00eda comenzado sus estudios universitarios pero los interrumpi\u00f3 por sus compromisos con el seleccionado argentino de canotaje de velocidad. \u201cHab\u00eda arrancado a estudiar, despu\u00e9s, bueno, justo me llamaron para concentrar. Desde febrero estoy concentrando, as\u00ed que se me complicaba un mont\u00f3n, tuve que dejar y me dediqu\u00e9 100% al canotaje\u201d, confes\u00f3.<\/p>\n\n\n\n<p>Al momento de dedicar su participaci\u00f3n en Asu2025, Priscila Vukonich expres\u00f3: \u201cA mi familia que vino desde Paran\u00e1 hasta ac\u00e1 a apoyarme, a mi familia que est\u00e1 en Paran\u00e1, a mis amigos, a mi entrenador, a mis amigos del club, que tambi\u00e9n gracias a ellos hoy estoy ac\u00e1\u201d.<\/p>\n\n\n\n<blockquote class=\"wp-block-quote is-layout-flow wp-block-quote-is-layout-flow\">\n<p>www.analisisdigital.com.ar<\/p>\n<\/blockquote>\n","protected":false},"excerpt":{"rendered":"<p>El canotaje paranaense y entrerriano ocup\u00f3 los primeros lugares de distintos podios de los Juegos&#8230;<\/p>\n","protected":false},"author":2,"featured_media":4110,"comment_status":"open","ping_status":"open","sticky":false,"template":"","format":"standard","meta":{"footnotes":""},"categories":[15],"tags":[],"class_list":["post-4109","post","type-post","status-publish","format-standard","has-post-thumbnail","hentry","category-canotaje"],"featured_image_urls":{"full":["https:\/\/deportodos.com.ar\/2023\/wp-content\/uploads\/2025\/08\/Itria-y-Vergauven_0.jpg.webp",900,507,false],"thumbnail":["https:\/\/deportodos.com.ar\/2023\/wp-content\/uploads\/2025\/08\/Itria-y-Vergauven_0.jpg-150x150.webp",150,150,true],"medium":["https:\/\/deportodos.com.ar\/2023\/wp-content\/uploads\/2025\/08\/Itria-y-Vergauven_0.jpg-300x169.webp",300,169,true],"medium_large":["https:\/\/deportodos.com.ar\/2023\/wp-content\/uploads\/2025\/08\/Itria-y-Vergauven_0.jpg-768x433.webp",640,361,true],"large":["https:\/\/deportodos.com.ar\/2023\/wp-content\/uploads\/2025\/08\/Itria-y-Vergauven_0.jpg.webp",640,361,false],"1536x1536":["https:\/\/deportodos.com.ar\/2023\/wp-content\/uploads\/2025\/08\/Itria-y-Vergauven_0.jpg.webp",900,507,false],"2048x2048":["https:\/\/deportodos.com.ar\/2023\/wp-content\/uploads\/2025\/08\/Itria-y-Vergauven_0.jpg.webp",900,507,false],"covernews-featured":["https:\/\/deportodos.com.ar\/2023\/wp-content\/uploads\/2025\/08\/Itria-y-Vergauven_0.jpg.webp",900,507,false],"covernews-medium":["https:\/\/deportodos.com.ar\/2023\/wp-content\/uploads\/2025\/08\/Itria-y-Vergauven_0.jpg-540x340.webp",540,340,true]},"author_info":{"display_name":"c2530142","author_link":"https:\/\/deportodos.com.ar\/2023\/author\/c2530142\/"},"category_info":"<a href=\"https:\/\/deportodos.com.ar\/2023\/category\/canotaje\/\" rel=\"category tag\">Canotaje<\/a>","tag_info":"Canotaje","comment_count":"0","_links":{"self":[{"href":"https:\/\/deportodos.com.ar\/2023\/wp-json\/wp\/v2\/posts\/4109","targetHints":{"allow":["GET"]}}],"collection":[{"href":"https:\/\/deportodos.com.ar\/2023\/wp-json\/wp\/v2\/posts"}],"about":[{"href":"https:\/\/deportodos.com.ar\/2023\/wp-json\/wp\/v2\/types\/post"}],"author":[{"embeddable":true,"href":"https:\/\/deportodos.com.ar\/2023\/wp-json\/wp\/v2\/users\/2"}],"replies":[{"embeddable":true,"href":"https:\/\/deportodos.com.ar\/2023\/wp-json\/wp\/v2\/comments?post=4109"}],"version-history":[{"count":2,"href":"https:\/\/deportodos.com.ar\/2023\/wp-json\/wp\/v2\/posts\/4109\/revisions"}],"predecessor-version":[{"id":4115,"href":"https:\/\/deportodos.com.ar\/2023\/wp-json\/wp\/v2\/posts\/4109\/revisions\/4115"}],"wp:featuredmedia":[{"embeddable":true,"href":"https:\/\/deportodos.com.ar\/2023\/wp-json\/wp\/v2\/media\/4110"}],"wp:attachment":[{"href":"https:\/\/deportodos.com.ar\/2023\/wp-json\/wp\/v2\/media?parent=4109"}],"wp:term":[{"taxonomy":"category","embeddable":true,"href":"https:\/\/deportodos.com.ar\/2023\/wp-json\/wp\/v2\/categories?post=4109"},{"taxonomy":"post_tag","embeddable":true,"href":"https:\/\/deportodos.com.ar\/2023\/wp-json\/wp\/v2\/tags?post=4109"}],"curies":[{"name":"wp","href":"https:\/\/api.w.org\/{rel}","templated":true}]}}