{"id":4120,"date":"2025-08-28T22:43:17","date_gmt":"2025-08-28T22:43:17","guid":{"rendered":"https:\/\/deportodos.com.ar\/2023\/?p=4120"},"modified":"2025-08-28T22:43:18","modified_gmt":"2025-08-28T22:43:18","slug":"final-femenina-la-palabra-de-los-entrenadores","status":"publish","type":"post","link":"https:\/\/deportodos.com.ar\/2023\/final-femenina-la-palabra-de-los-entrenadores\/","title":{"rendered":"FINAL FEMENINA: LA PALABRA DE LOS ENTRENADORES"},"content":{"rendered":"\n<p>La Liga Provincial Femenina de Mayores, organizada por la Federaci\u00f3n de B\u00e1squet de Entre R\u00edos (FBER), entra en su instancia decisiva y promete un cierre a la altura de lo que fue una temporada apasionante. Desde este viernes comenzar\u00e1 a disputarse la gran final al mejor de tres partidos entre Tom\u00e1s de Rocamora y Regatas Uruguay, dos instituciones hist\u00f3ricas que volver\u00e1n a cruzarse en un cl\u00e1sico uruguayense con mucho en juego. El primer cap\u00edtulo de la serie ser\u00e1 en el estadio \u201cJulio C\u00e9sar Paccagnella\u201d del \u201cRojo\u201d desde las 21.30 horas.<\/p>\n\n\n\n<p>El clima que se palpita en Concepci\u00f3n del Uruguay anticipa un marco de fiesta para acompa\u00f1ar a estas protagonistas que buscar\u00e1n escribir un nuevo cap\u00edtulo en la historia del b\u00e1squet femenino provincial. Con la conducci\u00f3n t\u00e9cnica de&nbsp;<strong>Laura Gonz\u00e1lez<\/strong>&nbsp;en Rocamora y&nbsp;<strong>Santiago Rimoldi<\/strong>&nbsp;en Regatas, ambos equipos llegan con argumentos s\u00f3lidos para so\u00f1ar con la consagraci\u00f3n federativa.<\/p>\n\n\n\n<p>En la previa, los entrenadores compartieron sus sensaciones sobre lo que significa disputar esta serie decisiva.<\/p>\n\n\n\n<p><em><strong>\u201cLali\u201d Gonz\u00e1lez<\/strong><\/em>&nbsp;condujo a Rocamora a una Primera Fase perfecta y posteriormente extendi\u00f3 el invicto (11-0) en los playoffs. \u201cLlegamos con muchas expectativas a esta final, ansiosas, esperando el momento de poder jugarla, ya que para nosotros es una competencia nueva. La verdad que estamos con muchas ganas de disputarla\u201d, expres\u00f3 la entrenadora que forma parte del staff t\u00e9cnico de CAB.<\/p>\n\n\n\n<p>Respecto de Regatas, Gonz\u00e1lez asever\u00f3: \u201cNos vamos a enfrentar con un equipo que nos conocemos bastante; no nos hemos enfrentado muchas veces en Primera, pero s\u00ed nos conocemos por habernos cruzado en otras categor\u00edas\u201d.<\/p>\n\n\n\n<p>\u201cVa ser una hermosa final, muy pareja y lo que esperamos es que sea un buen espect\u00e1culo, no s\u00f3lo para Concepci\u00f3n del Uruguay, sino para toda la Provincia de Entre R\u00edos. Que podamos disfrutar de de un lindo b\u00e1squet y que sea el trampol\u00edn para que a\u00f1os siguientes sean m\u00e1s equipos los que participen en esta Liga\u201d, cerr\u00f3 \u201cLali\u201d.<\/p>\n\n\n\n<p>Por su parte,&nbsp;<strong><em>Santiago Rimoldi<\/em><\/strong>&nbsp;indic\u00f3 que \u201cnos pone muy contentos haber alcanzado esta final de Primera, que era uno de los objetivos para coronar un proyecto de b\u00e1squet femenino que en los \u00faltimos dos a\u00f1os le hemos puesto mucha energ\u00eda. Los objetivos para esta temporada 2025 eran competir con todas las categor\u00edas del femenino y del masculino en competencias provinciales y nacionales; con esta instancia de haber llegado a la final con las Mayores, alcanzamos a cumplir todos esos objetivos\u201d.<\/p>\n\n\n\n<p>\u201cVamos a enfrentar un equipo con mucha experiencia en este tipo de competencias. Nuestro equipo es un plantel que si bien tiene jugadores experimentadas, tambi\u00e9n tiene una participaci\u00f3n muy grande de chicas menores del club, as\u00ed que en encuadramos esta final dentro del proceso de desarrollo de estas chicas\u201d, expres\u00f3 el DT de CRU.<\/p>\n\n\n\n<p>Sobre las expectativas y el nivel deportivo de la final, Rimoldi dijo: \u201cSeguramente sea un buen espect\u00e1culo y los dos equipos juegan muy bien al b\u00e1squet; el que maneje mejor la ansiedad y que cometa menos errores va a tener una ventaja deportiva ah\u00ed como para poder llevarse alg\u00fan punto de la serie. Seguramente va a ser una eliminatoria larga en la cual vamos a tratar de adaptarnos r\u00e1pido a lo que nos plantea la exigencia al equipo vamos a enfrentar\u201d.<\/p>\n\n\n\n<blockquote class=\"wp-block-quote is-layout-flow wp-block-quote-is-layout-flow\">\n<p><blockquote class=\"wp-embedded-content\" data-secret=\"WL8Pawp7LB\"><a href=\"https:\/\/basquetentrerios.com\/final-femenina-la-palabra-de-los-entrenadores\/\">Final Femenina: La palabra de los entrenadores<\/a><\/blockquote><iframe class=\"wp-embedded-content\" sandbox=\"allow-scripts\" security=\"restricted\" style=\"position: absolute; visibility: hidden;\" title=\"\u00abFinal Femenina: La palabra de los entrenadores\u00bb \u2014 FEDERACI\u00d3N DE B\u00c1SQUET DE ENTRE R\u00cdOS\" src=\"https:\/\/basquetentrerios.com\/final-femenina-la-palabra-de-los-entrenadores\/embed\/#?secret=OUzywX4C6c#?secret=WL8Pawp7LB\" data-secret=\"WL8Pawp7LB\" width=\"600\" height=\"338\" frameborder=\"0\" marginwidth=\"0\" marginheight=\"0\" scrolling=\"no\"><\/iframe><\/p>\n<\/blockquote>\n","protected":false},"excerpt":{"rendered":"<p>La Liga Provincial Femenina de Mayores, organizada por la Federaci\u00f3n de B\u00e1squet de Entre R\u00edos&#8230;<\/p>\n","protected":false},"author":2,"featured_media":4121,"comment_status":"open","ping_status":"open","sticky":false,"template":"","format":"standard","meta":{"footnotes":""},"categories":[9],"tags":[],"class_list":["post-4120","post","type-post","status-publish","format-standard","has-post-thumbnail","hentry","category-basquet"],"featured_image_urls":{"full":["https:\/\/deportodos.com.ar\/2023\/wp-content\/uploads\/2025\/08\/WhatsApp-Image-2025-08-26-at-8.05.02-AM.jpeg",1200,780,false],"thumbnail":["https:\/\/deportodos.com.ar\/2023\/wp-content\/uploads\/2025\/08\/WhatsApp-Image-2025-08-26-at-8.05.02-AM-150x150.jpeg",150,150,true],"medium":["https:\/\/deportodos.com.ar\/2023\/wp-content\/uploads\/2025\/08\/WhatsApp-Image-2025-08-26-at-8.05.02-AM-300x195.jpeg",300,195,true],"medium_large":["https:\/\/deportodos.com.ar\/2023\/wp-content\/uploads\/2025\/08\/WhatsApp-Image-2025-08-26-at-8.05.02-AM-768x499.jpeg",640,416,true],"large":["https:\/\/deportodos.com.ar\/2023\/wp-content\/uploads\/2025\/08\/WhatsApp-Image-2025-08-26-at-8.05.02-AM-1024x666.jpeg",640,416,true],"1536x1536":["https:\/\/deportodos.com.ar\/2023\/wp-content\/uploads\/2025\/08\/WhatsApp-Image-2025-08-26-at-8.05.02-AM.jpeg",1200,780,false],"2048x2048":["https:\/\/deportodos.com.ar\/2023\/wp-content\/uploads\/2025\/08\/WhatsApp-Image-2025-08-26-at-8.05.02-AM.jpeg",1200,780,false],"covernews-featured":["https:\/\/deportodos.com.ar\/2023\/wp-content\/uploads\/2025\/08\/WhatsApp-Image-2025-08-26-at-8.05.02-AM-1024x666.jpeg",1024,666,true],"covernews-medium":["https:\/\/deportodos.com.ar\/2023\/wp-content\/uploads\/2025\/08\/WhatsApp-Image-2025-08-26-at-8.05.02-AM-540x340.jpeg",540,340,true]},"author_info":{"display_name":"c2530142","author_link":"https:\/\/deportodos.com.ar\/2023\/author\/c2530142\/"},"category_info":"<a href=\"https:\/\/deportodos.com.ar\/2023\/category\/basquet\/\" rel=\"category tag\">Basquet<\/a>","tag_info":"Basquet","comment_count":"0","_links":{"self":[{"href":"https:\/\/deportodos.com.ar\/2023\/wp-json\/wp\/v2\/posts\/4120","targetHints":{"allow":["GET"]}}],"collection":[{"href":"https:\/\/deportodos.com.ar\/2023\/wp-json\/wp\/v2\/posts"}],"about":[{"href":"https:\/\/deportodos.com.ar\/2023\/wp-json\/wp\/v2\/types\/post"}],"author":[{"embeddable":true,"href":"https:\/\/deportodos.com.ar\/2023\/wp-json\/wp\/v2\/users\/2"}],"replies":[{"embeddable":true,"href":"https:\/\/deportodos.com.ar\/2023\/wp-json\/wp\/v2\/comments?post=4120"}],"version-history":[{"count":1,"href":"https:\/\/deportodos.com.ar\/2023\/wp-json\/wp\/v2\/posts\/4120\/revisions"}],"predecessor-version":[{"id":4122,"href":"https:\/\/deportodos.com.ar\/2023\/wp-json\/wp\/v2\/posts\/4120\/revisions\/4122"}],"wp:featuredmedia":[{"embeddable":true,"href":"https:\/\/deportodos.com.ar\/2023\/wp-json\/wp\/v2\/media\/4121"}],"wp:attachment":[{"href":"https:\/\/deportodos.com.ar\/2023\/wp-json\/wp\/v2\/media?parent=4120"}],"wp:term":[{"taxonomy":"category","embeddable":true,"href":"https:\/\/deportodos.com.ar\/2023\/wp-json\/wp\/v2\/categories?post=4120"},{"taxonomy":"post_tag","embeddable":true,"href":"https:\/\/deportodos.com.ar\/2023\/wp-json\/wp\/v2\/tags?post=4120"}],"curies":[{"name":"wp","href":"https:\/\/api.w.org\/{rel}","templated":true}]}}