{"id":4130,"date":"2025-09-01T10:38:30","date_gmt":"2025-09-01T10:38:30","guid":{"rendered":"https:\/\/deportodos.com.ar\/2023\/?p=4130"},"modified":"2025-09-01T10:38:33","modified_gmt":"2025-09-01T10:38:33","slug":"gimnasia-gano-el-duelo-de-lobos-y-ahora-espera","status":"publish","type":"post","link":"https:\/\/deportodos.com.ar\/2023\/gimnasia-gano-el-duelo-de-lobos-y-ahora-espera\/","title":{"rendered":"GIMNASIA GAN\u00d3 EL DUELO DE \u00abLOBOS\u00bb Y AHORA ESPERA"},"content":{"rendered":"\n<p>Este s\u00e1bado por la tarde hubo acci\u00f3n en el estadio Manuel y Ram\u00f3n N\u00fa\u00f1ez. All\u00ed, Gimnasia de Concepci\u00f3n del Uruguay recibi\u00f3 a Sportivo AC de Las Parejas en el duelo de&nbsp;<em>Lobos<\/em>&nbsp;por la s\u00e9ptima fecha de la Zona B en la Fase Rev\u00e1lida del Torneo Federal A. El \u00e1rbitro del juego fue Cristian Rubiano.<\/p>\n\n\n\n<p>El conjunto uruguayense jug\u00f3 su mejor partido en esta instancia del torneo y se impuso por 3-0. Triunfo m\u00e1s que necesario para el elenco entrerriano, que en esta etapa del torneo apenas contaba con una victoria (en la fecha anterior como local, ante Bartolom\u00e9 Mitre de Posadas por 1-0).<\/p>\n\n\n\n<p>El primer gol lleg\u00f3 con un desborde de Lautaro Altamirano por derecha que termin\u00f3 con un preciso centro para la llegada de Jonathan Ben\u00edtez. El defensor cabece\u00f3 abajo por el costado izquierdo del ataque y venci\u00f3 a Emilio R\u00e9bora para el 1-0 parcial. Iban cinco minutos de juego.<\/p>\n\n\n\n<p>Agust\u00edn Garc\u00eda fue el autor del segundo tanto del juego al encargarse de un penal a los 33 minutos de la etapa inicial. El remate del villaguayense fue al medio, mientras que R\u00e9bora se arroj\u00f3 hacia la izquierda, de manera que lleg\u00f3 el 2-0.<\/p>\n\n\n\n<p>El tercer gol lleg\u00f3 a los 33 del complemento. Un centro de Dami\u00e1n Baltor\u00e9 desde la&nbsp; izquierda se desvi\u00f3 en la barrera y se fue cerrando hasta dar en el poste izquierdo del arco de R\u00e9bora. Mala suerte para la defensa del visitante, que el bal\u00f3n rebot\u00f3 en el poste y luego en uno de sus defensores para acabar convirti\u00e9ndose en el 3-0 definitivo.<\/p>\n\n\n\n<p>En este partido, \u00c1ngel G\u00f3mez dispuso como titulares a Pedro Bravo; Nicol\u00e1s Su\u00e1rez, Jonathan Ben\u00edtez, Nicol\u00e1s G\u00f3mez, Ariel Gonz\u00e1lez; Agust\u00edn Favre, Lautaro Altamirano, Pablo Hofstetter, Nicol\u00e1s Germanier; Micael Bogado y Agust\u00edn Garc\u00eda.<\/p>\n\n\n\n<p>Con la victoria, el&nbsp;<em>Mens Sana<\/em>&nbsp;lleg\u00f3 a los ocho puntos, con los que se ubica en la s\u00e9ptima ubicaci\u00f3n de su grupo y, m\u00e1s importante a\u00fan, obliga a Ben Hur de Rafaela a ganar su pr\u00f3ximo encuentro para seguirle pisada en la lucha por no descender.<\/p>\n\n\n\n<p>El conjunto rafaelino enfrentar\u00e1 a Sol de Am\u00e9rica este domingo desde las 17.30 en un partido al que el&nbsp;<em>Lobo<\/em>&nbsp;deber\u00e1 echarle un ojo.<\/p>\n\n\n\n<p>En la pr\u00f3xima fecha, Gimnasia ser\u00e1 local de Defensores de Belgrano de Villa Ramallo en una nueva final que deber\u00e1 ganar si pretende evitar el descenso.<\/p>\n\n\n\n<blockquote class=\"wp-block-quote is-layout-flow wp-block-quote-is-layout-flow\">\n<p>www.analisisdigital.com.ar<\/p>\n<\/blockquote>\n","protected":false},"excerpt":{"rendered":"<p>Este s\u00e1bado por la tarde hubo acci\u00f3n en el estadio Manuel y Ram\u00f3n N\u00fa\u00f1ez. All\u00ed,&#8230;<\/p>\n","protected":false},"author":2,"featured_media":4131,"comment_status":"open","ping_status":"open","sticky":false,"template":"","format":"standard","meta":{"footnotes":""},"categories":[36],"tags":[],"class_list":["post-4130","post","type-post","status-publish","format-standard","has-post-thumbnail","hentry","category-futbol"],"featured_image_urls":{"full":["https:\/\/deportodos.com.ar\/2023\/wp-content\/uploads\/2025\/09\/Gimnasia-CdU-2.jpg.webp",900,507,false],"thumbnail":["https:\/\/deportodos.com.ar\/2023\/wp-content\/uploads\/2025\/09\/Gimnasia-CdU-2.jpg-150x150.webp",150,150,true],"medium":["https:\/\/deportodos.com.ar\/2023\/wp-content\/uploads\/2025\/09\/Gimnasia-CdU-2.jpg-300x169.webp",300,169,true],"medium_large":["https:\/\/deportodos.com.ar\/2023\/wp-content\/uploads\/2025\/09\/Gimnasia-CdU-2.jpg-768x433.webp",640,361,true],"large":["https:\/\/deportodos.com.ar\/2023\/wp-content\/uploads\/2025\/09\/Gimnasia-CdU-2.jpg.webp",640,361,false],"1536x1536":["https:\/\/deportodos.com.ar\/2023\/wp-content\/uploads\/2025\/09\/Gimnasia-CdU-2.jpg.webp",900,507,false],"2048x2048":["https:\/\/deportodos.com.ar\/2023\/wp-content\/uploads\/2025\/09\/Gimnasia-CdU-2.jpg.webp",900,507,false],"covernews-featured":["https:\/\/deportodos.com.ar\/2023\/wp-content\/uploads\/2025\/09\/Gimnasia-CdU-2.jpg.webp",900,507,false],"covernews-medium":["https:\/\/deportodos.com.ar\/2023\/wp-content\/uploads\/2025\/09\/Gimnasia-CdU-2.jpg-540x340.webp",540,340,true]},"author_info":{"display_name":"c2530142","author_link":"https:\/\/deportodos.com.ar\/2023\/author\/c2530142\/"},"category_info":"<a href=\"https:\/\/deportodos.com.ar\/2023\/category\/futbol\/\" rel=\"category tag\">Futbol<\/a>","tag_info":"Futbol","comment_count":"0","_links":{"self":[{"href":"https:\/\/deportodos.com.ar\/2023\/wp-json\/wp\/v2\/posts\/4130","targetHints":{"allow":["GET"]}}],"collection":[{"href":"https:\/\/deportodos.com.ar\/2023\/wp-json\/wp\/v2\/posts"}],"about":[{"href":"https:\/\/deportodos.com.ar\/2023\/wp-json\/wp\/v2\/types\/post"}],"author":[{"embeddable":true,"href":"https:\/\/deportodos.com.ar\/2023\/wp-json\/wp\/v2\/users\/2"}],"replies":[{"embeddable":true,"href":"https:\/\/deportodos.com.ar\/2023\/wp-json\/wp\/v2\/comments?post=4130"}],"version-history":[{"count":1,"href":"https:\/\/deportodos.com.ar\/2023\/wp-json\/wp\/v2\/posts\/4130\/revisions"}],"predecessor-version":[{"id":4132,"href":"https:\/\/deportodos.com.ar\/2023\/wp-json\/wp\/v2\/posts\/4130\/revisions\/4132"}],"wp:featuredmedia":[{"embeddable":true,"href":"https:\/\/deportodos.com.ar\/2023\/wp-json\/wp\/v2\/media\/4131"}],"wp:attachment":[{"href":"https:\/\/deportodos.com.ar\/2023\/wp-json\/wp\/v2\/media?parent=4130"}],"wp:term":[{"taxonomy":"category","embeddable":true,"href":"https:\/\/deportodos.com.ar\/2023\/wp-json\/wp\/v2\/categories?post=4130"},{"taxonomy":"post_tag","embeddable":true,"href":"https:\/\/deportodos.com.ar\/2023\/wp-json\/wp\/v2\/tags?post=4130"}],"curies":[{"name":"wp","href":"https:\/\/api.w.org\/{rel}","templated":true}]}}