{"id":4133,"date":"2025-09-01T10:40:53","date_gmt":"2025-09-01T10:40:53","guid":{"rendered":"https:\/\/deportodos.com.ar\/2023\/?p=4133"},"modified":"2025-09-01T10:40:57","modified_gmt":"2025-09-01T10:40:57","slug":"la-ciudad-vivio-la-segunda-edicion-de-la-travesia-del-parana-de-aguas-abiertas","status":"publish","type":"post","link":"https:\/\/deportodos.com.ar\/2023\/la-ciudad-vivio-la-segunda-edicion-de-la-travesia-del-parana-de-aguas-abiertas\/","title":{"rendered":"LA CIUDAD VIVI\u00d3 LA SEGUNDA EDICI\u00d3N DE LA TRAVES\u00cdA DEL PARAN\u00c1 DE AGUAS ABIERTAS"},"content":{"rendered":"\n<h4 class=\"wp-block-heading\">Este s\u00e1bado participaron m\u00e1s de 100 nadadores de distintos puntos del pa\u00eds. Un paranaense y tres visitantes se adjudicaron la competencia. Fue organizado por la Municipalidad de Paran\u00e1, NAF Concordia y Nataci\u00f3n R\u00edo Uruguay.&nbsp;<\/h4>\n\n\n\n<p>Se trata de Abel Cheseaux y Melina Fern\u00e1ndez (con traje de neopreno); y V\u00edctor Leriche y Silvina Crosa (sin traje), que llegaron primeros en la carrera general de la modalidad competitiva.&nbsp;<\/p>\n\n\n\n<p>Los competidores de todo el pa\u00eds se animaron a desafiar la corriente del r\u00edo Paran\u00e1 y llegar a la meta con la emoci\u00f3n del deber cumplido. La segunda edici\u00f3n de la Traves\u00eda del Paran\u00e1 de Aguas Abiertas tuvo la participaci\u00f3n de nadadores, que se dividieron en modalidades: la competitiva, de 7.5 kil\u00f3metros, que tuvo su punto de partida en Puerto Barrancas; y la participativa, de 2.5 kil\u00f3metros con largada desde el Balneario Thompson.<\/p>\n\n\n\n<p>En la competencia general de la modalidad 2 con traje de neopreno, el ganador en caballeros fue Abel Cheseaux (54 minutos de carrera), oriundo de Arroyo Seco; mientras que en damas la triunfadora fue Melina Fern\u00e1ndez (1:01), de la ciudad de Funes, ambos de la provincia de Santa Fe.\u00a0<\/p>\n\n\n\n<p>En la misma modalidad, pero sin traje, el que lleg\u00f3 primero entre los varones fue el paranaense V\u00edctor Leriche (1:02); mientras que entre las mujeres, la primera en alcanzar la meta fue Silvina Crosa (1:04), de la ciudad de Villaguay.<\/p>\n\n\n\n<p>El punto de llegada de los competidores fue el Balneario Municipal, donde decenas de paranaenses se acercaron para conocer a los ganadores y presenciar la respectiva entrega de premios. All\u00ed tambi\u00e9n estuvieron el viceintendente, David C\u00e1ceres; el Jefe de Gabinete de la Municipalidad, Santiago Halle; el subsecretario de Deportes, Juan Arbitelli; las concejalas Fernanda Facello y Susana Far\u00edas, y otros funcionarios.<\/p>\n\n\n\n<p>\u201cEstamos muy contentos porque el clima nos acompa\u00f1\u00f3 en esta traves\u00eda, los ganadores tambi\u00e9n llegaron contentos porque cumplieron con sus objetivos. Como Municipio fortalecer este tipo de pol\u00edticas que mejoran la vida, la salud de las personas, el deporte, con recursos 100% paranaenses, es importante y vamos a seguir haci\u00e9ndolo\u201d, indic\u00f3 Halle.<\/p>\n\n\n\n<p>Por su parte, Arbitelli, destac\u00f3: \u201cEl tiempo nos acompa\u00f1\u00f3, haber completado la carrera sin ning\u00fan inconveniente y con todos los nadadores llegando a la meta nos orgullece mucho\u201d.&nbsp;<\/p>\n\n\n\n<p>Hubo nadadores de otras provincias del pa\u00eds y de Uruguay. \u201cEso para nosotros es un dato muy importante, porque sigue poniendo a Paran\u00e1 entre las 10 ciudades que m\u00e1s atraen turismo de eventos, as\u00ed que es una pol\u00edtica que la intendenta Rosario Romero siempre nos pide que trabajemos en ese sentido\u201d, dijo el funcionario.<\/p>\n\n\n\n<p>Tambi\u00e9n se destac\u00f3 la tarea que cumplieron los guardavidas, la Escuela de Canotaje, Expedici\u00f3n y Nataci\u00f3n en Aguas Abiertas (ECENAA), los Amigos del R\u00edo, Olona y Paran\u00e1 Rowing Club, quienes acompa\u00f1aron y cuidaron a los nadadores en su trayecto.<\/p>\n\n\n\n<p>Dante Cejas, uno de los organizadores de la competencia, se mostr\u00f3 satisfecho y emocionado porque \u201cpudieron llegar todos los nadadores, tanto los de siete kil\u00f3metros y medio como los de dos y medio. Nadar en el Paran\u00e1 es una experiencia hermosa\u201d.<\/p>\n\n\n\n<p><strong><br>Repercusiones: la voz de los ganadores<\/strong><\/p>\n\n\n\n<p>Abel Cheseaux expres\u00f3: \u201cMuy contento porque es la primera vez que corro en agua fr\u00eda, si bien fue con traje, pero feliz con el resultado obtenido\u201d. Luego, el ganador tambi\u00e9n valor\u00f3 la organizaci\u00f3n: \u201cLa veo muy buena, ya la conozco de antes, pero me gusta c\u00f3mo trabajan todo en conjunto el Municipio de Paran\u00e1 con las entidades privadas en este caso Nataci\u00f3n R\u00edo Uruguay\u00bb.<\/p>\n\n\n\n<p>Melina Fern\u00e1ndez a\u00f1adi\u00f3: \u201cFue muy lindo. Vengo a nadar seguido a Paran\u00e1, esta \u00faltima parte del recorrido la conoc\u00eda, aprovech\u00e9 la corriente y eso me ayud\u00f3 a ganar\u201d.<\/p>\n\n\n\n<p>V\u00edctor Leriche, de Paran\u00e1 (ganador en los 7,5 km sin traje), finaliz\u00f3: \u201cMuy conforme con el resultado, me sent\u00ed bien en el trayecto, acompa\u00f1ado por todo el protocolo de seguridad que hab\u00eda y dem\u00e1s\u201d.<\/p>\n\n\n\n<p><strong><br>Clasificaci\u00f3n final<\/strong><\/p>\n\n\n\n<p><strong>Competitivo general, 7,5 Km con traje (varones)<\/strong><\/p>\n\n\n\n<p>1\u00b0) Abel Cheseaux (Arroyo Seco)<br>2\u00b0) Mauricio Arias (Formosa)<br>3\u00b0) Ariano Motta (Colonia-Uruguay)<br>4\u00b0) Angel Tassisto (Marcos Ju\u00e1rez)<br>5\u00b0) Gabriel Gonz\u00e1lez (Rosario)<br>6\u00b0) Franco Di Camillo (Jos\u00e9 L. Su\u00e1rez)<br>7\u00b0) Sebasti\u00e1n Merele (Villaguay)<br>8\u00b0) Ramiro Guglielmone (Curuz\u00fa Cuati\u00e1)<br>9\u00b0) Eduardo Fern\u00e1ndez (Ciudad de la Costa)<br>10\u00b0) Marcelo Molina (Rosario)<\/p>\n\n\n\n<p><strong><br>Competitivo general, 7,5 Km con traje (mujeres)<\/strong><\/p>\n\n\n\n<p>1\u00b0) Melina Fern\u00e1ndez (Funes)<br>2\u00b0) Daniela Corrales (Ciudad Aut\u00f3noma de Buenos Aires)<br>3\u00b0) Florencia Appollonio (Villa Ballester)<br>4\u00b0) Cecilia Almada (Concordia)<br>5\u00b0) Mar\u00eda Bel\u00e9n Gonz\u00e1lez (Paran\u00e1)<br>6\u00b0) Claudia Vicchio (San Marcos Sierras)<br>7\u00b0) Ver\u00f3nica Franceschi (Ciudad Aut\u00f3noma de Buenos Aires)<br>8\u00b0) Patricia Meichtry (Villaguay)<\/p>\n\n\n\n<p><strong><br>Competitivo general, 7,5 Km sin traje (varones)<\/strong><\/p>\n\n\n\n<p>1\u00b0) V\u00edctor Leriche (Paran\u00e1)<br>2\u00b0) Fernando Valazza (Concordia)<br>3\u00b0) N\u00e9stor Masnatta (Ciudad Aut\u00f3noma de Buenos Aires)<br>4\u00b0) Mauricio Lazo (Ituzaing\u00f3)<br>5\u00b0) Leonardo Selva (Santa Fe)<br>6\u00b0) Juan Jos\u00e9 Mesaglio (Estancia Grande)<br>7\u00b0) Sebasti\u00e1n Baracchi (Buenos Aires)<br>8\u00b0) Nicol\u00e1s Angarola (Concordia)<br>9\u00b0) Jorge Calder\u00f3n (30 de Agosto)<br>10\u00b0) Tom\u00e1s Soules (Ituzaing\u00f3)<\/p>\n\n\n\n<p><strong><br>Competitivo general, 7,5 Km sin traje (mujeres)<\/strong><\/p>\n\n\n\n<p>1\u00b0) Silvina Crosa (Villaguay)<br>2\u00b0) Anal\u00eda San Leandro (Ciudad Aut\u00f3noma de Buenos Aires)<br>3\u00b0) Julieta Bravo (Claypole)<br>4\u00b0) Mar\u00eda Ledesma (Concordia)<br>5\u00b0) Yanina Corsi (Federaci\u00f3n)<br>6\u00b0) Teresita Ferreyra (Villaguay)<br>7\u00b0) Mar\u00eda Taborda (Concordia)<br>8\u00b0) Alicia Mi\u00f1o (Concordia)<br>9\u00b0) Carla Gigante (Ricardone)<br>10\u00b0) Rosa Monroe (Col\u00f3n)<\/p>\n\n\n\n<p><strong><br>Participativo general, 2,5 Km con traje (mujeres)<\/strong><\/p>\n\n\n\n<p>1\u00b0) Nina Denise Romero Bidegorry (Villaguay)<br>2\u00b0) Andrea Fainberg (Rosario)<br>3\u00b0) Victoria Luquez (Paran\u00e1)<br>4\u00b0) Mar\u00eda de los \u00c1ngeles Berretino (Ciudad Aut\u00f3noma de Buenos Aires)<\/p>\n\n\n\n<p><strong><br>Participativo general, 2,5 Km con traje (varones)<\/strong><\/p>\n\n\n\n<p>1\u00b0) Javier Nales (Libertador San Mart\u00edn)<br>2\u00b0) Jos\u00e9 Hern\u00e1ndez (San Benito)<br>3\u00b0) Jos\u00e9 Luis Lazo (Gualeguay)<br>4\u00b0) Francisco Guibert (Santa Fe)<br>5\u00b0) Gonzalo Lastra (Villaguay)<br>6\u00b0) Guillermo Taramasso (Paran\u00e1)<\/p>\n\n\n\n<p><strong><br>Participativo general, 2,5 Km sin traje (mujeres)<\/strong><\/p>\n\n\n\n<p>1\u00b0) Norma Ceballos (Bella Vista)<br>2\u00b0) Liliana Lanzuolo (Concordia)<br>3\u00b0) Mar\u00eda Eugenia Otaegui (Concordia)<br>4\u00b0) Evangelina Brondello (Rosario)<br>5\u00b0) Norma Del Giudice (San Miguel)<br>6\u00b0) Vero Gonz\u00e1lez (Villaguay)<br>7\u00b0) Liliana Martucci (Moreno)<br>8\u00b0) Susana Bravo (Concepci\u00f3n del Uruguay)<br>9\u00b0) Claudia Morana (San Mart\u00edn \u2013 Buenos Aires)<br>10\u00b0) M\u00f3nica Guevara (Ciudad Aut\u00f3noma de Buenos Aires)<\/p>\n\n\n\n<p><strong><br>Participativo general, 2,5 Km sin traje (varones)<\/strong><\/p>\n\n\n\n<p>23s1\u00b0) Pedro Issler (Villaguay)<br>2\u00b0) Pablo Armas (Rosario)<br>3\u00b0) Federico Oliveira (La Matanza)<br>4\u00b0) Roberto Lodi (Federaci\u00f3n)<br>5\u00b0) Gabriel Semmler (Paso del Rey)<br>6\u00b0) Guzm\u00e1n Silva (Florida \u2013Rep\u00fablica Oriental del Uruguay)<br>7\u00b0) Mariano Monz\u00f3n (Paran\u00e1)<br>8\u00b0) Roberto Castelli (Concordia)<br>9\u00b0) Eduardo Mato (San Miguel)<br>10\u00b0) Pablo Muntes (Concepci\u00f3n del Uruguay)<\/p>\n","protected":false},"excerpt":{"rendered":"<p>Este s\u00e1bado participaron m\u00e1s de 100 nadadores de distintos puntos del pa\u00eds. Un paranaense y&#8230;<\/p>\n","protected":false},"author":2,"featured_media":4134,"comment_status":"open","ping_status":"open","sticky":false,"template":"","format":"standard","meta":{"footnotes":""},"categories":[49],"tags":[],"class_list":["post-4133","post","type-post","status-publish","format-standard","has-post-thumbnail","hentry","category-aguas-abiertas"],"featured_image_urls":{"full":["https:\/\/deportodos.com.ar\/2023\/wp-content\/uploads\/2025\/09\/6f4aee5f56ead2f7b64ea3db8790a812.jpg",1280,853,false],"thumbnail":["https:\/\/deportodos.com.ar\/2023\/wp-content\/uploads\/2025\/09\/6f4aee5f56ead2f7b64ea3db8790a812-150x150.jpg",150,150,true],"medium":["https:\/\/deportodos.com.ar\/2023\/wp-content\/uploads\/2025\/09\/6f4aee5f56ead2f7b64ea3db8790a812-300x200.jpg",300,200,true],"medium_large":["https:\/\/deportodos.com.ar\/2023\/wp-content\/uploads\/2025\/09\/6f4aee5f56ead2f7b64ea3db8790a812-768x512.jpg",640,427,true],"large":["https:\/\/deportodos.com.ar\/2023\/wp-content\/uploads\/2025\/09\/6f4aee5f56ead2f7b64ea3db8790a812-1024x682.jpg",640,426,true],"1536x1536":["https:\/\/deportodos.com.ar\/2023\/wp-content\/uploads\/2025\/09\/6f4aee5f56ead2f7b64ea3db8790a812.jpg",1280,853,false],"2048x2048":["https:\/\/deportodos.com.ar\/2023\/wp-content\/uploads\/2025\/09\/6f4aee5f56ead2f7b64ea3db8790a812.jpg",1280,853,false],"covernews-featured":["https:\/\/deportodos.com.ar\/2023\/wp-content\/uploads\/2025\/09\/6f4aee5f56ead2f7b64ea3db8790a812-1024x682.jpg",1024,682,true],"covernews-medium":["https:\/\/deportodos.com.ar\/2023\/wp-content\/uploads\/2025\/09\/6f4aee5f56ead2f7b64ea3db8790a812-540x340.jpg",540,340,true]},"author_info":{"display_name":"c2530142","author_link":"https:\/\/deportodos.com.ar\/2023\/author\/c2530142\/"},"category_info":"<a href=\"https:\/\/deportodos.com.ar\/2023\/category\/aguas-abiertas\/\" rel=\"category tag\">Aguas abiertas<\/a>","tag_info":"Aguas abiertas","comment_count":"0","_links":{"self":[{"href":"https:\/\/deportodos.com.ar\/2023\/wp-json\/wp\/v2\/posts\/4133","targetHints":{"allow":["GET"]}}],"collection":[{"href":"https:\/\/deportodos.com.ar\/2023\/wp-json\/wp\/v2\/posts"}],"about":[{"href":"https:\/\/deportodos.com.ar\/2023\/wp-json\/wp\/v2\/types\/post"}],"author":[{"embeddable":true,"href":"https:\/\/deportodos.com.ar\/2023\/wp-json\/wp\/v2\/users\/2"}],"replies":[{"embeddable":true,"href":"https:\/\/deportodos.com.ar\/2023\/wp-json\/wp\/v2\/comments?post=4133"}],"version-history":[{"count":1,"href":"https:\/\/deportodos.com.ar\/2023\/wp-json\/wp\/v2\/posts\/4133\/revisions"}],"predecessor-version":[{"id":4135,"href":"https:\/\/deportodos.com.ar\/2023\/wp-json\/wp\/v2\/posts\/4133\/revisions\/4135"}],"wp:featuredmedia":[{"embeddable":true,"href":"https:\/\/deportodos.com.ar\/2023\/wp-json\/wp\/v2\/media\/4134"}],"wp:attachment":[{"href":"https:\/\/deportodos.com.ar\/2023\/wp-json\/wp\/v2\/media?parent=4133"}],"wp:term":[{"taxonomy":"category","embeddable":true,"href":"https:\/\/deportodos.com.ar\/2023\/wp-json\/wp\/v2\/categories?post=4133"},{"taxonomy":"post_tag","embeddable":true,"href":"https:\/\/deportodos.com.ar\/2023\/wp-json\/wp\/v2\/tags?post=4133"}],"curies":[{"name":"wp","href":"https:\/\/api.w.org\/{rel}","templated":true}]}}