{"id":4151,"date":"2025-09-03T19:00:05","date_gmt":"2025-09-03T19:00:05","guid":{"rendered":"https:\/\/deportodos.com.ar\/2023\/?p=4151"},"modified":"2025-09-03T19:00:06","modified_gmt":"2025-09-03T19:00:06","slug":"con-tres-entrerrianos-seran-34-los-equipos-en-la-liga-argentina-de-basquetbol","status":"publish","type":"post","link":"https:\/\/deportodos.com.ar\/2023\/con-tres-entrerrianos-seran-34-los-equipos-en-la-liga-argentina-de-basquetbol\/","title":{"rendered":"CON TRES ENTRERRIANOS, SER\u00c1N 34 LOS EQUIPOS EN LA LIGA ARGENTINA DE BASQUETBOL"},"content":{"rendered":"\n<p>La pr\u00f3xima temporada de la Liga Argentina de B\u00e1squetbol contar\u00e1 con la participaci\u00f3n de 34 equipos: tres de ellos ser\u00e1n entrerrianos. Se trata de La Uni\u00f3n de Col\u00f3n, Tom\u00e1s de Rocamora de Concepci\u00f3n del Uruguay y Central Entrerriano de Gualeguaych\u00fa, quienes formar\u00e1n parte de la Conferencia Sur del certamen que comenzar\u00e1 en noviembre.<\/p>\n\n\n\n<p>Cabe destacar que La Uni\u00f3n de Col\u00f3n mantuvo la categor\u00eda y Rocamora acord\u00f3 deportivamente utilizar la plaza del Atl\u00e9tico Echag\u00fce Club (que previamente hab\u00eda anunciado que la vender\u00eda). Por su parte, Central Entrerriano consigui\u00f3 el ascenso desde la Liga Federal.<\/p>\n\n\n\n<p>Seg\u00fan anunci\u00f3 la Mesa de Directiva de la Asociaci\u00f3n de Clubes (AdC) anunci\u00f3 este lunes que la categor\u00eda ver\u00e1 ampliada su cantidad de equipos a 34 -17 por Conferencia-, siendo las caras nuevas Hind\u00fa Club de C\u00f3rdoba, Bochas de Colonia Caroya y Hurac\u00e1n de Las Heras, adem\u00e1s de los ascendidos desde La Liga Federal: Central Entrerriano y Santa Paula de G\u00e1lvez.<\/p>\n\n\n\n<p>Por otra parte, Hispano Americano de R\u00edo Gallegos decidi\u00f3 vender su plaza y Z\u00e1rate Basket, descendido, opt\u00f3 por no participar de la categor\u00eda. As\u00edmismo, tal cual se informara oportunamente, Riachuelo intercambi\u00f3 su plaza con la Asociaci\u00f3n de Clubes y disputar\u00e1 La Liga Argentina bajo el nombre de Fusi\u00f3n Riojana.<\/p>\n\n\n\n<p>La temporada 2025\/26 de la segunda categor\u00eda profesional del b\u00e1squet argentino comenzar\u00e1 los primeros d\u00edas de noviembre. Se disputar\u00e1 un torneo \u00fanico dividido en dos conferencias con formato todos contra todos.<\/p>\n\n\n\n<p>Para el ordenamiento de las Conferencias,&nbsp;el Departamento de Competencias tom\u00f3 el menor recorrido posible de las mismas y de cada uno de los clubes&nbsp;en busca de la optimizaci\u00f3n log\u00edstica.<\/p>\n\n\n\n<p>La fase regular culminar\u00e1 a finales de marzo 2026 para dar paso a los playoffs. En esa instancia, los equipos ubicados de 1\u00ba al 4\u00ba puesto esperar\u00e1n la Reclasificaci\u00f3n del 5\u00ba al 12\u00ba lugar.<\/p>\n\n\n\n<p>La serie de octavos de final se disputar\u00e1 dentro de cada conferencia y en cuartos de final los mejores cuatro equipos de la Conferencia Norte y los cuatro mejores equipos de la Conferencia Sur se cruzar\u00e1n entre s\u00ed. Las Finales definir\u00e1n el ascendido a La Liga Nacional 2026\/27.<\/p>\n\n\n\n<p><strong>Conferencia Norte<\/strong><\/p>\n\n\n\n<p>Amancay de La Rioja<\/p>\n\n\n\n<p>Barrio Parque de C\u00f3rdoba<\/p>\n\n\n\n<p>Bochas de Colonia Caroya<\/p>\n\n\n\n<p>Col\u00f3n de Santa Fe<\/p>\n\n\n\n<p>Comunicaciones de Mercedes<\/p>\n\n\n\n<p>Estudiantes de Tucum\u00e1n<\/p>\n\n\n\n<p>Fusi\u00f3n Riojana<\/p>\n\n\n\n<p>Hind\u00fa de C\u00f3rdoba<\/p>\n\n\n\n<p>Hurac\u00e1n de Las Heras<\/p>\n\n\n\n<p>Independiente de Santiago del Estero<\/p>\n\n\n\n<p>Jujuy B\u00e1squet<\/p>\n\n\n\n<p>Rivadavia de Mendoza<\/p>\n\n\n\n<p>Salta Basket<\/p>\n\n\n\n<p>San Isidro de San Francisco<\/p>\n\n\n\n<p>Santa Paula de Galvez<\/p>\n\n\n\n<p>Sportivo Suardi<\/p>\n\n\n\n<p>Villa San Mart\u00edn de Resistencia<\/p>\n\n\n\n<p><strong>Conferencia Sur<\/strong><\/p>\n\n\n\n<p>Centenario de Venado Tuerto<\/p>\n\n\n\n<p><strong>Central Entrerriano de Gualeguaych\u00fa<\/strong><\/p>\n\n\n\n<p>Ciclista Juninense<\/p>\n\n\n\n<p>Deportivo Norte de Armstrong<\/p>\n\n\n\n<p>Deportivo Viedma<\/p>\n\n\n\n<p>El Talar<\/p>\n\n\n\n<p>Gimnasia y Esgrima La Plata<\/p>\n\n\n\n<p><strong>La Uni\u00f3n de Col\u00f3n<\/strong><\/p>\n\n\n\n<p>Lan\u00fas<\/p>\n\n\n\n<p>Pergamino B\u00e1squet<\/p>\n\n\n\n<p>Pico Football Club<\/p>\n\n\n\n<p>Provincial de Rosario<\/p>\n\n\n\n<p>Quilmes de Mar del Plata<\/p>\n\n\n\n<p>Racing de Avellaneda<\/p>\n\n\n\n<p><strong>Tom\u00e1s de Rocamora&nbsp; de Concepci\u00f3n del Uruguay<\/strong><\/p>\n\n\n\n<p>Uni\u00f3n de Mar del Plata<\/p>\n\n\n\n<p>Villa Mitre de Bah\u00eda Blanca<\/p>\n\n\n\n<blockquote class=\"wp-block-quote is-layout-flow wp-block-quote-is-layout-flow\">\n<p>www.analisisdigital.com.ar<\/p>\n<\/blockquote>\n","protected":false},"excerpt":{"rendered":"<p>La pr\u00f3xima temporada de la Liga Argentina de B\u00e1squetbol contar\u00e1 con la participaci\u00f3n de 34&#8230;<\/p>\n","protected":false},"author":2,"featured_media":4152,"comment_status":"open","ping_status":"open","sticky":false,"template":"","format":"standard","meta":{"footnotes":""},"categories":[9],"tags":[],"class_list":["post-4151","post","type-post","status-publish","format-standard","has-post-thumbnail","hentry","category-basquet"],"featured_image_urls":{"full":["https:\/\/deportodos.com.ar\/2023\/wp-content\/uploads\/2025\/09\/Diseno-sin-titulo_0.png.webp",900,507,false],"thumbnail":["https:\/\/deportodos.com.ar\/2023\/wp-content\/uploads\/2025\/09\/Diseno-sin-titulo_0.png-150x150.webp",150,150,true],"medium":["https:\/\/deportodos.com.ar\/2023\/wp-content\/uploads\/2025\/09\/Diseno-sin-titulo_0.png-300x169.webp",300,169,true],"medium_large":["https:\/\/deportodos.com.ar\/2023\/wp-content\/uploads\/2025\/09\/Diseno-sin-titulo_0.png-768x433.webp",640,361,true],"large":["https:\/\/deportodos.com.ar\/2023\/wp-content\/uploads\/2025\/09\/Diseno-sin-titulo_0.png.webp",640,361,false],"1536x1536":["https:\/\/deportodos.com.ar\/2023\/wp-content\/uploads\/2025\/09\/Diseno-sin-titulo_0.png.webp",900,507,false],"2048x2048":["https:\/\/deportodos.com.ar\/2023\/wp-content\/uploads\/2025\/09\/Diseno-sin-titulo_0.png.webp",900,507,false],"covernews-featured":["https:\/\/deportodos.com.ar\/2023\/wp-content\/uploads\/2025\/09\/Diseno-sin-titulo_0.png.webp",900,507,false],"covernews-medium":["https:\/\/deportodos.com.ar\/2023\/wp-content\/uploads\/2025\/09\/Diseno-sin-titulo_0.png-540x340.webp",540,340,true]},"author_info":{"display_name":"c2530142","author_link":"https:\/\/deportodos.com.ar\/2023\/author\/c2530142\/"},"category_info":"<a href=\"https:\/\/deportodos.com.ar\/2023\/category\/basquet\/\" rel=\"category tag\">Basquet<\/a>","tag_info":"Basquet","comment_count":"0","_links":{"self":[{"href":"https:\/\/deportodos.com.ar\/2023\/wp-json\/wp\/v2\/posts\/4151","targetHints":{"allow":["GET"]}}],"collection":[{"href":"https:\/\/deportodos.com.ar\/2023\/wp-json\/wp\/v2\/posts"}],"about":[{"href":"https:\/\/deportodos.com.ar\/2023\/wp-json\/wp\/v2\/types\/post"}],"author":[{"embeddable":true,"href":"https:\/\/deportodos.com.ar\/2023\/wp-json\/wp\/v2\/users\/2"}],"replies":[{"embeddable":true,"href":"https:\/\/deportodos.com.ar\/2023\/wp-json\/wp\/v2\/comments?post=4151"}],"version-history":[{"count":1,"href":"https:\/\/deportodos.com.ar\/2023\/wp-json\/wp\/v2\/posts\/4151\/revisions"}],"predecessor-version":[{"id":4153,"href":"https:\/\/deportodos.com.ar\/2023\/wp-json\/wp\/v2\/posts\/4151\/revisions\/4153"}],"wp:featuredmedia":[{"embeddable":true,"href":"https:\/\/deportodos.com.ar\/2023\/wp-json\/wp\/v2\/media\/4152"}],"wp:attachment":[{"href":"https:\/\/deportodos.com.ar\/2023\/wp-json\/wp\/v2\/media?parent=4151"}],"wp:term":[{"taxonomy":"category","embeddable":true,"href":"https:\/\/deportodos.com.ar\/2023\/wp-json\/wp\/v2\/categories?post=4151"},{"taxonomy":"post_tag","embeddable":true,"href":"https:\/\/deportodos.com.ar\/2023\/wp-json\/wp\/v2\/tags?post=4151"}],"curies":[{"name":"wp","href":"https:\/\/api.w.org\/{rel}","templated":true}]}}