{"id":4201,"date":"2025-09-14T05:46:22","date_gmt":"2025-09-14T05:46:22","guid":{"rendered":"https:\/\/deportodos.com.ar\/2023\/?p=4201"},"modified":"2025-09-14T05:47:08","modified_gmt":"2025-09-14T05:47:08","slug":"sexta-fecha-del-duatlon-jeep","status":"publish","type":"post","link":"https:\/\/deportodos.com.ar\/2023\/sexta-fecha-del-duatlon-jeep\/","title":{"rendered":"SEXTA FECHA DEL DUATL\u00d3N JEEP"},"content":{"rendered":"\n<p>En una tarde espl\u00e9ndida de sol y un clima ideal se llev\u00f3 a cabo en Los Charruas la sexta fecha del \u00abCircuito Provincial de Duatl\u00f3n Jeep\u00bb que fue ganada en forma brillante por los concordienses Eduardo PELICHERO y la flamante campeona Ana Maria BRUNINI.<\/p>\n\n\n\n<p>Segundos y terceros fueron en varones Gabriel PRIANO (Mercedes R.O.U) y Alejandro RICAGNO (Concordia), mientras que en damas las escoltas fueron Karen ZAGURSKY (C.del Uruguay) y Carina URBANI (Concordia).<\/p>\n\n\n\n<p>En la distancia Sprint se impusieron el uruguayo Sebasti\u00e1n RACUA y la representante de Goya Teresita ZOLEZZI.<\/p>\n\n\n\n<p>Y en Postas nuevamente el triunfo de los de la capital del arroz, Marcelo VILLAGRA y Mateo OTEIZZA.<\/p>\n\n\n\n<p>Sin dudas una hermosa carrera y de muy prolija organizaci\u00f3n por parte de Muni Los Charr\u00faas y todo el equipo de la Direcci\u00f3n de Deportes, quienes junto a la A.C.P.C. brindaron otra gran fecha para este prestigioso y exitoso circuito que tendr\u00e1 su fecha final el domingo 5 de octubre en Villa del Rosario donde se sabr\u00e1 quien ser\u00e1 el campe\u00f3n en varones, y para el cual se prepara una gran fiesta para coronar de la mejor manera el cierre de otra notable temporada.<\/p>\n\n\n\n<p>Resultados:<\/p>\n\n\n\n<p><a href=\"https:\/\/drive.google.com\/file\/d\/12NfQYbPwCr6eoVh5B-oepfZaefaZB1k8\/view?fbclid=IwdGRjcAMzNhJjbGNrAzM2DWV4dG4DYWVtAjExAAEeXi7x6HYPmAEbv3MHf-m_1FKQzpKaCXcGVnnjpqvd1mJcbMingb5PC45mbU4_aem_eJRMPKUnl41mfdVgS9GFvA\">https:\/\/drive.google.com\/file\/d\/12NfQYbPwCr6eoVh5B-oepfZaefaZB1k8\/view?fbclid=IwdGRjcAMzNhJjbGNrAzM2DWV4dG4DYWVtAjExAAEeXi7x6HYPmAEbv3MHf-m_1FKQzpKaCXcGVnnjpqvd1mJcbMingb5PC45mbU4_aem_eJRMPKUnl41mfdVgS9GFvA<\/a><\/p>\n","protected":false},"excerpt":{"rendered":"<p>En una tarde espl\u00e9ndida de sol y un clima ideal se llev\u00f3 a cabo en&#8230;<\/p>\n","protected":false},"author":2,"featured_media":4202,"comment_status":"open","ping_status":"open","sticky":false,"template":"","format":"standard","meta":{"footnotes":""},"categories":[18],"tags":[],"class_list":["post-4201","post","type-post","status-publish","format-standard","has-post-thumbnail","hentry","category-duatlon"],"featured_image_urls":{"full":["https:\/\/deportodos.com.ar\/2023\/wp-content\/uploads\/2025\/09\/FB_IMG_1757828656101.jpg",1000,1500,false],"thumbnail":["https:\/\/deportodos.com.ar\/2023\/wp-content\/uploads\/2025\/09\/FB_IMG_1757828656101-150x150.jpg",150,150,true],"medium":["https:\/\/deportodos.com.ar\/2023\/wp-content\/uploads\/2025\/09\/FB_IMG_1757828656101-200x300.jpg",200,300,true],"medium_large":["https:\/\/deportodos.com.ar\/2023\/wp-content\/uploads\/2025\/09\/FB_IMG_1757828656101-768x1152.jpg",640,960,true],"large":["https:\/\/deportodos.com.ar\/2023\/wp-content\/uploads\/2025\/09\/FB_IMG_1757828656101-683x1024.jpg",640,960,true],"1536x1536":["https:\/\/deportodos.com.ar\/2023\/wp-content\/uploads\/2025\/09\/FB_IMG_1757828656101.jpg",1000,1500,false],"2048x2048":["https:\/\/deportodos.com.ar\/2023\/wp-content\/uploads\/2025\/09\/FB_IMG_1757828656101.jpg",1000,1500,false],"covernews-featured":["https:\/\/deportodos.com.ar\/2023\/wp-content\/uploads\/2025\/09\/FB_IMG_1757828656101.jpg",1000,1500,false],"covernews-medium":["https:\/\/deportodos.com.ar\/2023\/wp-content\/uploads\/2025\/09\/FB_IMG_1757828656101-540x340.jpg",540,340,true]},"author_info":{"display_name":"c2530142","author_link":"https:\/\/deportodos.com.ar\/2023\/author\/c2530142\/"},"category_info":"<a href=\"https:\/\/deportodos.com.ar\/2023\/category\/duatlon\/\" rel=\"category tag\">Duatlon<\/a>","tag_info":"Duatlon","comment_count":"0","_links":{"self":[{"href":"https:\/\/deportodos.com.ar\/2023\/wp-json\/wp\/v2\/posts\/4201","targetHints":{"allow":["GET"]}}],"collection":[{"href":"https:\/\/deportodos.com.ar\/2023\/wp-json\/wp\/v2\/posts"}],"about":[{"href":"https:\/\/deportodos.com.ar\/2023\/wp-json\/wp\/v2\/types\/post"}],"author":[{"embeddable":true,"href":"https:\/\/deportodos.com.ar\/2023\/wp-json\/wp\/v2\/users\/2"}],"replies":[{"embeddable":true,"href":"https:\/\/deportodos.com.ar\/2023\/wp-json\/wp\/v2\/comments?post=4201"}],"version-history":[{"count":2,"href":"https:\/\/deportodos.com.ar\/2023\/wp-json\/wp\/v2\/posts\/4201\/revisions"}],"predecessor-version":[{"id":4204,"href":"https:\/\/deportodos.com.ar\/2023\/wp-json\/wp\/v2\/posts\/4201\/revisions\/4204"}],"wp:featuredmedia":[{"embeddable":true,"href":"https:\/\/deportodos.com.ar\/2023\/wp-json\/wp\/v2\/media\/4202"}],"wp:attachment":[{"href":"https:\/\/deportodos.com.ar\/2023\/wp-json\/wp\/v2\/media?parent=4201"}],"wp:term":[{"taxonomy":"category","embeddable":true,"href":"https:\/\/deportodos.com.ar\/2023\/wp-json\/wp\/v2\/categories?post=4201"},{"taxonomy":"post_tag","embeddable":true,"href":"https:\/\/deportodos.com.ar\/2023\/wp-json\/wp\/v2\/tags?post=4201"}],"curies":[{"name":"wp","href":"https:\/\/api.w.org\/{rel}","templated":true}]}}