{"id":4205,"date":"2025-09-14T16:03:20","date_gmt":"2025-09-14T16:03:20","guid":{"rendered":"https:\/\/deportodos.com.ar\/2023\/?p=4205"},"modified":"2025-09-14T16:03:21","modified_gmt":"2025-09-14T16:03:21","slug":"el-colonense-lisandro-frossard-se-quedo-con-el-triunfo-en-la-decimasegunda-edicion","status":"publish","type":"post","link":"https:\/\/deportodos.com.ar\/2023\/el-colonense-lisandro-frossard-se-quedo-con-el-triunfo-en-la-decimasegunda-edicion\/","title":{"rendered":"EL COLONENSE LISANDRO FROSSARD SE QUED\u00d3 CON EL TRIUNFO EN LA D\u00c9CIMASEGUNDA EDICI\u00d3N"},"content":{"rendered":"\n<p>Se desarroll\u00f3 ayer con total \u00e9xito la d\u00e9cimasegunda edici\u00f3n de la Marat\u00f3n \u201cTodos Somos Alcec\u201d, la que reuni\u00f3 alrededor de 3000 atletas, provenientes de distintas ciudades de la provincia de Entre R\u00edos y la Rep\u00fablica Oriental del Uruguay.<\/p>\n\n\n\n<p>La clasificaci\u00f3n general fue ganada por el maratonista de la localidad de Col\u00f3n Lisandro Frossard, quien fue escoltado por el elisense Joaqu\u00edn Chanseaud y tercero finaliz\u00f3 el villaguayense Ram\u00f3n Rebossio.<\/p>\n\n\n\n<p>La general de Damas la que logr\u00f3 el triunfo fue la basavilbasense Malvina Qui\u00f1onez, segunda se ubic\u00f3 la atleta de nuestra ciudad Mar\u00eda del Pilar R\u00edos y tercera termin\u00f3 otra local Magdalena Slootmans.<\/p>\n\n\n\n<p><strong>Clasificador<br>Clasficiaci\u00f3n de Caballeros<\/strong><br>1\u00b0 Lisandro Frossard (Col\u00f3n)<br>2\u00b0 Joaqu\u00edn Chanseaud (Villa Elisa)<br>3\u00b0 Ram\u00f3n Rebossio (Villaguay)<br>4\u00b0 Gabriel Gonz\u00e1lez (Gualeguay)<br>5\u00b0 Renzo C\u00e9spedes (Campana)<br>6\u00b0 Facundo Pisano (C. del Uruguay)<br>7\u00b0 Mat\u00edas Kap (Caseros)<br>8\u00b0 Agust\u00edn Torresi Morabes (C. del Uruguay)<br>9\u00b0 Marcos Moreno (Caseros)<br>10\u00b0 Jos\u00e9 Godoy (Gualeguay)<br>11\u00b0 Lenadro Far\u00edas (C. del Uruguay)<br>12\u00b0 Dar\u00edo Almiron (C. del Uruguay)<br>13\u00b0 Julio C\u00e1ceres (Urdinarrain)<br>14\u00b0 Dami\u00e1n Romero (C. del Uruguay)<br>15\u00b0 Luis Caballero (Paysand\u00fa)<\/p>\n\n\n\n<p><strong>Clasificaci\u00f3n Damas<\/strong><br>1\u00b0 Malvina Qui\u00f1onez (Basavilbaso)<br>2\u00b0 Mar\u00eda del Pilar (C. del Uruguay)<br>3\u00b0 Magdalena Slootmans (C. del Uruguay)<br>4\u00b0 Silvana Chaulet (Villa Elisa)<br>5\u00b0 Florencia Cabrera (C. del Uruguay)<br>6\u00b0 Norma Alusto (C. del Uruguay)<br>7\u00b0 Pamela Garc\u00eda Frossard (C, del Uruguay)<br>8\u00b0 Andrea Taborda (C. del Uruguay)<br>9\u00b0 Mayda Dangelo (C. del Uruguay)<br>10\u00b0 Mar\u00eda Mendieta (C. del Uruguay)<br>11\u00b0 Ver\u00f3nica Bel (Villa Elisa)<br>12\u00b0 Samanta Kloster (C. del Uruguay)<br>13\u00b0 Nerina Gerard (Villa Elisa)<br>14\u00b0 Betina Bonn\u00edn (Villa Elisa)<br>15\u00b0 Ivana Charreun (Villa Elisa).<\/p>\n\n\n\n<blockquote class=\"wp-block-quote is-layout-flow wp-block-quote-is-layout-flow\">\n<p>www.laprensafederal.com.ar<\/p>\n<\/blockquote>\n","protected":false},"excerpt":{"rendered":"<p>Se desarroll\u00f3 ayer con total \u00e9xito la d\u00e9cimasegunda edici\u00f3n de la Marat\u00f3n \u201cTodos Somos Alcec\u201d,&#8230;<\/p>\n","protected":false},"author":2,"featured_media":4206,"comment_status":"open","ping_status":"open","sticky":false,"template":"","format":"standard","meta":{"footnotes":""},"categories":[5],"tags":[],"class_list":["post-4205","post","type-post","status-publish","format-standard","has-post-thumbnail","hentry","category-atletismo"],"featured_image_urls":{"full":["https:\/\/deportodos.com.ar\/2023\/wp-content\/uploads\/2025\/09\/Pagina-17-Maraton-1536x1018-1.jpg",1536,1018,false],"thumbnail":["https:\/\/deportodos.com.ar\/2023\/wp-content\/uploads\/2025\/09\/Pagina-17-Maraton-1536x1018-1-150x150.jpg",150,150,true],"medium":["https:\/\/deportodos.com.ar\/2023\/wp-content\/uploads\/2025\/09\/Pagina-17-Maraton-1536x1018-1-300x199.jpg",300,199,true],"medium_large":["https:\/\/deportodos.com.ar\/2023\/wp-content\/uploads\/2025\/09\/Pagina-17-Maraton-1536x1018-1-768x509.jpg",640,424,true],"large":["https:\/\/deportodos.com.ar\/2023\/wp-content\/uploads\/2025\/09\/Pagina-17-Maraton-1536x1018-1-1024x679.jpg",640,424,true],"1536x1536":["https:\/\/deportodos.com.ar\/2023\/wp-content\/uploads\/2025\/09\/Pagina-17-Maraton-1536x1018-1.jpg",1536,1018,false],"2048x2048":["https:\/\/deportodos.com.ar\/2023\/wp-content\/uploads\/2025\/09\/Pagina-17-Maraton-1536x1018-1.jpg",1536,1018,false],"covernews-featured":["https:\/\/deportodos.com.ar\/2023\/wp-content\/uploads\/2025\/09\/Pagina-17-Maraton-1536x1018-1-1024x679.jpg",1024,679,true],"covernews-medium":["https:\/\/deportodos.com.ar\/2023\/wp-content\/uploads\/2025\/09\/Pagina-17-Maraton-1536x1018-1-540x340.jpg",540,340,true]},"author_info":{"display_name":"c2530142","author_link":"https:\/\/deportodos.com.ar\/2023\/author\/c2530142\/"},"category_info":"<a href=\"https:\/\/deportodos.com.ar\/2023\/category\/atletismo\/\" rel=\"category tag\">Atletismo<\/a>","tag_info":"Atletismo","comment_count":"0","_links":{"self":[{"href":"https:\/\/deportodos.com.ar\/2023\/wp-json\/wp\/v2\/posts\/4205","targetHints":{"allow":["GET"]}}],"collection":[{"href":"https:\/\/deportodos.com.ar\/2023\/wp-json\/wp\/v2\/posts"}],"about":[{"href":"https:\/\/deportodos.com.ar\/2023\/wp-json\/wp\/v2\/types\/post"}],"author":[{"embeddable":true,"href":"https:\/\/deportodos.com.ar\/2023\/wp-json\/wp\/v2\/users\/2"}],"replies":[{"embeddable":true,"href":"https:\/\/deportodos.com.ar\/2023\/wp-json\/wp\/v2\/comments?post=4205"}],"version-history":[{"count":1,"href":"https:\/\/deportodos.com.ar\/2023\/wp-json\/wp\/v2\/posts\/4205\/revisions"}],"predecessor-version":[{"id":4207,"href":"https:\/\/deportodos.com.ar\/2023\/wp-json\/wp\/v2\/posts\/4205\/revisions\/4207"}],"wp:featuredmedia":[{"embeddable":true,"href":"https:\/\/deportodos.com.ar\/2023\/wp-json\/wp\/v2\/media\/4206"}],"wp:attachment":[{"href":"https:\/\/deportodos.com.ar\/2023\/wp-json\/wp\/v2\/media?parent=4205"}],"wp:term":[{"taxonomy":"category","embeddable":true,"href":"https:\/\/deportodos.com.ar\/2023\/wp-json\/wp\/v2\/categories?post=4205"},{"taxonomy":"post_tag","embeddable":true,"href":"https:\/\/deportodos.com.ar\/2023\/wp-json\/wp\/v2\/tags?post=4205"}],"curies":[{"name":"wp","href":"https:\/\/api.w.org\/{rel}","templated":true}]}}