{"id":4208,"date":"2025-09-14T22:37:11","date_gmt":"2025-09-14T22:37:11","guid":{"rendered":"https:\/\/deportodos.com.ar\/2023\/?p=4208"},"modified":"2025-09-14T22:37:12","modified_gmt":"2025-09-14T22:37:12","slug":"patronato-gano-un-partido-clave-y-no-abandona-la-licha","status":"publish","type":"post","link":"https:\/\/deportodos.com.ar\/2023\/patronato-gano-un-partido-clave-y-no-abandona-la-licha\/","title":{"rendered":"PATRONATO GAN\u00d3 UN PARTIDO CLAVE Y NO ABANDONA LA LICHA"},"content":{"rendered":"\n<p>Por la 31\u00aa fecha de la Zona A en la Primera Nacional, Patronato recibi\u00f3 este domingo a Quilmes en el estadio Presb\u00edtero Bartolom\u00e9 Grella. Luego de cuatro encuentros sin victorias, este fue un partido importante para el&nbsp;<em>Patr\u00f3n<\/em>&nbsp;que necesitaba volver al triunfo. El \u00e1rbitro del encuentro fue Fabrizio Llobet.<\/p>\n\n\n\n<p>Durante los primeros 10 minutos de juego Patronato fue el que mejor manej\u00f3 la pelota y presion\u00f3 adecuadamente la salida de Quilmes para recuperar balones en ataque cada vez que el&nbsp;<em>Cervecero<\/em>&nbsp;intentaba salir. Esto le permiti\u00f3 generar la chance m\u00e1s clara de ese lapso con un remate de Alan Bonansea que dio en el poste.<\/p>\n\n\n\n<p>De all\u00ed en m\u00e1s, el equipo de Alfredo Grelak emparej\u00f3 el juego con una mejor posesi\u00f3n de la pelota y pases filtrados al \u00e1rea que estuvieron cerca de incomodar al fondo del&nbsp;<em>Patr\u00f3n<\/em>. Por fortuna para el due\u00f1o de casa, cada uno de esos intentos era debidamente anticipado por un defensor o por el propio Alan Sosa.<\/p>\n\n\n\n<p>Sobre los 25 minutos, Juan Barinaga meti\u00f3 una exquisita habilitaci\u00f3n desde el centro hacia la izquierda para la llegada de Juli\u00e1n Marcioni. El atacante apareci\u00f3 mano a mano con Esteban Glellel, que sali\u00f3 a tiempo y gan\u00f3 el duelo para evitar el tanto del atacante. Gran intervenci\u00f3n del arquero.<\/p>\n\n\n\n<p>Sobre los 33 minutos del primer tiempo, Patronato finalmente lleg\u00f3 al gol. Fue en una jugada aislada, con un tiro libre ejecutado por Juan Barinaga (a quien le hab\u00edan cometido la falta).<\/p>\n\n\n\n<p>El remate del mediocampista desde atr\u00e1s de la medialuna del \u00e1rea y ligeramente volcado hacia la izquierda se clav\u00f3 en el \u00e1ngulo superior derecho del arco defendido por Esteban Glellel. Golazo del surgido de la cantera del&nbsp;<em>Rojinegro<\/em>.<\/p>\n\n\n\n<p>En un contexto en el que pasaba poco y nada, Patronato tuvo una involuntaria llegada que casi termina en gol. Tras el rechazo de un tiro de esquina, el bal\u00f3n fue hacia Maximiliano Rueda, que gan\u00f3 de cabeza y su rechazo acab\u00f3 dando en el travesa\u00f1o del arco defendido por Glellel, que acompa\u00f1aba el bal\u00f3n.<\/p>\n\n\n\n<p>A los 46 volvi\u00f3 a llegar el&nbsp;<em>Patr\u00f3n<\/em>&nbsp;con un contragolpe que encabez\u00f3 Federico Castro por el costado derecho. El atacante envi\u00f3 un buen centro a espaldas de Gabriel Aranda para las llegadas de Alan Bonansea y Juli\u00e1n Marcioni. El goleador del&nbsp;<em>Patr\u00f3n<\/em>&nbsp;anticip\u00f3 a su compa\u00f1ero y gan\u00f3 de cabeza, pero el remate fue suave y Glellel contuvo sin problemas.<\/p>\n\n\n\n<p>En el arranque del segundo tiempo, Quilmes gener\u00f3 dos ocasiones de gol a partir de remates de Gabriel Carabajal y Agust\u00edn Bindella que se fueron desviados. El del primero remat\u00f3 desde tres cuartos de cancha y su disparo pas\u00f3 apenas por encima del travesa\u00f1o; el segundo sac\u00f3 su tiro despu\u00e9s de un pase cruzado de derecha a izquierda y su remate se fue por encima del \u00e1ngulo superior derecho del arco defendido por Sosa.<\/p>\n\n\n\n<p>A los 11 minutos lleg\u00f3 la primera chance del&nbsp;<em>Patr\u00f3n<\/em>&nbsp;y fue clar\u00edsima. Una recuperaci\u00f3n en ataque dej\u00f3 el bal\u00f3n en posesi\u00f3n de Santiago Gallucci Otero, que habilit\u00f3 a Alan Bonansea con un excelente centro. El atacante, en soledad, decidi\u00f3 cabecear de primera y super\u00f3 a Glellel, pero Bindella despej\u00f3 cerca de la l\u00ednea y evit\u00f3 el tanto.<\/p>\n\n\n\n<p>Carabajal volvi\u00f3 a tener en sus pies una chance clara para el&nbsp;<em>Cervecero<\/em>, pero esta vez fue Sosa el que apareci\u00f3 para despejar el peligro hacia el tiro de esquina. Con algunas aproximaciones, el equipo de Grelak comenzaba a preocupar al banco del&nbsp;<em>Patr\u00f3n<\/em>.<\/p>\n\n\n\n<p>En un tiro de esquina ejecutado desde el costado derecho, el bal\u00f3n lleg\u00f3 a la posici\u00f3n de Enzo Kalinski que con un potente remate de derecha puso en peligro la valla defendida por Sosa, que despej\u00f3 el bal\u00f3n con el pecho de forma muy poco ortodoxa.<\/p>\n\n\n\n<p>A los 31 minutos de la segunda mitad se produjo la siguiente incidencia importante del partido. Cuando Grelak ya hab\u00eda realizado algunas variantes para buscar movimiento en ataque, Camilo Machado golpe\u00f3 en el rostro a Augusto Picco y recibi\u00f3 la tarjeta roja por parte de Fabrizio Llobet, que estaba cerca de la jugada.<\/p>\n\n\n\n<p>El partido ya estaba en un contexto en el que pasaba poco y nada cuando lleg\u00f3 la expulsi\u00f3n, que daba la chance a Patronato de manejar el encuentro con mayor comodidad. De igual manera no deb\u00eda confiarse: ante Racing de C\u00f3rdoba perdi\u00f3 pese a tener uno m\u00e1s.<\/p>\n\n\n\n<p>Barinaga volvi\u00f3 a probar al arco en una jugada aislada. Fue a los 33 minutos, cuando tras un rechazo del fondo visitante, el bal\u00f3n le qued\u00f3 cerca de la medialuna del \u00e1rea. El disparo del paranaense encontr\u00f3 una floja respuesta de Glellel que bast\u00f3 para enviar el bal\u00f3n al tiro de esquina.<\/p>\n\n\n\n<p>El&nbsp;<em>Cervecero<\/em>&nbsp;empuj\u00f3 en los instantes finales del juego, pero no inquiet\u00f3 en demas\u00eda a Alan Sosa, que siempre que fue requerido intervino de manera correcta para evitar que su rival consiga el empate. En \u00e9l y la buena actuaci\u00f3n de Barinaga, Patronato construy\u00f3 una m\u00e1s que necesaria victoria.<\/p>\n\n\n\n<p>Con el triunfo, Patronato lleg\u00f3 a 46 puntos y subi\u00f3 a la sexta posici\u00f3n de la tabla, a la espera de lo que ocurra con San Mart\u00edn de Tucum\u00e1n, que podr\u00eda superarlo en caso de ganar su partido ante Atlanta. Quilmes, por su parte, qued\u00f3 en la 12\u00aa posici\u00f3n con 36 unidades.<\/p>\n\n\n\n<p>En la pr\u00f3xima fecha, el&nbsp;<em>Patr\u00f3n<\/em>&nbsp;deber\u00e1 visitar a San Miguel, el s\u00e1bado 20 desde las 15.30; mientras que Quilmes recibir\u00e1 a G\u00fcemes el lunes 22, desde las 21.05.<\/p>\n\n\n\n<p><strong>-S\u00cdNTESIS-<\/strong><br>Patronato&nbsp;<strong>1-0<\/strong>&nbsp;Quilmes.<br><br><strong>Gol:<\/strong><br>33\u2019PT: Juan Barinaga.<br><br><strong>Expulsado:<\/strong><br>31\u2019ST: Camilo Machado (QUI).<br><br><strong>Formaciones:<\/strong><br><strong>Patronato:<\/strong>&nbsp;Alan Sosa; Maximiliano Rueda, Gabriel D\u00edaz, Santiago Bellatti, Gonzalo As\u00eds; Valent\u00edn Pereyra, Juan Barinaga, Santiago Gallucci Otero, Juli\u00e1n Marcioni; Federico Castro y Alan Bonansea.<br>DT: Gabriel G\u00f3mez.<br><br><strong>Quilmes:<\/strong>&nbsp;Esteban Glellel; Federico P\u00e9rez, Gabriel Aranda, Francisco Flores, Agust\u00edn Bindella; Jano Coronel, Ramiro Mart\u00ednez, Enzo Kalinski, Gabriel Carabajal; Marcos Roseti y Oscar Belinetz.<br>DT: Alfredo Grelak.<br><br><strong>Cambios:<\/strong><br>21\u2019ST: ingres\u00f3 Juli\u00e1n Navas por Valent\u00edn Pereyra (PAT).<br>21\u2019ST: ingres\u00f3 Ian Escobar por Gonzalo As\u00eds (PAT).<br>25\u2019ST: ingres\u00f3 Gabriel V\u00e1zquez por Oscar Belinetz (QUI).<br>25\u2019ST: ingres\u00f3 Camilo Machado por Jano Coronel (QUI).<br>27\u2019ST: ingres\u00f3 Augusto Picco por Santiago Gallucci Otero (PAT).<br>27\u2019ST: ingres\u00f3 Mat\u00edas Pardo por Federico Castro (PAT).<br>29\u2019ST: ingres\u00f3 Mariano Santiago por Ramiro Mart\u00ednez (QUI).<br>44\u2019ST: ingres\u00f3 Mariano Mi\u00f1o por Gabriel Carabajal (QUI).<br>44\u2019ST: ingres\u00f3 Juan Capano por Marcos Roseti (QUI).<br>44\u2019ST: ingres\u00f3 Gabriel D\u00edaz por Facundo D\u00edaz (PAT).<br><br><strong>Amonestados:<\/strong><br>31\u2019PT: Marcos Roseti (QUI).<br>33\u2019PT: Enzo Kalinski (QUI).<br>41\u2019PT: Gabriel Aranda (QUI).<br>42\u2019PT: Oscar Belinetz (QUI).<br>8\u2019ST: Gabriel Carabajal (QUI).<br>18\u2019ST: Gonzalo As\u00eds (PAT).<br>38\u2019ST: Augusto Picco (PAT).<br>48\u2019ST: Juli\u00e1n Navas (PAT).<br><br><strong>\u00c1rbitro:<\/strong>&nbsp;Fabrizio Llobet.<br><br><strong>Estadio:<\/strong>&nbsp;Presb\u00edtero Bartolom\u00e9 Grella<\/p>\n\n\n\n<blockquote class=\"wp-block-quote is-layout-flow wp-block-quote-is-layout-flow\">\n<p>www.analisisdigital.com.ar<\/p>\n<\/blockquote>\n","protected":false},"excerpt":{"rendered":"<p>Por la 31\u00aa fecha de la Zona A en la Primera Nacional, Patronato recibi\u00f3 este&#8230;<\/p>\n","protected":false},"author":2,"featured_media":4209,"comment_status":"open","ping_status":"open","sticky":false,"template":"","format":"standard","meta":{"footnotes":""},"categories":[36],"tags":[],"class_list":["post-4208","post","type-post","status-publish","format-standard","has-post-thumbnail","hentry","category-futbol"],"featured_image_urls":{"full":["https:\/\/deportodos.com.ar\/2023\/wp-content\/uploads\/2025\/09\/Juan-Barinaga.jpg.webp",900,507,false],"thumbnail":["https:\/\/deportodos.com.ar\/2023\/wp-content\/uploads\/2025\/09\/Juan-Barinaga.jpg-150x150.webp",150,150,true],"medium":["https:\/\/deportodos.com.ar\/2023\/wp-content\/uploads\/2025\/09\/Juan-Barinaga.jpg-300x169.webp",300,169,true],"medium_large":["https:\/\/deportodos.com.ar\/2023\/wp-content\/uploads\/2025\/09\/Juan-Barinaga.jpg-768x433.webp",640,361,true],"large":["https:\/\/deportodos.com.ar\/2023\/wp-content\/uploads\/2025\/09\/Juan-Barinaga.jpg.webp",640,361,false],"1536x1536":["https:\/\/deportodos.com.ar\/2023\/wp-content\/uploads\/2025\/09\/Juan-Barinaga.jpg.webp",900,507,false],"2048x2048":["https:\/\/deportodos.com.ar\/2023\/wp-content\/uploads\/2025\/09\/Juan-Barinaga.jpg.webp",900,507,false],"covernews-featured":["https:\/\/deportodos.com.ar\/2023\/wp-content\/uploads\/2025\/09\/Juan-Barinaga.jpg.webp",900,507,false],"covernews-medium":["https:\/\/deportodos.com.ar\/2023\/wp-content\/uploads\/2025\/09\/Juan-Barinaga.jpg-540x340.webp",540,340,true]},"author_info":{"display_name":"c2530142","author_link":"https:\/\/deportodos.com.ar\/2023\/author\/c2530142\/"},"category_info":"<a href=\"https:\/\/deportodos.com.ar\/2023\/category\/futbol\/\" rel=\"category tag\">Futbol<\/a>","tag_info":"Futbol","comment_count":"0","_links":{"self":[{"href":"https:\/\/deportodos.com.ar\/2023\/wp-json\/wp\/v2\/posts\/4208","targetHints":{"allow":["GET"]}}],"collection":[{"href":"https:\/\/deportodos.com.ar\/2023\/wp-json\/wp\/v2\/posts"}],"about":[{"href":"https:\/\/deportodos.com.ar\/2023\/wp-json\/wp\/v2\/types\/post"}],"author":[{"embeddable":true,"href":"https:\/\/deportodos.com.ar\/2023\/wp-json\/wp\/v2\/users\/2"}],"replies":[{"embeddable":true,"href":"https:\/\/deportodos.com.ar\/2023\/wp-json\/wp\/v2\/comments?post=4208"}],"version-history":[{"count":1,"href":"https:\/\/deportodos.com.ar\/2023\/wp-json\/wp\/v2\/posts\/4208\/revisions"}],"predecessor-version":[{"id":4210,"href":"https:\/\/deportodos.com.ar\/2023\/wp-json\/wp\/v2\/posts\/4208\/revisions\/4210"}],"wp:featuredmedia":[{"embeddable":true,"href":"https:\/\/deportodos.com.ar\/2023\/wp-json\/wp\/v2\/media\/4209"}],"wp:attachment":[{"href":"https:\/\/deportodos.com.ar\/2023\/wp-json\/wp\/v2\/media?parent=4208"}],"wp:term":[{"taxonomy":"category","embeddable":true,"href":"https:\/\/deportodos.com.ar\/2023\/wp-json\/wp\/v2\/categories?post=4208"},{"taxonomy":"post_tag","embeddable":true,"href":"https:\/\/deportodos.com.ar\/2023\/wp-json\/wp\/v2\/tags?post=4208"}],"curies":[{"name":"wp","href":"https:\/\/api.w.org\/{rel}","templated":true}]}}