{"id":4249,"date":"2025-09-21T23:36:47","date_gmt":"2025-09-21T23:36:47","guid":{"rendered":"https:\/\/deportodos.com.ar\/2023\/?p=4249"},"modified":"2025-09-21T23:36:49","modified_gmt":"2025-09-21T23:36:49","slug":"pablo-baltore-gano-el-torneo-super-8-en-gimnasia-y-esgrima","status":"publish","type":"post","link":"https:\/\/deportodos.com.ar\/2023\/pablo-baltore-gano-el-torneo-super-8-en-gimnasia-y-esgrima\/","title":{"rendered":"PABLO BALTOR\u00c9 GAN\u00d3 EL TORNEO SUPER 8 EN GIMNASIA Y ESGRIMA"},"content":{"rendered":"\n<p>Se disput\u00f3 en el trinquete del club Gimnasia y Esgrima un Torneo \u201cS\u00faper 8\u201d de pelota a paleta, en la Categor\u00eda Tercera, enmarcado dentro de las actividades que tiene programada la subcomisi\u00f3n de la disciplina de la entidad mens-sana.<\/p>\n\n\n\n<p>El campe\u00f3n fue Pablo Baltor\u00e9, siendo segundo el pelotari Mario Respaud, qui\u00e9nes recibieron sendos presentes por parte de los organizadores.<\/p>\n\n\n\n<p>\u201cEn ese sentido, es notable el auge del Deporte en la Instituci\u00f3n, el cual es practicado en la actualidad por m\u00e1s de 70 personas que concurren desde la Escuela de Iniciaci\u00f3n y que tambi\u00e9n participan, a nivel Provincial, hasta la Segunda Categor\u00eda en forma regular\u201d, dice el comunicado de prensa.<\/p>\n\n\n\n<p>Mas adelate expresa \u201cla subcomisi\u00f3n se encuentra programando nevos Torneos a fin de mantener y fomentar las buenas costumbres y la camarader\u00eda entre los Pelotaris a quienes acompa\u00f1an sus familiares, socios y simpatizantes durante los eventos deportivos que se disputan en la Sede Social\u201d<\/p>\n\n\n\n<p>Por \u00faltimo dice \u201cque invita las personas que deseen practicar o iniciar la pr\u00e1ctica deportiva de Pelota a Paleta en la Instituci\u00f3n a concurrir a nuestra Sede Social en Calle 21 de Noviembre N\u00b0 214, de Lunes a Viernes, a partir de las 18.00 horas, a fin de ser informados al respecto\u201d.<\/p>\n\n\n\n<blockquote class=\"wp-block-quote is-layout-flow wp-block-quote-is-layout-flow\">\n<p>www.laprensafederal.com.ar<\/p>\n<\/blockquote>\n","protected":false},"excerpt":{"rendered":"<p>Se disput\u00f3 en el trinquete del club Gimnasia y Esgrima un Torneo \u201cS\u00faper 8\u201d de&#8230;<\/p>\n","protected":false},"author":2,"featured_media":4250,"comment_status":"open","ping_status":"open","sticky":false,"template":"","format":"standard","meta":{"footnotes":""},"categories":[22],"tags":[],"class_list":["post-4249","post","type-post","status-publish","format-standard","has-post-thumbnail","hentry","category-pelota-paleta"],"featured_image_urls":{"full":["https:\/\/deportodos.com.ar\/2023\/wp-content\/uploads\/2025\/09\/Pagina-17-Pelota-a-paleta.jpg",957,1088,false],"thumbnail":["https:\/\/deportodos.com.ar\/2023\/wp-content\/uploads\/2025\/09\/Pagina-17-Pelota-a-paleta-150x150.jpg",150,150,true],"medium":["https:\/\/deportodos.com.ar\/2023\/wp-content\/uploads\/2025\/09\/Pagina-17-Pelota-a-paleta-264x300.jpg",264,300,true],"medium_large":["https:\/\/deportodos.com.ar\/2023\/wp-content\/uploads\/2025\/09\/Pagina-17-Pelota-a-paleta-768x873.jpg",640,728,true],"large":["https:\/\/deportodos.com.ar\/2023\/wp-content\/uploads\/2025\/09\/Pagina-17-Pelota-a-paleta-901x1024.jpg",640,727,true],"1536x1536":["https:\/\/deportodos.com.ar\/2023\/wp-content\/uploads\/2025\/09\/Pagina-17-Pelota-a-paleta.jpg",957,1088,false],"2048x2048":["https:\/\/deportodos.com.ar\/2023\/wp-content\/uploads\/2025\/09\/Pagina-17-Pelota-a-paleta.jpg",957,1088,false],"covernews-featured":["https:\/\/deportodos.com.ar\/2023\/wp-content\/uploads\/2025\/09\/Pagina-17-Pelota-a-paleta.jpg",957,1088,false],"covernews-medium":["https:\/\/deportodos.com.ar\/2023\/wp-content\/uploads\/2025\/09\/Pagina-17-Pelota-a-paleta-540x340.jpg",540,340,true]},"author_info":{"display_name":"c2530142","author_link":"https:\/\/deportodos.com.ar\/2023\/author\/c2530142\/"},"category_info":"<a href=\"https:\/\/deportodos.com.ar\/2023\/category\/pelota-paleta\/\" rel=\"category tag\">Pelota paleta<\/a>","tag_info":"Pelota paleta","comment_count":"0","_links":{"self":[{"href":"https:\/\/deportodos.com.ar\/2023\/wp-json\/wp\/v2\/posts\/4249","targetHints":{"allow":["GET"]}}],"collection":[{"href":"https:\/\/deportodos.com.ar\/2023\/wp-json\/wp\/v2\/posts"}],"about":[{"href":"https:\/\/deportodos.com.ar\/2023\/wp-json\/wp\/v2\/types\/post"}],"author":[{"embeddable":true,"href":"https:\/\/deportodos.com.ar\/2023\/wp-json\/wp\/v2\/users\/2"}],"replies":[{"embeddable":true,"href":"https:\/\/deportodos.com.ar\/2023\/wp-json\/wp\/v2\/comments?post=4249"}],"version-history":[{"count":1,"href":"https:\/\/deportodos.com.ar\/2023\/wp-json\/wp\/v2\/posts\/4249\/revisions"}],"predecessor-version":[{"id":4251,"href":"https:\/\/deportodos.com.ar\/2023\/wp-json\/wp\/v2\/posts\/4249\/revisions\/4251"}],"wp:featuredmedia":[{"embeddable":true,"href":"https:\/\/deportodos.com.ar\/2023\/wp-json\/wp\/v2\/media\/4250"}],"wp:attachment":[{"href":"https:\/\/deportodos.com.ar\/2023\/wp-json\/wp\/v2\/media?parent=4249"}],"wp:term":[{"taxonomy":"category","embeddable":true,"href":"https:\/\/deportodos.com.ar\/2023\/wp-json\/wp\/v2\/categories?post=4249"},{"taxonomy":"post_tag","embeddable":true,"href":"https:\/\/deportodos.com.ar\/2023\/wp-json\/wp\/v2\/tags?post=4249"}],"curies":[{"name":"wp","href":"https:\/\/api.w.org\/{rel}","templated":true}]}}