{"id":4254,"date":"2025-09-22T17:37:50","date_gmt":"2025-09-22T17:37:50","guid":{"rendered":"https:\/\/deportodos.com.ar\/2023\/?p=4254"},"modified":"2025-09-22T17:37:53","modified_gmt":"2025-09-22T17:37:53","slug":"una-verdadera-fiesta-del-atletismo-la-rustica-missoes-brillo-en-el-dia-de-la-primavera","status":"publish","type":"post","link":"https:\/\/deportodos.com.ar\/2023\/una-verdadera-fiesta-del-atletismo-la-rustica-missoes-brillo-en-el-dia-de-la-primavera\/","title":{"rendered":"UNA VERDADERA FIESTA DEL ATLETISMO: LA RUSTICA MISS\u00d5ES BRILL\u00d3 EN EL DIA DE LA PRIMAVERA"},"content":{"rendered":"\n<p>Este domingo 21 de septiembre, D\u00eda de la Primavera, se disput\u00f3 en la ciudad brasile\u00f1a de <strong>Uruguayana<\/strong> una de las mejores fiestas del atletismo de calle. Como periodista especializado en atletismo, y despu\u00e9s de casi 20 a\u00f1os participando en carreras en esta zona de Brasil, puedo afirmar que la <strong>R\u00fastica Miss\u00f5es<\/strong> ocupa sin dudas un lugar de privilegio por varios motivos, en especial por su organizaci\u00f3n impecable.<\/p>\n\n\n\n<p>El montaje de estructuras y la presentaci\u00f3n fueron de gran nivel; la hidrataci\u00f3n estuvo a la altura de la competencia y la premiaci\u00f3n fue sobresaliente, tanto por la calidad de las placas como por los premios en efectivo. El \u00fanico aspecto a mejorar fue cierta lentitud en la clasificaci\u00f3n, lo que retras\u00f3 la entrega de premios. Todo lo dem\u00e1s result\u00f3 impecable. Desde Argentina, nuestras felicitaciones a la empresa Miss\u00f5es por este gran trabajo.<\/p>\n\n\n\n<p>M\u00e1s de mil atletas en competencia<\/p>\n\n\n\n<p>En lo deportivo, participaron m\u00e1s de mil corredores en tres distancias: <strong>2.500 metros, 5 km y 10 km<\/strong>. La prueba sufri\u00f3 una demora de dos horas debido a la fuerte tormenta que azot\u00f3 la ciudad durante la madrugada, la cual incluso destruy\u00f3 una carpa gigante instalada en la zona de largada. Aun as\u00ed, a las 10:00 en punto, la carrera pudo comenzar.<\/p>\n\n\n\n<p>Los primeros en llegar fueron los participantes de los <strong>2.500 metros<\/strong>. M\u00e1s tarde se disputaron los 5 km, donde el brasile\u00f1o <strong>\u00c9verton Dorneles Nascimento<\/strong> se impuso en un final ajustado sobre el argentino <strong>Bruno Colombo<\/strong>, ganador de la edici\u00f3n pasada. El tercer lugar fue para el local <strong>Carlos Henrique Gon\u00e7alves Lima<\/strong>.<br>En damas, las argentinas dominaron el podio. La concordiense <strong>Greta Victoria Rodr\u00edguez<\/strong>, quien defend\u00eda su t\u00edtulo logrado el a\u00f1o pasado, volvi\u00f3 a quedarse con la victoria con un tiempo de 20:23, sacando 40 segundos de ventaja a la correntina <strong>Agustina Pintos<\/strong> (21:02). El tercer puesto fue para <strong>Rosa Monz\u00f3n<\/strong>, del Team Deportes Villa Adela (Feliciano, Entre R\u00edos), mientras que el cuarto lugar lo ocup\u00f3 la joven promesa de apenas 11 a\u00f1os, <strong>Jael Romero<\/strong>.<\/p>\n\n\n\n<p>El dominio brasile\u00f1o en los 10 km masculinos<\/p>\n\n\n\n<p>En la distancia mayor, los <strong>10 km caballeros<\/strong>, el podio fue \u00edntegramente brasile\u00f1o:<\/p>\n\n\n\n<p>1\u00b0 <strong>Nidgie da Silva<\/strong> \u2013 31:16<br>2\u00b0 <strong>Cleiton do Nascimento da Rocha Jardim<\/strong> \u2013 32:04<br>3\u00b0 <strong>Odacir Rocha Hautter<\/strong> \u2013 34:02<\/p>\n\n\n\n<p>Simeone volvi\u00f3 a brillar en los 10 km femeninos<br>En los <strong>10 km damas<\/strong>, la entrerriana <strong>Ximena Anah\u00ed Simeone<\/strong>, del Team Deportes Villa Adela, repiti\u00f3 la victoria conseguida en la edici\u00f3n pasada. Con un tiempo de 37:43 se impuso con amplia ventaja sobre sus rivales. El segundo puesto fue para la brasile\u00f1a <strong>C\u00e1ndida Ribeiro Schiafino Nold<\/strong> (43:37), mientras que tercera se ubic\u00f3 <strong>Janaina da Fontoura Tavares<\/strong> (44:27).<br>Protagonismo argentino<\/p>\n\n\n\n<p>El atletismo argentino volvi\u00f3 a dejar su huella en Brasil: <strong>Greta Rodr\u00edguez<\/strong> y <strong>Ximena Simeone<\/strong> defendieron con autoridad sus t\u00edtulos, mientras que el podio femenino en 5 km qued\u00f3 pr\u00e1cticamente en manos albicelestes. Sin dudas, una jornada inolvidable que confirma el gran nivel de los atletas de ambos pa\u00edses.<\/p>\n","protected":false},"excerpt":{"rendered":"<p>Este domingo 21 de septiembre, D\u00eda de la Primavera, se disput\u00f3 en la ciudad brasile\u00f1a&#8230;<\/p>\n","protected":false},"author":2,"featured_media":4255,"comment_status":"open","ping_status":"open","sticky":false,"template":"","format":"standard","meta":{"footnotes":""},"categories":[5],"tags":[],"class_list":["post-4254","post","type-post","status-publish","format-standard","has-post-thumbnail","hentry","category-atletismo"],"featured_image_urls":{"full":["https:\/\/deportodos.com.ar\/2023\/wp-content\/uploads\/2025\/09\/IMG-20250922-WA0055.jpg",1080,597,false],"thumbnail":["https:\/\/deportodos.com.ar\/2023\/wp-content\/uploads\/2025\/09\/IMG-20250922-WA0055-150x150.jpg",150,150,true],"medium":["https:\/\/deportodos.com.ar\/2023\/wp-content\/uploads\/2025\/09\/IMG-20250922-WA0055-300x166.jpg",300,166,true],"medium_large":["https:\/\/deportodos.com.ar\/2023\/wp-content\/uploads\/2025\/09\/IMG-20250922-WA0055-768x425.jpg",640,354,true],"large":["https:\/\/deportodos.com.ar\/2023\/wp-content\/uploads\/2025\/09\/IMG-20250922-WA0055-1024x566.jpg",640,354,true],"1536x1536":["https:\/\/deportodos.com.ar\/2023\/wp-content\/uploads\/2025\/09\/IMG-20250922-WA0055.jpg",1080,597,false],"2048x2048":["https:\/\/deportodos.com.ar\/2023\/wp-content\/uploads\/2025\/09\/IMG-20250922-WA0055.jpg",1080,597,false],"covernews-featured":["https:\/\/deportodos.com.ar\/2023\/wp-content\/uploads\/2025\/09\/IMG-20250922-WA0055-1024x566.jpg",1024,566,true],"covernews-medium":["https:\/\/deportodos.com.ar\/2023\/wp-content\/uploads\/2025\/09\/IMG-20250922-WA0055-540x340.jpg",540,340,true]},"author_info":{"display_name":"c2530142","author_link":"https:\/\/deportodos.com.ar\/2023\/author\/c2530142\/"},"category_info":"<a href=\"https:\/\/deportodos.com.ar\/2023\/category\/atletismo\/\" rel=\"category tag\">Atletismo<\/a>","tag_info":"Atletismo","comment_count":"0","_links":{"self":[{"href":"https:\/\/deportodos.com.ar\/2023\/wp-json\/wp\/v2\/posts\/4254","targetHints":{"allow":["GET"]}}],"collection":[{"href":"https:\/\/deportodos.com.ar\/2023\/wp-json\/wp\/v2\/posts"}],"about":[{"href":"https:\/\/deportodos.com.ar\/2023\/wp-json\/wp\/v2\/types\/post"}],"author":[{"embeddable":true,"href":"https:\/\/deportodos.com.ar\/2023\/wp-json\/wp\/v2\/users\/2"}],"replies":[{"embeddable":true,"href":"https:\/\/deportodos.com.ar\/2023\/wp-json\/wp\/v2\/comments?post=4254"}],"version-history":[{"count":1,"href":"https:\/\/deportodos.com.ar\/2023\/wp-json\/wp\/v2\/posts\/4254\/revisions"}],"predecessor-version":[{"id":4256,"href":"https:\/\/deportodos.com.ar\/2023\/wp-json\/wp\/v2\/posts\/4254\/revisions\/4256"}],"wp:featuredmedia":[{"embeddable":true,"href":"https:\/\/deportodos.com.ar\/2023\/wp-json\/wp\/v2\/media\/4255"}],"wp:attachment":[{"href":"https:\/\/deportodos.com.ar\/2023\/wp-json\/wp\/v2\/media?parent=4254"}],"wp:term":[{"taxonomy":"category","embeddable":true,"href":"https:\/\/deportodos.com.ar\/2023\/wp-json\/wp\/v2\/categories?post=4254"},{"taxonomy":"post_tag","embeddable":true,"href":"https:\/\/deportodos.com.ar\/2023\/wp-json\/wp\/v2\/tags?post=4254"}],"curies":[{"name":"wp","href":"https:\/\/api.w.org\/{rel}","templated":true}]}}