{"id":426,"date":"2023-11-29T03:46:38","date_gmt":"2023-11-29T03:46:38","guid":{"rendered":"https:\/\/deportodos.com.ar\/2023\/?p=426"},"modified":"2023-11-29T03:46:38","modified_gmt":"2023-11-29T03:46:38","slug":"el-karting-cerro-el-ano-2","status":"publish","type":"post","link":"https:\/\/deportodos.com.ar\/2023\/el-karting-cerro-el-ano-2\/","title":{"rendered":"EL KARTING CERR\u00d3 EL A\u00d1O"},"content":{"rendered":"\n<p>Se corri\u00f3 en Villaguay la \u00faltima fecha del Campeonato Entrerriano de Karting. Muy buen n\u00famero de m\u00e1quinas se hicieron en la calurosa tarde villaguaycense, para definir a los campeones en las distintas categor\u00edas.<br>La clasificaci\u00f3n final de las competencias disputadas este domingo fue la siguiente:<\/p>\n\n\n\n<p>150cc. Mayores B<br>Marco Estebenet \u2013 12.30.059.<br>Alejo Weiss \u2013 a 2.672.<br>Juan Cabrol \u2013 a 3.540.<br>Gast\u00f3n Bonnin \u2013 a 4.900.<br>Franco Balbuena \u2013 a 7.195.<\/p>\n\n\n\n<p>2\u00aa Final Mayores B<br>Franco Cechini \u2013 12.33.841.<br>Ezequiel S\u00e1nchez \u2013 a 0.459.<br>Andr\u00e9s Garc\u00eda a 0.806.<br>Franco Bozo \u2013 a 2.127.<br>Ulises Pauletti \u2013 a 2.314.<\/p>\n\n\n\n<p>110cc. Escuela<br>Emilio L\u00f3pez Ferro \u2013 9.43.708.<br>Felipe Beade \u2013 a 0.107.<br>Benjam\u00edn Iglesias \u2013 a 0.866.<br>Santiago Cecchi \u2013 a 1.633.<br>I\u00f1aki Antivero \u2013 a 7.562.<\/p>\n\n\n\n<p>150cc. Mayores C<br>Mart\u00edn Palavecino \u2013 12.44.739.<br>Manuel Cretton \u2013 a 1.091.<br>Nicol\u00e1s Broggi \u2013 a 1.676.<br>Cristian Conde \u2013 a 11.448.<br>Luciano Den Daw \u2013 a 15.805.<\/p>\n\n\n\n<p>2\u00aa Final 150cc. Mayores C<br>Santiago Antivero \u2013 12.41.755.<br>Leandro Gonz\u00e1lez \u2013 a 2.063.<br>Pablo Zapata \u2013 a 3.326.<br>Ricardo Narcisi \u2013 a 3.417.<br>Mat\u00edas Iriarte \u2013 a 5.832.<\/p>\n\n\n\n<p>150cc. Junior A<br>Tom\u00e1s Arosio \u2013 11.20.980.<br>Mateo Lang \u2013 a 9.005.<br>Juan Laplacette \u2013 a 0.094.<br>Ayrton Bernay \u2013 a 9.457.<br>Ignacio Sachs \u2013 a 9.565.<\/p>\n\n\n\n<p>150cc. Promocional<br>Tiziano Cantero \u2013 9.17.527.<br>Bautista Mastroiacovo \u2013 a 8.332.<br>Benjam\u00edn Cordani \u2013 a 10.226.<br>Joaqu\u00edn Pagola \u2013 a 12.545.<br>Felipe Saloj \u2013 a 13.371.<\/p>\n\n\n\n<p>125cc. Internacional<br>Diego Stivanello \u2013 12.30.292.<br>Sof\u00eda Percara \u2013 a 2.185.<br>Gaspar Perelstein \u2013 a 6.895.<br>Dante Moreira \u2013 a 8.619.<br>Agust\u00edn Fabi\u00e1n \u2013 a 10.161.<br>Nota: En pr\u00f3ximo art\u00edculo c\u00f3mo quedaron los campeonatos.<\/p>\n","protected":false},"excerpt":{"rendered":"<p>Se corri\u00f3 en Villaguay la \u00faltima fecha del Campeonato Entrerriano de Karting. Muy buen n\u00famero&#8230;<\/p>\n","protected":false},"author":2,"featured_media":427,"comment_status":"open","ping_status":"open","sticky":false,"template":"","format":"standard","meta":{"footnotes":""},"categories":[48],"tags":[],"class_list":["post-426","post","type-post","status-publish","format-standard","has-post-thumbnail","hentry","category-karting"],"featured_image_urls":{"full":["https:\/\/deportodos.com.ar\/2023\/wp-content\/uploads\/2023\/11\/5.jpg",947,1184,false],"thumbnail":["https:\/\/deportodos.com.ar\/2023\/wp-content\/uploads\/2023\/11\/5-150x150.jpg",150,150,true],"medium":["https:\/\/deportodos.com.ar\/2023\/wp-content\/uploads\/2023\/11\/5-240x300.jpg",240,300,true],"medium_large":["https:\/\/deportodos.com.ar\/2023\/wp-content\/uploads\/2023\/11\/5-768x960.jpg",640,800,true],"large":["https:\/\/deportodos.com.ar\/2023\/wp-content\/uploads\/2023\/11\/5-819x1024.jpg",640,800,true],"1536x1536":["https:\/\/deportodos.com.ar\/2023\/wp-content\/uploads\/2023\/11\/5.jpg",947,1184,false],"2048x2048":["https:\/\/deportodos.com.ar\/2023\/wp-content\/uploads\/2023\/11\/5.jpg",947,1184,false],"covernews-featured":["https:\/\/deportodos.com.ar\/2023\/wp-content\/uploads\/2023\/11\/5.jpg",947,1184,false],"covernews-medium":["https:\/\/deportodos.com.ar\/2023\/wp-content\/uploads\/2023\/11\/5-540x340.jpg",540,340,true]},"author_info":{"display_name":"c2530142","author_link":"https:\/\/deportodos.com.ar\/2023\/author\/c2530142\/"},"category_info":"<a href=\"https:\/\/deportodos.com.ar\/2023\/category\/karting\/\" rel=\"category tag\">Karting<\/a>","tag_info":"Karting","comment_count":"0","_links":{"self":[{"href":"https:\/\/deportodos.com.ar\/2023\/wp-json\/wp\/v2\/posts\/426","targetHints":{"allow":["GET"]}}],"collection":[{"href":"https:\/\/deportodos.com.ar\/2023\/wp-json\/wp\/v2\/posts"}],"about":[{"href":"https:\/\/deportodos.com.ar\/2023\/wp-json\/wp\/v2\/types\/post"}],"author":[{"embeddable":true,"href":"https:\/\/deportodos.com.ar\/2023\/wp-json\/wp\/v2\/users\/2"}],"replies":[{"embeddable":true,"href":"https:\/\/deportodos.com.ar\/2023\/wp-json\/wp\/v2\/comments?post=426"}],"version-history":[{"count":1,"href":"https:\/\/deportodos.com.ar\/2023\/wp-json\/wp\/v2\/posts\/426\/revisions"}],"predecessor-version":[{"id":428,"href":"https:\/\/deportodos.com.ar\/2023\/wp-json\/wp\/v2\/posts\/426\/revisions\/428"}],"wp:featuredmedia":[{"embeddable":true,"href":"https:\/\/deportodos.com.ar\/2023\/wp-json\/wp\/v2\/media\/427"}],"wp:attachment":[{"href":"https:\/\/deportodos.com.ar\/2023\/wp-json\/wp\/v2\/media?parent=426"}],"wp:term":[{"taxonomy":"category","embeddable":true,"href":"https:\/\/deportodos.com.ar\/2023\/wp-json\/wp\/v2\/categories?post=426"},{"taxonomy":"post_tag","embeddable":true,"href":"https:\/\/deportodos.com.ar\/2023\/wp-json\/wp\/v2\/tags?post=426"}],"curies":[{"name":"wp","href":"https:\/\/api.w.org\/{rel}","templated":true}]}}