{"id":4266,"date":"2025-09-25T14:45:25","date_gmt":"2025-09-25T14:45:25","guid":{"rendered":"https:\/\/deportodos.com.ar\/2023\/?p=4266"},"modified":"2025-09-25T14:45:27","modified_gmt":"2025-09-25T14:45:27","slug":"maximiliano-macheroni-dirigira-la-ultima-funcion-de-patronato-como-local-en-la-fase-regular","status":"publish","type":"post","link":"https:\/\/deportodos.com.ar\/2023\/maximiliano-macheroni-dirigira-la-ultima-funcion-de-patronato-como-local-en-la-fase-regular\/","title":{"rendered":"MAXIMILIANO MACHERONI DIRIGIR\u00c1 LA \u00daLTIMA FUNCI\u00d3N DE PATRONATO COMO LOCAL EN LA FASE REGULAR"},"content":{"rendered":"\n<p>Maximliiano Macheroni fue designado para dirigir el partido que animar\u00e1 Patronato (47 puntos) ante Almagro (34), por la 33\u00aa y pen\u00faltima fecha de la Primera Nacional. El encuentro se disputar\u00e1 en el estadio Presb\u00edtero Bartolom\u00e9 Grella el domingo desde las 15.30 \u2013en simult\u00e1neo con otros cuatro partidos que definen la permanencia\u2013 y marcar\u00e1 la \u00faltima actuaci\u00f3n del&nbsp;<em>Rojinegro<\/em>&nbsp;como local, al menos antes del Reducido.<\/p>\n\n\n\n<p>Ser\u00e1 la tercera vez que Macheroni estar\u00e1 a cargo de un partido del equipo de Gabriel G\u00f3mez en esta temporada y nuevamente ser\u00e1 de local. Las otras dos fueron con resultado positivo: venci\u00f3 2 a 1 a San Miguel, el 19 de mayo \u00faltimo, por la 15\u00aa fecha. Los dos goles del Rojinegro fueron convertidos por Federico Castro, mientras que Bruno Nasta descont\u00f3 para el&nbsp;<em>Trueno Verde.<\/em><\/p>\n\n\n\n<p>La segunda ocasi\u00f3n que lo dirigi\u00f3 fue en el empate 1 a 1 con G\u00fcemes de Santiago del Estero, tambi\u00e9n en Villa Sarmiento. Federico Castro volvi\u00f3 a marcar para el elenco paranaense, mientras que Mauro Albertengo igual\u00f3 para el Gaucho en el encuentro del 22 de junio, por la 19\u00aa fecha.&nbsp;<\/p>\n\n\n\n<p>En esta oportunidad Macheroni estar\u00e1 acompa\u00f1ado por Marcelo Bistocco y Juan Viglietti como primer y segundo asistente, respectivamente. Por su parte, Leandro Villanueva ser\u00e1 el cuarto \u00e1rbitro.<\/p>\n\n\n\n<p>Cabe recordar que Patronato-Almagro se disputar\u00e1 en simult\u00e1neo con Alvarado-All Boys; Los Andes-Ferro Carril Oeste; G\u00fcemes-San Miguel y Deportivo Madryn-Arsenal de Sarand\u00ed.<\/p>\n\n\n\n<p><strong>Primera Nacional<\/strong><\/p>\n\n\n\n<p><strong>33\u00aa fecha:<\/strong><\/p>\n\n\n\n<p><strong>Zona \u201cA\u201d<\/strong><\/p>\n\n\n\n<p><strong>Viernes 26 de septiembre<\/strong><\/p>\n\n\n\n<p>Gimnasia y Tiro (Salta) \u2013 Atlanta, a las 22&nbsp;(TV)<\/p>\n\n\n\n<p>\u00c1rbitro: Bruno Amiconi<\/p>\n\n\n\n<p>Asistente 1: Maximiliano Castelli<\/p>\n\n\n\n<p>Asistente 2: Juan Pablo Millenaar<\/p>\n\n\n\n<p>Cuarto \u00e1rbitro: Mauricio Martin<\/p>\n\n\n\n<p><strong>S\u00e1bado 27 de septiembre<\/strong><\/p>\n\n\n\n<p>Trist\u00e1n Suarez \u2013 Racing (C\u00f3rdoba), a las 19<\/p>\n\n\n\n<p>\u00c1rbitro: Diego Ceballos<\/p>\n\n\n\n<p>Asistente 1: Ram\u00f3n Ortiz<\/p>\n\n\n\n<p>Asistente 2: Javier Mihura<\/p>\n\n\n\n<p>Cuarto \u00e1rbitro: I\u00f1aki Iparraguirre<\/p>\n\n\n\n<p><strong>Domingo 28 de septiembre<\/strong><\/p>\n\n\n\n<p>Alvarado (Mar del Plata) \u2013 All Boys, a las 15.30 en estadio Jos\u00e9 Mar\u00eda Minella<\/p>\n\n\n\n<p>\u00c1rbitro: Bryan Ferreyra<\/p>\n\n\n\n<p>Asistente 1: Iv\u00e1n N\u00fa\u00f1ez<\/p>\n\n\n\n<p>Asistente 2: Manuel S\u00e1nchez<\/p>\n\n\n\n<p>Cuarto \u00e1rbitro: Juan Nebietti<\/p>\n\n\n\n<p>Los Andes \u2013 Ferro Carril Oeste, a las 15.30&nbsp;<\/p>\n\n\n\n<p>\u00c1rbitro: Pablo Gim\u00e9nez<\/p>\n\n\n\n<p>Asistente 1: Agust\u00edn M\u00e9ndez<\/p>\n\n\n\n<p>Asistente 2: Marcelo Errante<\/p>\n\n\n\n<p>Cuarto \u00e1rbitro: Agust\u00edn Flores<\/p>\n\n\n\n<p>Patronato&nbsp; \u2013 Almagro, a las 15.30&nbsp;<\/p>\n\n\n\n<p>\u00c1rbitro: Maximiliano Macheroni<\/p>\n\n\n\n<p>Asistente 1: Marcelo Bistocco<\/p>\n\n\n\n<p>Asistente 2: Juan Viglietti<\/p>\n\n\n\n<p>Cuarto \u00e1rbitro: Leandro Villanueva<\/p>\n\n\n\n<p>G\u00fcemes (Santiago del Estero) \u2013 San Miguel, a las 15.30&nbsp;<\/p>\n\n\n\n<p>\u00c1rbitro: Gast\u00f3n Monson Brizuela<\/p>\n\n\n\n<p>Asistente 1: Mariano Viale<\/p>\n\n\n\n<p>Asistente 2: Alejandro Schneller<\/p>\n\n\n\n<p>Cuarto \u00e1rbitro: Federico Guaymas<\/p>\n\n\n\n<p>Deportivo Madryn \u2013 Arsenal, a las 15.30&nbsp;<\/p>\n\n\n\n<p>\u00c1rbitro: Nahuel Vi\u00f1as<\/p>\n\n\n\n<p>Asistente 1: Ernesto Callegari<\/p>\n\n\n\n<p>Asistente 2: Gonzalo Ferrari<\/p>\n\n\n\n<p>Cuarto \u00e1rbitro: Diego Novelli<\/p>\n\n\n\n<p>Deportivo Maip\u00fa (Mendoza) \u2013 Colegiales, a las 16.30&nbsp;<\/p>\n\n\n\n<p>\u00c1rbitro: Fabrizio Llobet<\/p>\n\n\n\n<p>Asistente 1: Hern\u00e1n Vallejos<\/p>\n\n\n\n<p>Asistente 2: Mart\u00edn Saccone<\/p>\n\n\n\n<p>Cuarto \u00e1rbitro: Jos\u00e9 D\u00edaz<\/p>\n\n\n\n<p>San Martin (Tucum\u00e1n) \u2013 Quilmes, a las 20.30&nbsp;(TV)<\/p>\n\n\n\n<p>\u00c1rbitro: Lucas Cavallero<\/p>\n\n\n\n<p>Asistente 1: Daniel Zamora<\/p>\n\n\n\n<p>Asistente 2: Mart\u00edn Grasso<\/p>\n\n\n\n<p>Cuarto \u00e1rbitro: Francisco Acosta<\/p>\n\n\n\n<p><strong>Zona \u201cB\u201d<\/strong><\/p>\n\n\n\n<p><strong>S\u00e1bado 27 de septiembre<\/strong><\/p>\n\n\n\n<p>San Telmo \u2013 Gimnasia y Esgrima (Jujuy) a las 13.05&nbsp;(TV)<\/p>\n\n\n\n<p>\u00c1rbitro: Franco Acita<\/p>\n\n\n\n<p>Asistente 1: Lucas Ripoli<\/p>\n\n\n\n<p>Asistente 2: Mariano Cichetto<\/p>\n\n\n\n<p>Cuarto \u00e1rbitro: Lucas Brumer<\/p>\n\n\n\n<p>Nueva Chicago \u2013 Agropecuario Argentino, a las 14.30&nbsp;<\/p>\n\n\n\n<p>\u00c1rbitro: Gonzalo Pereira<\/p>\n\n\n\n<p>Asistente 1: Federico Pomi<\/p>\n\n\n\n<p>Asistente 2: Mario Bardina<\/p>\n\n\n\n<p>Cuarto \u00e1rbitro: Nicol\u00e1s Kresta<\/p>\n\n\n\n<p>Talleres (Remedios de Escalada) \u2013 Chaco For Ever, a las 15.30&nbsp;<\/p>\n\n\n\n<p>\u00c1rbitro: Carlos C\u00f3rdoba<\/p>\n\n\n\n<p>Asistente 1: Nahuel Rasullo<\/p>\n\n\n\n<p>Asistente 2: Malvina Schiell<\/p>\n\n\n\n<p>Cuarto \u00e1rbitro: Kevin Alegre<\/p>\n\n\n\n<p>Defensores de Belgrano \u2013 Central Norte (Salta), a las 16.30&nbsp;(TV)<\/p>\n\n\n\n<p>\u00c1rbitro: Juan Pafundi<\/p>\n\n\n\n<p>Asistente 1: Mariano Rosetti<\/p>\n\n\n\n<p>Asistente 2: Mariano Ascenzi<\/p>\n\n\n\n<p>Cuarto \u00e1rbitro: Jonathan Barrios<\/p>\n\n\n\n<p>Estudiantes \u2013 Col\u00f3n, a las 17.30&nbsp;(TV)<\/p>\n\n\n\n<p>\u00c1rbitro: Julio Barraza<\/p>\n\n\n\n<p>Asistente 1: Lucas Germanotta<\/p>\n\n\n\n<p>Asistente 2: Andr\u00e9s Barbieri<\/p>\n\n\n\n<p>Cuarto \u00e1rbitro: Gast\u00f3n Iglesias<\/p>\n\n\n\n<p>Deportivo Mor\u00f3n \u2013 Mitre (Santiago del Estero), a las 21 (TV)<\/p>\n\n\n\n<p>\u00c1rbitro: Sebasti\u00e1n Mart\u00ednez<\/p>\n\n\n\n<p>Asistente 1: Erik Grunman<\/p>\n\n\n\n<p>Asistente 2: Lucas Pardo<\/p>\n\n\n\n<p>Cuarto \u00e1rbitro: Ariel Cruz<\/p>\n\n\n\n<p><strong>Domingo 28 de septiembre<\/strong><\/p>\n\n\n\n<p>Chacarita Juniors \u2013 Gimnasia y Esgrima (Mendoza), a las 15.15&nbsp;(TV)<\/p>\n\n\n\n<p>\u00c1rbitro: Yael Falc\u00f3n P\u00e9rez<\/p>\n\n\n\n<p>Asistente 1: Iv\u00e1n Aliende<\/p>\n\n\n\n<p>Asistente 2: Sebasti\u00e1n Pumetti<\/p>\n\n\n\n<p>Cuarto \u00e1rbitro: Mart\u00edn Desp\u00f3sito<\/p>\n\n\n\n<p>Defensores Unidos \u2013 Temperley, a las 15.30&nbsp;<\/p>\n\n\n\n<p>\u00c1rbitro: Joaqu\u00edn Gil<\/p>\n\n\n\n<p>Asistente 1: Guillermo Yacante<\/p>\n\n\n\n<p>Asistente 2: Eugenia Rocco<\/p>\n\n\n\n<p>Cuarto \u00e1rbitro: Sebasti\u00e1n Habib<\/p>\n\n\n\n<p>Estudiantes (Rio IV) \u2013 Almirante Brown, a las 19<\/p>\n\n\n\n<p>\u00c1rbitro: Yamil Possi<\/p>\n\n\n\n<p>Asistente 1: Sebasti\u00e1n Osudar<\/p>\n\n\n\n<p>Asistente 2: Dar\u00edo Rojas Mart\u00ednez<\/p>\n\n\n\n<p>Cuarto \u00e1rbitro: Jorge Ethem<\/p>\n\n\n\n<blockquote class=\"wp-block-quote is-layout-flow wp-block-quote-is-layout-flow\">\n<p>www.analisisdigital.com.ar<\/p>\n<\/blockquote>\n","protected":false},"excerpt":{"rendered":"<p>Maximliiano Macheroni fue designado para dirigir el partido que animar\u00e1 Patronato (47 puntos) ante Almagro&#8230;<\/p>\n","protected":false},"author":2,"featured_media":4267,"comment_status":"open","ping_status":"open","sticky":false,"template":"","format":"standard","meta":{"footnotes":""},"categories":[36],"tags":[],"class_list":["post-4266","post","type-post","status-publish","format-standard","has-post-thumbnail","hentry","category-futbol"],"featured_image_urls":{"full":["https:\/\/deportodos.com.ar\/2023\/wp-content\/uploads\/2025\/09\/20250326_000.jpg.webp",900,507,false],"thumbnail":["https:\/\/deportodos.com.ar\/2023\/wp-content\/uploads\/2025\/09\/20250326_000.jpg-150x150.webp",150,150,true],"medium":["https:\/\/deportodos.com.ar\/2023\/wp-content\/uploads\/2025\/09\/20250326_000.jpg-300x169.webp",300,169,true],"medium_large":["https:\/\/deportodos.com.ar\/2023\/wp-content\/uploads\/2025\/09\/20250326_000.jpg-768x433.webp",640,361,true],"large":["https:\/\/deportodos.com.ar\/2023\/wp-content\/uploads\/2025\/09\/20250326_000.jpg.webp",640,361,false],"1536x1536":["https:\/\/deportodos.com.ar\/2023\/wp-content\/uploads\/2025\/09\/20250326_000.jpg.webp",900,507,false],"2048x2048":["https:\/\/deportodos.com.ar\/2023\/wp-content\/uploads\/2025\/09\/20250326_000.jpg.webp",900,507,false],"covernews-featured":["https:\/\/deportodos.com.ar\/2023\/wp-content\/uploads\/2025\/09\/20250326_000.jpg.webp",900,507,false],"covernews-medium":["https:\/\/deportodos.com.ar\/2023\/wp-content\/uploads\/2025\/09\/20250326_000.jpg-540x340.webp",540,340,true]},"author_info":{"display_name":"c2530142","author_link":"https:\/\/deportodos.com.ar\/2023\/author\/c2530142\/"},"category_info":"<a href=\"https:\/\/deportodos.com.ar\/2023\/category\/futbol\/\" rel=\"category tag\">Futbol<\/a>","tag_info":"Futbol","comment_count":"0","_links":{"self":[{"href":"https:\/\/deportodos.com.ar\/2023\/wp-json\/wp\/v2\/posts\/4266","targetHints":{"allow":["GET"]}}],"collection":[{"href":"https:\/\/deportodos.com.ar\/2023\/wp-json\/wp\/v2\/posts"}],"about":[{"href":"https:\/\/deportodos.com.ar\/2023\/wp-json\/wp\/v2\/types\/post"}],"author":[{"embeddable":true,"href":"https:\/\/deportodos.com.ar\/2023\/wp-json\/wp\/v2\/users\/2"}],"replies":[{"embeddable":true,"href":"https:\/\/deportodos.com.ar\/2023\/wp-json\/wp\/v2\/comments?post=4266"}],"version-history":[{"count":1,"href":"https:\/\/deportodos.com.ar\/2023\/wp-json\/wp\/v2\/posts\/4266\/revisions"}],"predecessor-version":[{"id":4268,"href":"https:\/\/deportodos.com.ar\/2023\/wp-json\/wp\/v2\/posts\/4266\/revisions\/4268"}],"wp:featuredmedia":[{"embeddable":true,"href":"https:\/\/deportodos.com.ar\/2023\/wp-json\/wp\/v2\/media\/4267"}],"wp:attachment":[{"href":"https:\/\/deportodos.com.ar\/2023\/wp-json\/wp\/v2\/media?parent=4266"}],"wp:term":[{"taxonomy":"category","embeddable":true,"href":"https:\/\/deportodos.com.ar\/2023\/wp-json\/wp\/v2\/categories?post=4266"},{"taxonomy":"post_tag","embeddable":true,"href":"https:\/\/deportodos.com.ar\/2023\/wp-json\/wp\/v2\/tags?post=4266"}],"curies":[{"name":"wp","href":"https:\/\/api.w.org\/{rel}","templated":true}]}}