{"id":4272,"date":"2025-09-25T17:55:36","date_gmt":"2025-09-25T17:55:36","guid":{"rendered":"https:\/\/deportodos.com.ar\/2023\/?p=4272"},"modified":"2025-09-25T17:55:38","modified_gmt":"2025-09-25T17:55:38","slug":"se-pelea-por-ir-al-nacional","status":"publish","type":"post","link":"https:\/\/deportodos.com.ar\/2023\/se-pelea-por-ir-al-nacional\/","title":{"rendered":"SE PELEA POR IR AL NACIONAL"},"content":{"rendered":"\n<p>En Concordia<br>SE PELEA POR IR AL NACIONAL<br>Este viernes y s\u00e1bado Concordia tendr\u00e1 la oportunidad de tener en acci\u00f3n al Campeonato Regional Masculino de Boxeo Zona 5, clasificatorio para el Nacional de la especialidad. La cita es en el Gimnasio de la Escuela Comercio N\u00b01 ubicado en calle Montevideo entre Pellegrini y Urquiza. Este espectacular gimnasio fue inaugurado en 2023, por lo que es una arquitectura moderna y, obviamente, muy nueva que por primera vez albergar\u00e1 a un gran espect\u00e1culo de boxeo.<br>Ser\u00e1n muchos los boxeadores en el cuadril\u00e1tero, todos amateurs, y se espera un n\u00famero de 30 o m\u00e1s quienes van a competir a simple eliminaci\u00f3n hasta lograr el campe\u00f3n de cada categor\u00eda. Los p\u00fagiles representar\u00e1n a C\u00f3rdoba, Santa Fe y Entre R\u00edos (ver lista m\u00e1s abajo).<br>\u201c\u00a8Para nosotros es una gran responsabilidad pero tambi\u00e9n un orgullo que la Federaci\u00f3n Entrerriana haya confiado en nosotros para hacer este Campeonato Regional. Arriba del ring estar\u00e1n los mejores de la provincia porque cada delegaci\u00f3n trae a sus campeones, por lo que todas las peleas, desde la primera, ser\u00e1n realmente espectaculares\u201d, dijo Sergio Krunfli, el Presidente de la Comisi\u00f3n Municipal de Boxeo que lleva adelante esta cita deportiva.<br>En cuanto al horario y entradas Krunfli detall\u00f3 que \u201cser\u00e1 viernes y s\u00e1bado desde las 21 horas, teniendo horario aproximado de culminaci\u00f3n cada jornada a la 1 de la ma\u00f1ana. Ser\u00e1 una pelea tras otra, casi sin pausa, por lo que la gente que concurra no tendr\u00e1 tiempo para aburrirse. Por otro lado, el precio de las entradas ser\u00e1n muy accesibles a 3000 pesos por cada jornada. Si ten\u00e9s en cuenta la cantidad de peleas y la calidad de las mismas, es un precio realmente bajo\u201d, argument\u00f3.<br>El dirigente box\u00edstico dijo que \u201cen cuanto al gimnasio est\u00e1 todo pr\u00e1cticamente listo y es un gusto poder mostrar a toda la provincia este estupendo lugar que tiene la Escuela Comercio y la ciudad de Concordia. Es la primera vez que este gimnasio recibir\u00e1 un espect\u00e1culo de boxeo y estamos muy agradecidos a las autoridades de la instituci\u00f3n educativa\u201d, expres\u00f3.<br>Para concluir, Krunfli se tom\u00f3 el tiempo para agradecer \u201ca todos los que colaboran para que esto sea posible, desde la gente de la Escuela Comercio 1, la Subsecretar\u00eda de Deportes y por ende la Municipalidad, y todos los que nos dan una mano. Y le digo a la gente que no se lo pierdan porque Entre R\u00edos tiene una excelente delegaci\u00f3n de campeones dispuesta a dar batalla por los t\u00edtulos\u201d, cerr\u00f3.<\/p>\n\n\n\n<p>LAS DELEGACIONES<br>C\u00d3RDOBA<br>Hasta 49kgs: Juan Mart\u00edn G\u00f3mez Cornejo.<br>Hasta 56kgs: Cristian Dami\u00e1n Ag\u00fcero.<br>Hasta 60kgs: Santiago Dar\u00edo Tuli\u00e1n.<br>Hasta 64kgs: Cal\u00f3gero Cheta.<br>Hasta 75kgs: Santiago H\u00e9ctor Arrieta.<br>Hasta 81kgs: Kevin Benjam\u00edn Oga.<br>Hasta 91kgs: Adonis Leonel Esp\u00edndola.<\/p>\n\n\n\n<ul class=\"wp-block-list\">\n<li>de 91kgs. Mat\u00edas Gast\u00f3n Stagnari.<\/li>\n<\/ul>\n\n\n\n<p>SANTA FE<br>Hasta 49kgs: Dorian Ocampo.<br>Hasta 52kgs: Felipe Nicol\u00e1s Balbi.<br>Hasta 56kgs: Joel Frutos.<br>Hasta 60kgs: Jonathan Dar\u00edo Salcedo.<br>Hasta 64kgs: Agust\u00edn Travaglini.<br>Hasta 69kgs: Marcos L\u00f3pez.<br>Hasta 75kgs: Emiliano Pacheco.<br>Hasta 81kgs: Bautista Mazz\u00f3n.<br>Hasta 91kgs: Mateo \u00c1lvarez.<\/p>\n\n\n\n<ul class=\"wp-block-list\">\n<li>de 91kgs: Alan Damian Erard.<\/li>\n<\/ul>\n\n\n\n<p>ENTRE R\u00cdOS<br>Hasta 49kgs: Alberto Ariel Altamirano.<br>Hasta 52kgs: Sebasti\u00e1n Yamil Camacho.<br>Hasta 56kgs: Rafael Alberto Rojas.<br>Hasta 60kgs: Walter Franco Casco.<br>Hasta 64kgs: Alan Ezequiel Godoy.<br>Hasta 69kgs: Pablo Basualdo.<br>Hasta 75kgs: Iv\u00e1n Frutos.<br>Hasta 81kgs: Alan Guanes.<br>Hasta 91kgs: Marcos Ricardo Alcoba.<\/p>\n\n\n\n<ul class=\"wp-block-list\">\n<li>de 91kgs: Nahuel Ram\u00f3n Vera.<\/li>\n<\/ul>\n\n\n\n<p>JUEVES CONFERENCIA<br>Este jueves 25 de septiembre, desde las 19 horas, se estar\u00e1 desarrollando la conferencia de prensa para dar los detalles del Campeonato Regional. La cita ser\u00e1 en el Restaurante Donato, pegado al Casino de nuestra ciudad por calle Pellegrini, donde las autoridades dar\u00e1n los pormenores y los boxeadores sus sensaciones antes de empezar la \u201cbatalla\u201d en nuestra ciudad.<br>Cabe destacar que el viernes a las 20 horas en el Gimnasio de la Escuela Comercio tambi\u00e9n habr\u00e1 una presentaci\u00f3n del campeonato.<\/p>\n","protected":false},"excerpt":{"rendered":"<p>En ConcordiaSE PELEA POR IR AL NACIONALEste viernes y s\u00e1bado Concordia tendr\u00e1 la oportunidad de&#8230;<\/p>\n","protected":false},"author":2,"featured_media":4273,"comment_status":"open","ping_status":"open","sticky":false,"template":"","format":"standard","meta":{"footnotes":""},"categories":[13],"tags":[],"class_list":["post-4272","post","type-post","status-publish","format-standard","has-post-thumbnail","hentry","category-boxeo"],"featured_image_urls":{"full":["https:\/\/deportodos.com.ar\/2023\/wp-content\/uploads\/2025\/09\/IMG-20250925-WA0061.jpg",1080,956,false],"thumbnail":["https:\/\/deportodos.com.ar\/2023\/wp-content\/uploads\/2025\/09\/IMG-20250925-WA0061-150x150.jpg",150,150,true],"medium":["https:\/\/deportodos.com.ar\/2023\/wp-content\/uploads\/2025\/09\/IMG-20250925-WA0061-300x266.jpg",300,266,true],"medium_large":["https:\/\/deportodos.com.ar\/2023\/wp-content\/uploads\/2025\/09\/IMG-20250925-WA0061-768x680.jpg",640,567,true],"large":["https:\/\/deportodos.com.ar\/2023\/wp-content\/uploads\/2025\/09\/IMG-20250925-WA0061-1024x906.jpg",640,566,true],"1536x1536":["https:\/\/deportodos.com.ar\/2023\/wp-content\/uploads\/2025\/09\/IMG-20250925-WA0061.jpg",1080,956,false],"2048x2048":["https:\/\/deportodos.com.ar\/2023\/wp-content\/uploads\/2025\/09\/IMG-20250925-WA0061.jpg",1080,956,false],"covernews-featured":["https:\/\/deportodos.com.ar\/2023\/wp-content\/uploads\/2025\/09\/IMG-20250925-WA0061-1024x906.jpg",1024,906,true],"covernews-medium":["https:\/\/deportodos.com.ar\/2023\/wp-content\/uploads\/2025\/09\/IMG-20250925-WA0061-540x340.jpg",540,340,true]},"author_info":{"display_name":"c2530142","author_link":"https:\/\/deportodos.com.ar\/2023\/author\/c2530142\/"},"category_info":"<a href=\"https:\/\/deportodos.com.ar\/2023\/category\/boxeo\/\" rel=\"category tag\">Boxeo<\/a>","tag_info":"Boxeo","comment_count":"0","_links":{"self":[{"href":"https:\/\/deportodos.com.ar\/2023\/wp-json\/wp\/v2\/posts\/4272","targetHints":{"allow":["GET"]}}],"collection":[{"href":"https:\/\/deportodos.com.ar\/2023\/wp-json\/wp\/v2\/posts"}],"about":[{"href":"https:\/\/deportodos.com.ar\/2023\/wp-json\/wp\/v2\/types\/post"}],"author":[{"embeddable":true,"href":"https:\/\/deportodos.com.ar\/2023\/wp-json\/wp\/v2\/users\/2"}],"replies":[{"embeddable":true,"href":"https:\/\/deportodos.com.ar\/2023\/wp-json\/wp\/v2\/comments?post=4272"}],"version-history":[{"count":1,"href":"https:\/\/deportodos.com.ar\/2023\/wp-json\/wp\/v2\/posts\/4272\/revisions"}],"predecessor-version":[{"id":4274,"href":"https:\/\/deportodos.com.ar\/2023\/wp-json\/wp\/v2\/posts\/4272\/revisions\/4274"}],"wp:featuredmedia":[{"embeddable":true,"href":"https:\/\/deportodos.com.ar\/2023\/wp-json\/wp\/v2\/media\/4273"}],"wp:attachment":[{"href":"https:\/\/deportodos.com.ar\/2023\/wp-json\/wp\/v2\/media?parent=4272"}],"wp:term":[{"taxonomy":"category","embeddable":true,"href":"https:\/\/deportodos.com.ar\/2023\/wp-json\/wp\/v2\/categories?post=4272"},{"taxonomy":"post_tag","embeddable":true,"href":"https:\/\/deportodos.com.ar\/2023\/wp-json\/wp\/v2\/tags?post=4272"}],"curies":[{"name":"wp","href":"https:\/\/api.w.org\/{rel}","templated":true}]}}