{"id":4286,"date":"2025-09-29T01:44:09","date_gmt":"2025-09-29T01:44:09","guid":{"rendered":"https:\/\/deportodos.com.ar\/2023\/?p=4286"},"modified":"2025-09-29T01:44:10","modified_gmt":"2025-09-29T01:44:10","slug":"patronato-no-jugo-bien-y-empato-con-almagro","status":"publish","type":"post","link":"https:\/\/deportodos.com.ar\/2023\/patronato-no-jugo-bien-y-empato-con-almagro\/","title":{"rendered":"PATRONATO NO JUG\u00d3 BIEN Y EMPAT\u00d3 CON ALMAGRO"},"content":{"rendered":"\n<p>Este domingo hubo acci\u00f3n en el estadio Presb\u00edtero Bartolom\u00e9 Grella. En el marco de la 33\u00aa fecha de la Zona A en la Primera Nacional, el&nbsp;<em>Patr\u00f3n<\/em>&nbsp;recibi\u00f3 a Almagro con el arbitraje de Maximiliano Macheroni. La obligaci\u00f3n estaba de ambas partes: el&nbsp;<em>Rojinegro<\/em>&nbsp;deb\u00eda asegurar la clasificaci\u00f3n y buscar algo m\u00e1s en la tabla; el&nbsp;<em>Tricolor<\/em>&nbsp;deb\u00eda sumar para pensar en evitar el descenso.<\/p>\n\n\n\n<p>Sali\u00f3 mejor a la cancha el visitante, con mejor manejo de la pelota y generando las primeras aproximaciones hacia el arco de su contrincante. En ese contexto el primero en tener su posibilidad fue \u00c1ngel Gonz\u00e1lez con un remate desde afuera del \u00e1rea que se fue cerca del poste izquierdo del arco defendido por Alan Sosa.<\/p>\n\n\n\n<p>Patronato prob\u00f3 con Juan Barinaga de larga distancia, pero fue muy poco lo que gener\u00f3 en la primera etapa. Apenas sum\u00f3 con alguna jugada de pelota parada que no logr\u00f3 concretar y poco m\u00e1s.<\/p>\n\n\n\n<p>El&nbsp;<em>Tricolor<\/em>, por su lado, s\u00ed tuvo chances un poco m\u00e1s claras. Tom\u00e1s Castro Ponce estuvo mano a mano con Sosa en la jugada por la que termin\u00f3 saliendo -se lesion\u00f3 luego del cruce del arquero- y Carlo Lattanzio intent\u00f3 con un remate de larga distancia que se fue cerca del palo.<\/p>\n\n\n\n<p>Con m\u00e1s intentos desde afuera del \u00e1rea siempre bien controlados con Sosa, pasaron 45 minutos en los que el&nbsp;<em>Patr\u00f3n<\/em>&nbsp;qued\u00f3 claramente en deuda.<\/p>\n\n\n\n<p>En el complemento la cuesti\u00f3n no cambi\u00f3 mucho. Aunque los primeros minutos fueron del&nbsp;<em>Rojinegro<\/em>&nbsp;en cuanto a la posesi\u00f3n, las jugadas m\u00e1s claras volvieron a estar del lado del visitante.<\/p>\n\n\n\n<p>Nazareno Diosquez estrell\u00f3 un remate en el poste, Axel Rodr\u00edguez se perdi\u00f3 un mano a mano en el que remat\u00f3 cruzado y el bal\u00f3n se perdi\u00f3 por el costado izquierdo del arco y Sosa le despej\u00f3 un remate de larga distancia a Ariel Chaves, sac\u00e1ndolo por encima del travesa\u00f1o.<\/p>\n\n\n\n<p>Almagro mereci\u00f3 m\u00e1s, pero no tuvo premio. Los instantes finales del partido lo tuvieron cerca del arco de un muy seguro Sosa, que otra vez mantuvo la valla invicta. Fue empate, pero en el coraz\u00f3n del hincha de&nbsp;<em>Patr\u00f3n<\/em>&nbsp;se sinti\u00f3 como un retroceso.<\/p>\n\n\n\n<p>Con 48 puntos, Patronato est\u00e1 sexto en la tabla y queda a la espera de lo que ocurra con San Mart\u00edn de Tucum\u00e1n, que podr\u00eda superarlo. Almagro, por su parte, con sus 35 puntos ya es inalcanzable para Arsenal (31), que perdi\u00f3 la categor\u00eda, pero no por Alvarado, que est\u00e1 a dos puntos (33): todo se definir\u00e1 en la \u00faltima fecha.<\/p>\n\n\n\n<p>Al&nbsp;<em>Patr\u00f3n<\/em>&nbsp;le tocar\u00e1 visitar a Ferro Carril Oeste; mientras que Almagro jugar\u00e1 de local ante G\u00fcemes.<\/p>\n\n\n\n<p><strong>-S\u00cdNTESIS-<\/strong><br>Patronato&nbsp;<strong>0-0<\/strong>&nbsp;Almagro.<br><br><strong>Formaciones:<\/strong><br><strong>Patronato:<\/strong>&nbsp;Alan Sosa; Gonzalo As\u00eds, Gabriel D\u00edaz, Santiago Bellatti, Ian Escobar; Maximiliano Rueda, Santiago Gallucci Otero, Juan Barinaga, Juli\u00e1n Marcioni; Federico Castro y Alan Bonansea.<br>DT: Gabriel G\u00f3mez.<br><br><strong>Almagro:<\/strong>&nbsp;Emiliano Gonz\u00e1lez; Mart\u00edn Garc\u00eda, Juli\u00e1n Vitale, Ulises Yegros, Marcos Pinto; Tom\u00e1s Castro Ponce, Luis Jerez, \u00c1ngel Gonz\u00e1lez, Lucas Baldunciel; Carlo Lattanzio y Axel Rodr\u00edguez.<br>DT: Andr\u00e9s Montenegro.<br><br><strong>Cambios:<\/strong><br>ET: ingres\u00f3 Valent\u00edn Pereyra por Maximiliano Rueda (PAT).<br>23\u2019ST: ingres\u00f3 Mat\u00edas Pardo por Federico Castro (PAT).<br>23\u2019PT: ingres\u00f3 Ariel Chaves por Tom\u00e1s Castro Ponce (ALM).<br>23\u2019ST: ingres\u00f3 Nazareno Diosquez por Lucas Baldunciel (ALM).<br>32\u2019ST: ingres\u00f3 Patricio Cucchi por Ariel Gonz\u00e1lez (ALM).<br>36\u2019ST: ingres\u00f3 Marcos Enrique por Juan Barinaga (PAT).<br>36\u2019ST: ingres\u00f3 Joaqu\u00edn Barol\u00edn por Federico Castro (PAT).<br><br><strong>Amonestados:<\/strong><br>36\u2019PT: Lucas Baldunciel (ALM).<br>40\u2019PT: Carlo Lattanzio (ALM).<br>24\u2019ST: Marcos Pinto (ALM).<br>49\u2019ST: Ariel Chaves (ALM).<br>45\u2019ST: Mart\u00edn Garc\u00eda (ALM).<br>50\u2019ST: Axel Rodr\u00edguez (ALM).<br><br><strong>\u00c1rbitro:&nbsp;<\/strong>Maximiliano Macheroni.<br><br><strong>Estadio:<\/strong>&nbsp;Presb\u00edtero Bartolom\u00e9 Grella<\/p>\n\n\n\n<blockquote class=\"wp-block-quote is-layout-flow wp-block-quote-is-layout-flow\">\n<p>www.analisisdigital.com.ar<\/p>\n<\/blockquote>\n","protected":false},"excerpt":{"rendered":"<p>Este domingo hubo acci\u00f3n en el estadio Presb\u00edtero Bartolom\u00e9 Grella. En el marco de la&#8230;<\/p>\n","protected":false},"author":2,"featured_media":4287,"comment_status":"open","ping_status":"open","sticky":false,"template":"","format":"standard","meta":{"footnotes":""},"categories":[36],"tags":[],"class_list":["post-4286","post","type-post","status-publish","format-standard","has-post-thumbnail","hentry","category-futbol"],"featured_image_urls":{"full":["https:\/\/deportodos.com.ar\/2023\/wp-content\/uploads\/2025\/09\/Patronato-Almagro-2.jpg.webp",900,507,false],"thumbnail":["https:\/\/deportodos.com.ar\/2023\/wp-content\/uploads\/2025\/09\/Patronato-Almagro-2.jpg-150x150.webp",150,150,true],"medium":["https:\/\/deportodos.com.ar\/2023\/wp-content\/uploads\/2025\/09\/Patronato-Almagro-2.jpg-300x169.webp",300,169,true],"medium_large":["https:\/\/deportodos.com.ar\/2023\/wp-content\/uploads\/2025\/09\/Patronato-Almagro-2.jpg-768x433.webp",640,361,true],"large":["https:\/\/deportodos.com.ar\/2023\/wp-content\/uploads\/2025\/09\/Patronato-Almagro-2.jpg.webp",640,361,false],"1536x1536":["https:\/\/deportodos.com.ar\/2023\/wp-content\/uploads\/2025\/09\/Patronato-Almagro-2.jpg.webp",900,507,false],"2048x2048":["https:\/\/deportodos.com.ar\/2023\/wp-content\/uploads\/2025\/09\/Patronato-Almagro-2.jpg.webp",900,507,false],"covernews-featured":["https:\/\/deportodos.com.ar\/2023\/wp-content\/uploads\/2025\/09\/Patronato-Almagro-2.jpg.webp",900,507,false],"covernews-medium":["https:\/\/deportodos.com.ar\/2023\/wp-content\/uploads\/2025\/09\/Patronato-Almagro-2.jpg-540x340.webp",540,340,true]},"author_info":{"display_name":"c2530142","author_link":"https:\/\/deportodos.com.ar\/2023\/author\/c2530142\/"},"category_info":"<a href=\"https:\/\/deportodos.com.ar\/2023\/category\/futbol\/\" rel=\"category tag\">Futbol<\/a>","tag_info":"Futbol","comment_count":"0","_links":{"self":[{"href":"https:\/\/deportodos.com.ar\/2023\/wp-json\/wp\/v2\/posts\/4286","targetHints":{"allow":["GET"]}}],"collection":[{"href":"https:\/\/deportodos.com.ar\/2023\/wp-json\/wp\/v2\/posts"}],"about":[{"href":"https:\/\/deportodos.com.ar\/2023\/wp-json\/wp\/v2\/types\/post"}],"author":[{"embeddable":true,"href":"https:\/\/deportodos.com.ar\/2023\/wp-json\/wp\/v2\/users\/2"}],"replies":[{"embeddable":true,"href":"https:\/\/deportodos.com.ar\/2023\/wp-json\/wp\/v2\/comments?post=4286"}],"version-history":[{"count":1,"href":"https:\/\/deportodos.com.ar\/2023\/wp-json\/wp\/v2\/posts\/4286\/revisions"}],"predecessor-version":[{"id":4288,"href":"https:\/\/deportodos.com.ar\/2023\/wp-json\/wp\/v2\/posts\/4286\/revisions\/4288"}],"wp:featuredmedia":[{"embeddable":true,"href":"https:\/\/deportodos.com.ar\/2023\/wp-json\/wp\/v2\/media\/4287"}],"wp:attachment":[{"href":"https:\/\/deportodos.com.ar\/2023\/wp-json\/wp\/v2\/media?parent=4286"}],"wp:term":[{"taxonomy":"category","embeddable":true,"href":"https:\/\/deportodos.com.ar\/2023\/wp-json\/wp\/v2\/categories?post=4286"},{"taxonomy":"post_tag","embeddable":true,"href":"https:\/\/deportodos.com.ar\/2023\/wp-json\/wp\/v2\/tags?post=4286"}],"curies":[{"name":"wp","href":"https:\/\/api.w.org\/{rel}","templated":true}]}}