{"id":4290,"date":"2025-09-29T13:39:49","date_gmt":"2025-09-29T13:39:49","guid":{"rendered":"https:\/\/deportodos.com.ar\/2023\/?p=4290"},"modified":"2025-09-29T13:39:50","modified_gmt":"2025-09-29T13:39:50","slug":"edicion-32-de-la-fiesta-provincial-del-dorado","status":"publish","type":"post","link":"https:\/\/deportodos.com.ar\/2023\/edicion-32-de-la-fiesta-provincial-del-dorado\/","title":{"rendered":"EDICI\u00d3N 32\u00b0 DE LA FIESTA PROVINCIAL DEL DORADO"},"content":{"rendered":"\n<p><br>Durante el fin de semana se llev\u00f3 a cabo la tradicional Fiesta del Dorado Entrerriano con devoluci\u00f3n, que en su 32\u00b0 edici\u00f3n reuni\u00f3 a 118 embarcaciones y cont\u00f3 con la participaci\u00f3n de pescadores provenientes de distintas localidades de la regi\u00f3n y tambi\u00e9n de Brasil. La organizaci\u00f3n inform\u00f3 que una embarcaci\u00f3n fue descalificada, en el marco de las disposiciones previstas en el reglamento.<\/p>\n\n\n\n<p>La competencia comenz\u00f3 el d\u00eda viernes con la modalidad de se\u00f1uelos y continu\u00f3 el s\u00e1bado con la modalidad de carnada, ofreciendo dos jornadas de intensa actividad en el r\u00edo y camarader\u00eda entre los participantes.<\/p>\n\n\n\n<p>El evento culmin\u00f3 con la tradicional cena de premiaci\u00f3n, donde se reconoci\u00f3 el desempe\u00f1o de los concursantes y con el show en vivo de Huam\u00e1 Cumbia Pace\u00f1a.<\/p>\n\n\n\n<p>La Secretar\u00eda de Turismo extiende sus agradecimientos a todos los que brindaron su colaboraci\u00f3n y formaron parte de la fiesta.<\/p>\n\n\n\n<p>A continuaci\u00f3n, compartimos los nombres de los ganadores:<\/p>\n\n\n\n<p>MODALIDAD SE\u00d1UELOS:&nbsp;<\/p>\n\n\n\n<p>Posiciones Generales:<\/p>\n\n\n\n<p>1\u00b0 Puesto \u201cFunes est\u00e1 de Pesca\u201d<\/p>\n\n\n\n<p>4 capturas 205 puntos<br>Mat\u00edas Fernandez, Ernesto Rodriguez, Pablo Andres Saurit<\/p>\n\n\n\n<p>2\u00b0 Puesto \u201cSaba N\u00e1utica\u201d<\/p>\n\n\n\n<p>3 capturas 180 puntos<br>Maximiliano Saba, Juan Alberto Milera, Franco Ezequiel Gaitan<\/p>\n\n\n\n<p>3\u00b0Puesto \u201cSanta Elena Fishing\u201d<\/p>\n\n\n\n<p>2 capturas 132 puntos<br>Rene Acosta, Roberto Luis Peralra Ramirez, Felipe Giebert<\/p>\n\n\n\n<p>4\u00b0Puesto \u201cMocas\u00edn\u201d<\/p>\n\n\n\n<p>2 capturas 121 puntos<br>Mariano Javier Amarillo, Juan Manuel Zavalla, Eduardo Gabriel Piaggio<\/p>\n\n\n\n<p>5\u00b0Puesto \u201cVicco Pesca\u201d<\/p>\n\n\n\n<p>2 capturas 112 puntos<br>Alejandro Onega, Bruno Onega, Gonzalo Ponce<\/p>\n\n\n\n<p>Pieza Mayor:<\/p>\n\n\n\n<p>1\u00b0 Puesto \u201cSanta Elena Fishing\u201d: 72 cm<\/p>\n\n\n\n<p>Felipe Giebert<\/p>\n\n\n\n<p>2\u00b0Puesto \u201cMagacha\u201d: 72 cm<\/p>\n\n\n\n<p>Casas Francisco<\/p>\n\n\n\n<p>3\u00b0Puesto \u201cSaba N\u00e1utica\u201d: 70 cm<\/p>\n\n\n\n<p>Sabas Maximiliano<\/p>\n\n\n\n<p>Menor mejor clasificado:<\/p>\n\n\n\n<p>1\u00b0 Jos\u00e9 Alonso Cantoni&nbsp;Menci\u00f3n:<\/p>\n\n\n\n<p>Segundo Baldini&nbsp;<\/p>\n\n\n\n<p>MODALIDAD CARNADA:<\/p>\n\n\n\n<p>Posiciones Generales:<\/p>\n\n\n\n<p>1\u00b0 Puesto \u201cSue\u00f1o Dorado\u201d<\/p>\n\n\n\n<p>4 capturas 264 puntos<br>Alejandro Martinez, Carlos Milani, Mart\u00edn Milani<\/p>\n\n\n\n<p>2\u00b0Puesto \u201cLos Amigos\u201d&nbsp;<\/p>\n\n\n\n<p>2 capturas 134 puntos<br>Mario Tarchini, Eduardo Hayler, Ruben Dar\u00edo Ibaldi<\/p>\n\n\n\n<p>3\u00b0Puesto \u201cSin Permiso\u201d<\/p>\n\n\n\n<p>2 capturas 130 puntos<br>Matias Fernandez, Ernesto Rodriguez, Pablo Andres Saurit<\/p>\n\n\n\n<p>4\u00b0Puesto \u201cGua Suerte\u201d<\/p>\n\n\n\n<p>2 capturas 130 puntos&nbsp;<br>Flavio Jos\u00e9 Galizzi, Claudio Javier Pons, Nestor Fabi\u00e1n Fernandez<\/p>\n\n\n\n<p>5\u00b0Puesto \u201cOn\u201d<\/p>\n\n\n\n<p>2 capturas 119 puntos<br>Facundo Mariano, Francisco Pizzola, Eduardo Anderson<\/p>\n\n\n\n<p>6\u00b0 Puesto \u201cSanta Elena Fishing\u201d<\/p>\n\n\n\n<p>2 capturas 118 puntos<br>Rene Acosta, Roberto Luis Peralra Ramirez, Felipe Giebert<\/p>\n\n\n\n<p>7\u00b0 Puesto \u201cGua Suerte\u201d<\/p>\n\n\n\n<p>2 capturas 107 puntos<br>Ariel Garnier, Alberto Garnier, Roberto Villa<\/p>\n\n\n\n<p>8\u00b0Puesto \u201cSurub\u00ed Paceaeo\u201d<\/p>\n\n\n\n<p>2 capturas 106 puntos<br>Cristian Petitgerard, Gabriel Rios, Arnoldo Isaac Dominguez Piaggio<\/p>\n\n\n\n<p>9\u00b0Puesto \u201cMocasin\u201d<\/p>\n\n\n\n<p>2 capturas 100 puntos<br>Mariano Amarillo, Juan Eduardo Gabriel Piaggio Zavalla, Eduardo Gabriel Piaggio<\/p>\n\n\n\n<p>10\u00b0 Puesto \u201cSurub\u00ed Pace\u00f1o\u201d<\/p>\n\n\n\n<p>2 capturas 97 puntos<br>Camilo Espinoza, Facundo Gomila<\/p>\n\n\n\n<p>Pieza Mayor<\/p>\n\n\n\n<p>1\u00b0Puesto \u201cSin Permiso\u201d: 73 cm<\/p>\n\n\n\n<p>Saurit Pablo<\/p>\n\n\n\n<p>2\u00b0Puesto \u201cLos Amigos\u201d: 71 cm<\/p>\n\n\n\n<p>Ibaldo Ruben<\/p>\n\n\n\n<p>3\u00b0Puesto \u201cSue\u00f1o Dorado\u201d: 70 cm<\/p>\n\n\n\n<p>Milani Carlos<\/p>\n\n\n\n<p>4\u00b0Puesto \u201cOn\u201d: 68 cm<\/p>\n\n\n\n<p>Pizola Francisco<\/p>\n\n\n\n<p>5\u00b0Puesto \u201cClub N\u00e1utico y Pesca Goya\u201d: 68 cm<\/p>\n\n\n\n<p>Rigoni Mario<\/p>\n\n\n\n<p>Menor mejor clasificado<\/p>\n\n\n\n<p>1\u00b0Faustino Druetta Eichman&nbsp;<\/p>\n","protected":false},"excerpt":{"rendered":"<p>Durante el fin de semana se llev\u00f3 a cabo la tradicional Fiesta del Dorado Entrerriano&#8230;<\/p>\n","protected":false},"author":2,"featured_media":4291,"comment_status":"open","ping_status":"open","sticky":false,"template":"","format":"standard","meta":{"footnotes":""},"categories":[23],"tags":[],"class_list":["post-4290","post","type-post","status-publish","format-standard","has-post-thumbnail","hentry","category-pesca"],"featured_image_urls":{"full":["https:\/\/deportodos.com.ar\/2023\/wp-content\/uploads\/2025\/09\/FB_IMG_1759152426981.jpg",1536,2048,false],"thumbnail":["https:\/\/deportodos.com.ar\/2023\/wp-content\/uploads\/2025\/09\/FB_IMG_1759152426981-150x150.jpg",150,150,true],"medium":["https:\/\/deportodos.com.ar\/2023\/wp-content\/uploads\/2025\/09\/FB_IMG_1759152426981-225x300.jpg",225,300,true],"medium_large":["https:\/\/deportodos.com.ar\/2023\/wp-content\/uploads\/2025\/09\/FB_IMG_1759152426981-768x1024.jpg",640,853,true],"large":["https:\/\/deportodos.com.ar\/2023\/wp-content\/uploads\/2025\/09\/FB_IMG_1759152426981-768x1024.jpg",640,853,true],"1536x1536":["https:\/\/deportodos.com.ar\/2023\/wp-content\/uploads\/2025\/09\/FB_IMG_1759152426981-1152x1536.jpg",1152,1536,true],"2048x2048":["https:\/\/deportodos.com.ar\/2023\/wp-content\/uploads\/2025\/09\/FB_IMG_1759152426981.jpg",1536,2048,false],"covernews-featured":["https:\/\/deportodos.com.ar\/2023\/wp-content\/uploads\/2025\/09\/FB_IMG_1759152426981-1024x1365.jpg",1024,1365,true],"covernews-medium":["https:\/\/deportodos.com.ar\/2023\/wp-content\/uploads\/2025\/09\/FB_IMG_1759152426981-540x340.jpg",540,340,true]},"author_info":{"display_name":"c2530142","author_link":"https:\/\/deportodos.com.ar\/2023\/author\/c2530142\/"},"category_info":"<a href=\"https:\/\/deportodos.com.ar\/2023\/category\/pesca\/\" rel=\"category tag\">Pesca<\/a>","tag_info":"Pesca","comment_count":"0","_links":{"self":[{"href":"https:\/\/deportodos.com.ar\/2023\/wp-json\/wp\/v2\/posts\/4290","targetHints":{"allow":["GET"]}}],"collection":[{"href":"https:\/\/deportodos.com.ar\/2023\/wp-json\/wp\/v2\/posts"}],"about":[{"href":"https:\/\/deportodos.com.ar\/2023\/wp-json\/wp\/v2\/types\/post"}],"author":[{"embeddable":true,"href":"https:\/\/deportodos.com.ar\/2023\/wp-json\/wp\/v2\/users\/2"}],"replies":[{"embeddable":true,"href":"https:\/\/deportodos.com.ar\/2023\/wp-json\/wp\/v2\/comments?post=4290"}],"version-history":[{"count":1,"href":"https:\/\/deportodos.com.ar\/2023\/wp-json\/wp\/v2\/posts\/4290\/revisions"}],"predecessor-version":[{"id":4292,"href":"https:\/\/deportodos.com.ar\/2023\/wp-json\/wp\/v2\/posts\/4290\/revisions\/4292"}],"wp:featuredmedia":[{"embeddable":true,"href":"https:\/\/deportodos.com.ar\/2023\/wp-json\/wp\/v2\/media\/4291"}],"wp:attachment":[{"href":"https:\/\/deportodos.com.ar\/2023\/wp-json\/wp\/v2\/media?parent=4290"}],"wp:term":[{"taxonomy":"category","embeddable":true,"href":"https:\/\/deportodos.com.ar\/2023\/wp-json\/wp\/v2\/categories?post=4290"},{"taxonomy":"post_tag","embeddable":true,"href":"https:\/\/deportodos.com.ar\/2023\/wp-json\/wp\/v2\/tags?post=4290"}],"curies":[{"name":"wp","href":"https:\/\/api.w.org\/{rel}","templated":true}]}}