{"id":4293,"date":"2025-10-01T16:04:39","date_gmt":"2025-10-01T16:04:39","guid":{"rendered":"https:\/\/deportodos.com.ar\/2023\/?p=4293"},"modified":"2025-10-01T16:04:40","modified_gmt":"2025-10-01T16:04:40","slug":"gran-final-del-duatlon-en-villa-del-rosario","status":"publish","type":"post","link":"https:\/\/deportodos.com.ar\/2023\/gran-final-del-duatlon-en-villa-del-rosario\/","title":{"rendered":"GRAN FINAL DEL DUATL\u00d3N EN VILLA DEL ROSARIO"},"content":{"rendered":"\n<p>Este domingo en Villa del Rosario desde las 10 hs. se estar\u00e1 corriendo la s\u00e9ptima y \u00faltima fecha del \u201cCircuito Provincial de Duatlon Jeep\u201d que definir\u00e1 al campe\u00f3n en varones ya que en damas se coron\u00f3 con anticipaci\u00f3n la concordiense Ana Mar\u00eda Brunini.<\/p>\n\n\n\n<p>La prueba se disputar\u00e1 sobre una distancia sprint, es decir 5km de pedestrismo, 20 de ciclismo y 2500 metros de pedestrismo, recordando que esta sede debut\u00f3 el a\u00f1o anterior con gran \u00e9xito y que sin dudas ya ha quedado impuesta para esta prueba que esta vez tendr\u00e1 su epicentro en la plaza Jos\u00e9 Manuel Estrada, con el pedestrismo en las calles del pueblo en un circuito de 2500 metros y el ciclismo que se dirigir\u00e1 por la ruta provincial 2 rumbo a Chajar\u00ed en dos vueltas de 10 km.<\/p>\n\n\n\n<p>Sin dudas esta final en Villa del Rosario no ser\u00e1 una carrera m\u00e1s para el concordiense Javier del Castillo ya que significar\u00e1 su duatlon n\u00famero 200, en un hecho hist\u00f3rico para el duatlon entrerriano de este notable corredor que hace 31 a\u00f1os se dedica a disfrutar de este deporte y que cuenta con un historial muy extenso de participaci\u00f3n en toda la provincia y en el orden nacional, siendo adem\u00e1s el ide\u00f3logo de este exitoso circuito.<\/p>\n\n\n\n<p>Cabe destacar que una vez finalizada la prueba todo se trasladar\u00e1 al club Las Colonias con el gran almuerzo coronaci\u00f3n, donde se entregar\u00e1n los premios del campeonato del primero al \u00faltimo puesto en todas las categor\u00edas, junto a muy atractivos sorteos.<\/p>\n\n\n\n<p>Gran expectativa tambi\u00e9n por la definici\u00f3n del campeonato que podr\u00eda quedar en esta temporada para dos concordienses, ya que Eduardo Pelichero cuenta con grandes chances de lograr el t\u00edtulo pro segunda vez en su historial. Adem\u00e1s de Pelichero, los otro candidatos son los uruguayos Mat\u00edas G\u00f3mez de notable actuaci\u00f3n en las primeras cinco fechas del campeonato y el representante de Mercedes Gabriel Priano.<\/p>\n\n\n\n<p>Cabe recordar que esta es la sexta edici\u00f3n de este cert\u00e1men que tiene como m\u00e1ximo ganador a Diego Ricagno con dos t\u00edtulos, mientras que los restantes ganadores han sido Pelichero, Marino Vilalba y Alejandro Ricagno.<\/p>\n\n\n\n<p>Las inscripciones se registran a trav\u00e9s de www.encarrera.com.ar\/duatlon y este viernes habr\u00e1 como es costumbre inscripci\u00f3n presencial para concordienses en Lauria Rodados.<\/p>\n\n\n\n<p>PRENSA A.C.P.C.<br>.<\/p>\n","protected":false},"excerpt":{"rendered":"<p>Este domingo en Villa del Rosario desde las 10 hs. se estar\u00e1 corriendo la s\u00e9ptima&#8230;<\/p>\n","protected":false},"author":2,"featured_media":4294,"comment_status":"open","ping_status":"open","sticky":false,"template":"","format":"standard","meta":{"footnotes":""},"categories":[18],"tags":[],"class_list":["post-4293","post","type-post","status-publish","format-standard","has-post-thumbnail","hentry","category-duatlon"],"featured_image_urls":{"full":["https:\/\/deportodos.com.ar\/2023\/wp-content\/uploads\/2025\/10\/IMG-20251001-WA0016.jpg",1080,720,false],"thumbnail":["https:\/\/deportodos.com.ar\/2023\/wp-content\/uploads\/2025\/10\/IMG-20251001-WA0016-150x150.jpg",150,150,true],"medium":["https:\/\/deportodos.com.ar\/2023\/wp-content\/uploads\/2025\/10\/IMG-20251001-WA0016-300x200.jpg",300,200,true],"medium_large":["https:\/\/deportodos.com.ar\/2023\/wp-content\/uploads\/2025\/10\/IMG-20251001-WA0016-768x512.jpg",640,427,true],"large":["https:\/\/deportodos.com.ar\/2023\/wp-content\/uploads\/2025\/10\/IMG-20251001-WA0016-1024x683.jpg",640,427,true],"1536x1536":["https:\/\/deportodos.com.ar\/2023\/wp-content\/uploads\/2025\/10\/IMG-20251001-WA0016.jpg",1080,720,false],"2048x2048":["https:\/\/deportodos.com.ar\/2023\/wp-content\/uploads\/2025\/10\/IMG-20251001-WA0016.jpg",1080,720,false],"covernews-featured":["https:\/\/deportodos.com.ar\/2023\/wp-content\/uploads\/2025\/10\/IMG-20251001-WA0016-1024x683.jpg",1024,683,true],"covernews-medium":["https:\/\/deportodos.com.ar\/2023\/wp-content\/uploads\/2025\/10\/IMG-20251001-WA0016-540x340.jpg",540,340,true]},"author_info":{"display_name":"c2530142","author_link":"https:\/\/deportodos.com.ar\/2023\/author\/c2530142\/"},"category_info":"<a href=\"https:\/\/deportodos.com.ar\/2023\/category\/duatlon\/\" rel=\"category tag\">Duatlon<\/a>","tag_info":"Duatlon","comment_count":"0","_links":{"self":[{"href":"https:\/\/deportodos.com.ar\/2023\/wp-json\/wp\/v2\/posts\/4293","targetHints":{"allow":["GET"]}}],"collection":[{"href":"https:\/\/deportodos.com.ar\/2023\/wp-json\/wp\/v2\/posts"}],"about":[{"href":"https:\/\/deportodos.com.ar\/2023\/wp-json\/wp\/v2\/types\/post"}],"author":[{"embeddable":true,"href":"https:\/\/deportodos.com.ar\/2023\/wp-json\/wp\/v2\/users\/2"}],"replies":[{"embeddable":true,"href":"https:\/\/deportodos.com.ar\/2023\/wp-json\/wp\/v2\/comments?post=4293"}],"version-history":[{"count":1,"href":"https:\/\/deportodos.com.ar\/2023\/wp-json\/wp\/v2\/posts\/4293\/revisions"}],"predecessor-version":[{"id":4295,"href":"https:\/\/deportodos.com.ar\/2023\/wp-json\/wp\/v2\/posts\/4293\/revisions\/4295"}],"wp:featuredmedia":[{"embeddable":true,"href":"https:\/\/deportodos.com.ar\/2023\/wp-json\/wp\/v2\/media\/4294"}],"wp:attachment":[{"href":"https:\/\/deportodos.com.ar\/2023\/wp-json\/wp\/v2\/media?parent=4293"}],"wp:term":[{"taxonomy":"category","embeddable":true,"href":"https:\/\/deportodos.com.ar\/2023\/wp-json\/wp\/v2\/categories?post=4293"},{"taxonomy":"post_tag","embeddable":true,"href":"https:\/\/deportodos.com.ar\/2023\/wp-json\/wp\/v2\/tags?post=4293"}],"curies":[{"name":"wp","href":"https:\/\/api.w.org\/{rel}","templated":true}]}}