{"id":4310,"date":"2025-10-05T22:29:01","date_gmt":"2025-10-05T22:29:01","guid":{"rendered":"https:\/\/deportodos.com.ar\/2023\/?p=4310"},"modified":"2025-10-06T11:53:27","modified_gmt":"2025-10-06T11:53:27","slug":"patronato-enfrentara-a-estudiantes-de-rio-cuarto-en-el-reducido","status":"publish","type":"post","link":"https:\/\/deportodos.com.ar\/2023\/patronato-enfrentara-a-estudiantes-de-rio-cuarto-en-el-reducido\/","title":{"rendered":"PATRONATO ENFRENTAR\u00c1 A ESTUDIANTES DE R\u00cdO  CUARTO EN EL REDUCIDO"},"content":{"rendered":"\n<p>Este domingo se defini\u00f3 la clasificaci\u00f3n de la Zona B de la Primera Nacional. Luego de la definici\u00f3n de la Zona A durante el s\u00e1bado, este domingo se determinaron tanto el finalista como el orden para el Reducido por el segundo ascenso a Primera Divisi\u00f3n. De esta manera tambi\u00e9n se resolvi\u00f3 cu\u00e1l ser\u00e1 el rival de Patronato.<\/p>\n\n\n\n<p>A la final se clasific\u00f3 Gimnasia de Mendoza, que en su estadio venci\u00f3 a Defensores de Belgrano por 1-0. El gol lleg\u00f3 a los 30 minutos del segundo tiempo, convertido por Ferm\u00edn Antonini. Con la victoria, el&nbsp;<em>Lobo<\/em>&nbsp;mendocino lleg\u00f3 a 63 puntos y fue inalcanzable para sus rivales. Es por este motivo que enfrentar\u00e1 a Deportivo Madryn en la final por el primer ascenso a Primera Divisi\u00f3n.<\/p>\n\n\n\n<p>El segundo puesto qued\u00f3 en manos de Estudiantes de R\u00edo Cuarto, que derrot\u00f3 a Central Norte de Salta como visitante por 2-1 y lleg\u00f3 a los 60 puntos. De esta manera se transform\u00f3 en el rival de Patronato para la primera ronda del Reducido por el segundo ascenso. Al&nbsp;<em>Patr\u00f3n<\/em>&nbsp;s\u00f3lo le queda aspirar por el segundo ascenso, ya que por la ubicaci\u00f3n que obtuvo no podr\u00e1 disputar la pr\u00f3xima Copa Argentina. Adem\u00e1s, deber\u00e1 definir todas las rondas con desventaja deportiva y en condici\u00f3n de visitante.<\/p>\n\n\n\n<p>Con las posiciones finales, los cruces quedaron definidos de la siguiente manera:<br>2\u00b0 Zona A vs. 8\u00b0 Zona B: Atlanta &#8211; Chaco For Ever.<br>2\u00b0 Zona B vs. 8\u00b0 Zona A: Estudiantes (RC) &#8211; Patronato.<br>3\u00b0 Zona A vs. 7\u00b0 Zona B: Trist\u00e1n Su\u00e1rez &#8211; Agropecuario.<br>3\u00b0 Zona B vs. 7\u00b0 Zona A: Estudiantes (Caseros) &#8211; Deportivo Maip\u00fa.<br>4\u00b0 Zona A vs. 6\u00b0 Zona B: Gimnasia y Tiro &#8211; Temperley.<br>4\u00b0 Zona B vs. 6\u00b0 Zona A: Deportivo Mor\u00f3n &#8211; San Mart\u00edn (Tucum\u00e1n).<br>5\u00b0 Zona B vs. 5\u00b0 Zona A: Gimnasia (Jujuy) &#8211; San Miguel.<\/p>\n\n\n\n<p>Los entrerrianos finalmente quedaron as\u00ed: RC2 y la general 3 eros Leo Bonnin\/Fern\u00e1ndez en la RC MR Martin Baucero 1ero navegando a Santino Rossi y 3era Nadia Cutro \/ Recalt y 4tos Toio Ballay navegado por Andy Delia<\/p>\n\n\n\n<blockquote class=\"wp-block-quote is-layout-flow wp-block-quote-is-layout-flow\">\n<p>www.analisisdigital.com.ar<\/p>\n<\/blockquote>\n","protected":false},"excerpt":{"rendered":"<p>Este domingo se defini\u00f3 la clasificaci\u00f3n de la Zona B de la Primera Nacional. Luego&#8230;<\/p>\n","protected":false},"author":2,"featured_media":4327,"comment_status":"open","ping_status":"open","sticky":false,"template":"","format":"standard","meta":{"footnotes":""},"categories":[36],"tags":[],"class_list":["post-4310","post","type-post","status-publish","format-standard","has-post-thumbnail","hentry","category-futbol"],"featured_image_urls":{"full":["https:\/\/deportodos.com.ar\/2023\/wp-content\/uploads\/2025\/10\/patronato.jpg-1.webp",900,507,false],"thumbnail":["https:\/\/deportodos.com.ar\/2023\/wp-content\/uploads\/2025\/10\/patronato.jpg-1-150x150.webp",150,150,true],"medium":["https:\/\/deportodos.com.ar\/2023\/wp-content\/uploads\/2025\/10\/patronato.jpg-1-300x169.webp",300,169,true],"medium_large":["https:\/\/deportodos.com.ar\/2023\/wp-content\/uploads\/2025\/10\/patronato.jpg-1-768x433.webp",640,361,true],"large":["https:\/\/deportodos.com.ar\/2023\/wp-content\/uploads\/2025\/10\/patronato.jpg-1.webp",640,361,false],"1536x1536":["https:\/\/deportodos.com.ar\/2023\/wp-content\/uploads\/2025\/10\/patronato.jpg-1.webp",900,507,false],"2048x2048":["https:\/\/deportodos.com.ar\/2023\/wp-content\/uploads\/2025\/10\/patronato.jpg-1.webp",900,507,false],"covernews-featured":["https:\/\/deportodos.com.ar\/2023\/wp-content\/uploads\/2025\/10\/patronato.jpg-1.webp",900,507,false],"covernews-medium":["https:\/\/deportodos.com.ar\/2023\/wp-content\/uploads\/2025\/10\/patronato.jpg-1-540x340.webp",540,340,true]},"author_info":{"display_name":"c2530142","author_link":"https:\/\/deportodos.com.ar\/2023\/author\/c2530142\/"},"category_info":"<a href=\"https:\/\/deportodos.com.ar\/2023\/category\/futbol\/\" rel=\"category tag\">Futbol<\/a>","tag_info":"Futbol","comment_count":"0","_links":{"self":[{"href":"https:\/\/deportodos.com.ar\/2023\/wp-json\/wp\/v2\/posts\/4310","targetHints":{"allow":["GET"]}}],"collection":[{"href":"https:\/\/deportodos.com.ar\/2023\/wp-json\/wp\/v2\/posts"}],"about":[{"href":"https:\/\/deportodos.com.ar\/2023\/wp-json\/wp\/v2\/types\/post"}],"author":[{"embeddable":true,"href":"https:\/\/deportodos.com.ar\/2023\/wp-json\/wp\/v2\/users\/2"}],"replies":[{"embeddable":true,"href":"https:\/\/deportodos.com.ar\/2023\/wp-json\/wp\/v2\/comments?post=4310"}],"version-history":[{"count":2,"href":"https:\/\/deportodos.com.ar\/2023\/wp-json\/wp\/v2\/posts\/4310\/revisions"}],"predecessor-version":[{"id":4316,"href":"https:\/\/deportodos.com.ar\/2023\/wp-json\/wp\/v2\/posts\/4310\/revisions\/4316"}],"wp:featuredmedia":[{"embeddable":true,"href":"https:\/\/deportodos.com.ar\/2023\/wp-json\/wp\/v2\/media\/4327"}],"wp:attachment":[{"href":"https:\/\/deportodos.com.ar\/2023\/wp-json\/wp\/v2\/media?parent=4310"}],"wp:term":[{"taxonomy":"category","embeddable":true,"href":"https:\/\/deportodos.com.ar\/2023\/wp-json\/wp\/v2\/categories?post=4310"},{"taxonomy":"post_tag","embeddable":true,"href":"https:\/\/deportodos.com.ar\/2023\/wp-json\/wp\/v2\/tags?post=4310"}],"curies":[{"name":"wp","href":"https:\/\/api.w.org\/{rel}","templated":true}]}}