{"id":4334,"date":"2025-10-09T13:25:19","date_gmt":"2025-10-09T13:25:19","guid":{"rendered":"https:\/\/deportodos.com.ar\/2023\/?p=4334"},"modified":"2025-10-09T13:25:21","modified_gmt":"2025-10-09T13:25:21","slug":"10-maraton-de-santa-ana","status":"publish","type":"post","link":"https:\/\/deportodos.com.ar\/2023\/10-maraton-de-santa-ana\/","title":{"rendered":"10\u00b0 MARAT\u00d3N DE SANTA ANA"},"content":{"rendered":"\n<p>Ya falta muy poco para una nueva edici\u00f3n de uno de los eventos deportivos m\u00e1s esperados del calendario, el domingo 12 de octubre se llevar\u00e1 a cabo la 10\u00b0 Marat\u00f3n de Santa Ana, una competencia que re\u00fane a atletas de toda la regi\u00f3n en un marco de deporte, alegr\u00eda y esp\u00edritu competitivo.<\/p>\n\n\n\n<p>La cita ser\u00e1 a partir de las 9:30 horas, con largada desde la Plaza San Mart\u00edn. El evento contar\u00e1 con categor\u00edas mixtas de 5 y 10 kil\u00f3metros, ideales tanto para corredores experimentados como para quienes se inician en esta disciplina.<\/p>\n\n\n\n<p>Inscripciones abiertas<\/p>\n\n\n\n<p>Ya se encuentran abiertas las inscripciones, con precios promocionales hasta el viernes 10 de octubre:<\/p>\n\n\n\n<p>10 km:$20.000<\/p>\n\n\n\n<p>&nbsp;km: $18.000<\/p>\n\n\n\n<p>Luego de esa fecha, las inscripciones presenciales tendr\u00e1n los siguientes valores:<\/p>\n\n\n\n<p>10 km: $25.000<\/p>\n\n\n\n<p>5 km: $20.000<\/p>\n\n\n\n<p>Premios:trofeos, medallas y dinero en efectivo (no acumulativos).<\/p>\n\n\n\n<p>-Los primeros 120 inscriptos pagos recibir\u00e1n una remera oficial de regalo.<\/p>\n\n\n\n<p>Para mayor informaci\u00f3n e inscripciones, podes ingresar a los canales oficiales del evento o comunicarte con la organizaci\u00f3n a trav\u00e9s de las redes de Deportes Santa Ana.<\/p>\n","protected":false},"excerpt":{"rendered":"<p>Ya falta muy poco para una nueva edici\u00f3n de uno de los eventos deportivos m\u00e1s&#8230;<\/p>\n","protected":false},"author":2,"featured_media":4335,"comment_status":"open","ping_status":"open","sticky":false,"template":"","format":"standard","meta":{"footnotes":""},"categories":[5],"tags":[],"class_list":["post-4334","post","type-post","status-publish","format-standard","has-post-thumbnail","hentry","category-atletismo"],"featured_image_urls":{"full":["https:\/\/deportodos.com.ar\/2023\/wp-content\/uploads\/2025\/10\/IMG-20251009-WA0012.jpg",833,525,false],"thumbnail":["https:\/\/deportodos.com.ar\/2023\/wp-content\/uploads\/2025\/10\/IMG-20251009-WA0012-150x150.jpg",150,150,true],"medium":["https:\/\/deportodos.com.ar\/2023\/wp-content\/uploads\/2025\/10\/IMG-20251009-WA0012-300x189.jpg",300,189,true],"medium_large":["https:\/\/deportodos.com.ar\/2023\/wp-content\/uploads\/2025\/10\/IMG-20251009-WA0012-768x484.jpg",640,403,true],"large":["https:\/\/deportodos.com.ar\/2023\/wp-content\/uploads\/2025\/10\/IMG-20251009-WA0012.jpg",640,403,false],"1536x1536":["https:\/\/deportodos.com.ar\/2023\/wp-content\/uploads\/2025\/10\/IMG-20251009-WA0012.jpg",833,525,false],"2048x2048":["https:\/\/deportodos.com.ar\/2023\/wp-content\/uploads\/2025\/10\/IMG-20251009-WA0012.jpg",833,525,false],"covernews-featured":["https:\/\/deportodos.com.ar\/2023\/wp-content\/uploads\/2025\/10\/IMG-20251009-WA0012.jpg",833,525,false],"covernews-medium":["https:\/\/deportodos.com.ar\/2023\/wp-content\/uploads\/2025\/10\/IMG-20251009-WA0012-540x340.jpg",540,340,true]},"author_info":{"display_name":"c2530142","author_link":"https:\/\/deportodos.com.ar\/2023\/author\/c2530142\/"},"category_info":"<a href=\"https:\/\/deportodos.com.ar\/2023\/category\/atletismo\/\" rel=\"category tag\">Atletismo<\/a>","tag_info":"Atletismo","comment_count":"0","_links":{"self":[{"href":"https:\/\/deportodos.com.ar\/2023\/wp-json\/wp\/v2\/posts\/4334","targetHints":{"allow":["GET"]}}],"collection":[{"href":"https:\/\/deportodos.com.ar\/2023\/wp-json\/wp\/v2\/posts"}],"about":[{"href":"https:\/\/deportodos.com.ar\/2023\/wp-json\/wp\/v2\/types\/post"}],"author":[{"embeddable":true,"href":"https:\/\/deportodos.com.ar\/2023\/wp-json\/wp\/v2\/users\/2"}],"replies":[{"embeddable":true,"href":"https:\/\/deportodos.com.ar\/2023\/wp-json\/wp\/v2\/comments?post=4334"}],"version-history":[{"count":1,"href":"https:\/\/deportodos.com.ar\/2023\/wp-json\/wp\/v2\/posts\/4334\/revisions"}],"predecessor-version":[{"id":4336,"href":"https:\/\/deportodos.com.ar\/2023\/wp-json\/wp\/v2\/posts\/4334\/revisions\/4336"}],"wp:featuredmedia":[{"embeddable":true,"href":"https:\/\/deportodos.com.ar\/2023\/wp-json\/wp\/v2\/media\/4335"}],"wp:attachment":[{"href":"https:\/\/deportodos.com.ar\/2023\/wp-json\/wp\/v2\/media?parent=4334"}],"wp:term":[{"taxonomy":"category","embeddable":true,"href":"https:\/\/deportodos.com.ar\/2023\/wp-json\/wp\/v2\/categories?post=4334"},{"taxonomy":"post_tag","embeddable":true,"href":"https:\/\/deportodos.com.ar\/2023\/wp-json\/wp\/v2\/tags?post=4334"}],"curies":[{"name":"wp","href":"https:\/\/api.w.org\/{rel}","templated":true}]}}