{"id":4357,"date":"2025-10-15T00:10:50","date_gmt":"2025-10-15T00:10:50","guid":{"rendered":"https:\/\/deportodos.com.ar\/2023\/?p=4357"},"modified":"2025-10-15T10:09:25","modified_gmt":"2025-10-15T10:09:25","slug":"maraton-de-reyes","status":"publish","type":"post","link":"https:\/\/deportodos.com.ar\/2023\/maraton-de-reyes\/","title":{"rendered":"MARAT\u00d3N DE REYES"},"content":{"rendered":"\n<p>El citado estuvo acompa\u00f1ado de la Subsecretaria de Deportes, Lic. Ivana P\u00e9rez, y ahondaron en lo que ser\u00e1 la gran prueba atl\u00e9tica que tiene Concordia.<\/p>\n\n\n\n<p><br>Dentro de lo m\u00e1s saliente, Flores dijo que largar\u00e1 y llegar\u00e1 en la Costanera, a la altura del Club Comunicaciones y que las dos distancias (10 y 5k) largar\u00e1n juntas, y es algo que el organizador le agrega con su impronta a la prueba, dado que en muchos a\u00f1os largaron separadas.<\/p>\n\n\n\n<p><br>El horario era tal cual ya estaba anunciado, a las 20 horas del s\u00e1bado 10 de enero de 2026.<br>Flores arranc\u00f3 asintiendo lo de la Costanera, al decir \u201cs\u00ed, ya podemos confirmar que la Marat\u00f3n Internacional de Reyes 2026 va a tener su centro de largada y llegada en la Costanera, en cercan\u00edas al Club Comunicaciones. <\/p>\n\n\n\n<p>Para llegar a esto pensamos en el confort del corredor, porque creemos que este circuito que hemos pensado est\u00e1 en muy buenas condiciones para correr y adem\u00e1s que la costanera de Concordia es muy amplia para contener a semejante cantidad de personas\u201d.<br>Al consult\u00e1rsele sobre el resto del circuito, si iba a tener cambios, Flores enfatiz\u00f3 en que \u201cno, solo que estamos buscando lugares m\u00e1s atractivos, m\u00e1s nuevos. Hoy tenemos toda la zona este de la ciudad en muy buen estado y nos parece importante mostrarla, no solo al corredor sino tambi\u00e9n a la gente que viene a hacer turismo. Es apostar a algo nuevo, algo que con Ivana (P\u00e9rez) lo pensamos y lo diagramamos, y estuvimos totalmente de acuerdo en innovar y ellos nos da otra esperanza, otra alegr\u00eda. Y creemos que en todos va a despertar lo mismo\u201d, argument\u00f3.<br>En cuanto a lo tur\u00edstico que representa la prueba, Flores acot\u00f3 que \u201cSin duda que vamos a estar trabajando fuerte en no olvidarnos lo que es Concordia, y por ende intentando traer m\u00e1s turistas que puedan participar de la carrera, que es lo que m\u00e1s buscamos\u201d.<\/p>\n\n\n\n<p><br>Por su parte, Ivana P\u00e9rez fue consultada sobre esta apuesta que es muy grande, y respondi\u00f3: \u201cS\u00ed, est\u00e1 muy bueno. Nosotros tambi\u00e9n vamos evolucionando con la Marat\u00f3n dentro de la gesti\u00f3n y vamos buscando siempre la mejor opci\u00f3n, depende del momento tambi\u00e9n que estamos viviendo y ahora con Marcelo apareci\u00f3 una oportunidad para ir mejorando, obviamente\u201d.<\/p>\n\n\n\n<p><br>En cuanto a la log\u00edstica, detall\u00f3: \u201cNosotros como siempre tendremos a cargo toda la log\u00edstica con todas las \u00e1reas de la municipalidad en todo lo que sea ambulancias, vallas, ba\u00f1os qu\u00edmicos, profesores. Si bien est\u00e1 toda la organizaci\u00f3n de Los Galgos, nosotros desde la Subsecretar\u00eda de Deportes colaboramos y tambi\u00e9n tendremos la Mini Reyes al otro d\u00eda\u201d.<\/p>\n\n\n\n<p><br>Una de las preguntas clave que respondi\u00f3 Flores este martes fue sobre el precio de la inscripci\u00f3n, y se explay\u00f3 al respecto diciendo \u201cVa a tener un solo costo desde que se abre hasta que se cierra, por lo que no va a haber diferentes precios por etapas, como se ha venido haciendo. Desde que arranca, hasta el viernes 9, d\u00eda anterior a la carrera, la gente tiene la oportunidad de abonar 35 mil pesos en un solo pago o bien abonar 40 mil en dos cuotas de 20, que podr\u00e1n pagar ni bien arranca la inscripci\u00f3n los primeros 20 y cuando reciban el kit de carrera los otros 20. Vamos a estar comenzando con todo eso el 15 de octubre, las inscripciones presenciales. Lo que no est\u00e1 definido todav\u00eda es el lugar donde estaremos recibiendo esas inscripciones, aunque ya a la brevedad lo resolveremos. Pero ser\u00e1n tres d\u00edas presenciales y tambi\u00e9n ya entregando kits de competencia\u201d, enfatiz\u00f3.<br>En cuanto a la invitaci\u00f3n o no de atletas de otros lugares para que vengan a engalanar la prueba, Flores dijo \u201cPor el momento nosotros estamos trabajando en torno al n\u00famero real que siempre tuvo Reyes tratando de conseguir la mayor cantidad de participantes, no necesariamente de elite. Estamos queriendo que venga a correr la mayor cantidad de gente posible, sin fijarnos en los tiempos que hagan y si son o no de elite. Estamos apuntando a eso en esta edici\u00f3n\u201d, concluy\u00f3.<br>Para concluir este informe, podemos decir que el circuito es realmente amplio, que abarca toda la zona verde y muchos espacios in\u00e9ditos para la Marat\u00f3n. Por ejemplo, en una parte del recorrido se llega a la cancha de Nebel y se dobla para abajo, para la zona del r\u00edo y all\u00ed se podr\u00e1 apreciar toda esa parte nueva que se ha hecho, para volver a salir otra vez a Avenida Castro ya en la parte de la llegada de la prueba. Tambi\u00e9n la Marat\u00f3n andar\u00e1 en cercan\u00edas del Monumento a la Mujer en la zona de San Carlos, entre otros lugares que ya detallaremos con precisi\u00f3n. Lo cierto es que la prueba est\u00e1 en marcha y sin duda que la expectativa ir\u00e1 creciendo d\u00eda a d\u00eda con esta querida prueba, donde nuestra gente se prepara tanto para correrla como para verla. Por ello ha llegado a ser de las mejores de Sudam\u00e9rica.<\/p>\n\n\n\n<blockquote class=\"wp-block-quote is-layout-flow wp-block-quote-is-layout-flow\">\n<p>www.pregonando.com.ar<\/p>\n<\/blockquote>\n","protected":false},"excerpt":{"rendered":"<p>El citado estuvo acompa\u00f1ado de la Subsecretaria de Deportes, Lic. Ivana P\u00e9rez, y ahondaron en&#8230;<\/p>\n","protected":false},"author":2,"featured_media":4361,"comment_status":"open","ping_status":"open","sticky":false,"template":"","format":"standard","meta":{"footnotes":""},"categories":[5],"tags":[],"class_list":["post-4357","post","type-post","status-publish","format-standard","has-post-thumbnail","hentry","category-atletismo"],"featured_image_urls":{"full":["https:\/\/deportodos.com.ar\/2023\/wp-content\/uploads\/2025\/10\/IMG-20251015-WA0000.jpg",1597,1600,false],"thumbnail":["https:\/\/deportodos.com.ar\/2023\/wp-content\/uploads\/2025\/10\/IMG-20251015-WA0000-150x150.jpg",150,150,true],"medium":["https:\/\/deportodos.com.ar\/2023\/wp-content\/uploads\/2025\/10\/IMG-20251015-WA0000-300x300.jpg",300,300,true],"medium_large":["https:\/\/deportodos.com.ar\/2023\/wp-content\/uploads\/2025\/10\/IMG-20251015-WA0000-768x769.jpg",640,641,true],"large":["https:\/\/deportodos.com.ar\/2023\/wp-content\/uploads\/2025\/10\/IMG-20251015-WA0000-1022x1024.jpg",640,641,true],"1536x1536":["https:\/\/deportodos.com.ar\/2023\/wp-content\/uploads\/2025\/10\/IMG-20251015-WA0000-1533x1536.jpg",1533,1536,true],"2048x2048":["https:\/\/deportodos.com.ar\/2023\/wp-content\/uploads\/2025\/10\/IMG-20251015-WA0000.jpg",1597,1600,false],"covernews-featured":["https:\/\/deportodos.com.ar\/2023\/wp-content\/uploads\/2025\/10\/IMG-20251015-WA0000-1024x1026.jpg",1024,1026,true],"covernews-medium":["https:\/\/deportodos.com.ar\/2023\/wp-content\/uploads\/2025\/10\/IMG-20251015-WA0000-540x340.jpg",540,340,true]},"author_info":{"display_name":"c2530142","author_link":"https:\/\/deportodos.com.ar\/2023\/author\/c2530142\/"},"category_info":"<a href=\"https:\/\/deportodos.com.ar\/2023\/category\/atletismo\/\" rel=\"category tag\">Atletismo<\/a>","tag_info":"Atletismo","comment_count":"0","_links":{"self":[{"href":"https:\/\/deportodos.com.ar\/2023\/wp-json\/wp\/v2\/posts\/4357","targetHints":{"allow":["GET"]}}],"collection":[{"href":"https:\/\/deportodos.com.ar\/2023\/wp-json\/wp\/v2\/posts"}],"about":[{"href":"https:\/\/deportodos.com.ar\/2023\/wp-json\/wp\/v2\/types\/post"}],"author":[{"embeddable":true,"href":"https:\/\/deportodos.com.ar\/2023\/wp-json\/wp\/v2\/users\/2"}],"replies":[{"embeddable":true,"href":"https:\/\/deportodos.com.ar\/2023\/wp-json\/wp\/v2\/comments?post=4357"}],"version-history":[{"count":2,"href":"https:\/\/deportodos.com.ar\/2023\/wp-json\/wp\/v2\/posts\/4357\/revisions"}],"predecessor-version":[{"id":4362,"href":"https:\/\/deportodos.com.ar\/2023\/wp-json\/wp\/v2\/posts\/4357\/revisions\/4362"}],"wp:featuredmedia":[{"embeddable":true,"href":"https:\/\/deportodos.com.ar\/2023\/wp-json\/wp\/v2\/media\/4361"}],"wp:attachment":[{"href":"https:\/\/deportodos.com.ar\/2023\/wp-json\/wp\/v2\/media?parent=4357"}],"wp:term":[{"taxonomy":"category","embeddable":true,"href":"https:\/\/deportodos.com.ar\/2023\/wp-json\/wp\/v2\/categories?post=4357"},{"taxonomy":"post_tag","embeddable":true,"href":"https:\/\/deportodos.com.ar\/2023\/wp-json\/wp\/v2\/tags?post=4357"}],"curies":[{"name":"wp","href":"https:\/\/api.w.org\/{rel}","templated":true}]}}