{"id":4379,"date":"2025-10-20T17:23:13","date_gmt":"2025-10-20T17:23:13","guid":{"rendered":"https:\/\/deportodos.com.ar\/2023\/?p=4379"},"modified":"2025-10-20T17:23:15","modified_gmt":"2025-10-20T17:23:15","slug":"gran-final-del-rural-bike-x3-en-san-jaime-de-la-frontera","status":"publish","type":"post","link":"https:\/\/deportodos.com.ar\/2023\/gran-final-del-rural-bike-x3-en-san-jaime-de-la-frontera\/","title":{"rendered":"GRAN FINAL DEL RURAL BIKE X3 EN SAN JAIME DE LA FRONTERA"},"content":{"rendered":"\n<p> <\/p>\n\n\n\n<p>Las fechas anteriores del certamen se hab\u00edan disputado en\u00a0<a href=\"https:\/\/www.google.com\/search?ved=1t:260882&amp;q=Villa+del+Rosario+Entre+R%C3%ADos&amp;bbid=6803647852397641623&amp;bpid=7293959295895238861\" target=\"_blank\" rel=\"noreferrer noopener\">Villa del Rosario<\/a>\u00a0y Chajar\u00ed, y esta \u00faltima jornada cerr\u00f3 un campeonato que reuni\u00f3 a los mejores bikers del norte entrerriano y del sur de\u00a0<a href=\"https:\/\/www.google.com\/search?ved=1t:260882&amp;q=Corrientes+Argentina&amp;bbid=6803647852397641623&amp;bpid=7293959295895238861\" target=\"_blank\" rel=\"noreferrer noopener\">Corrientes<\/a>.<\/p>\n\n\n\n<p>Con un d\u00eda espl\u00e9ndido y un sol radiante, la cita tuvo a las 15:00 en punto\u00a0 en el\u00a0<a href=\"https:\/\/www.google.com\/search?ved=1t:260882&amp;q=Polideportivo+Municipal+San+Jaime+de+la+Frontera&amp;bbid=6803647852397641623&amp;bpid=7293959295895238861\" target=\"_blank\" rel=\"noreferrer noopener\">Polideportivo Municipal<\/a>, con una impecable organizaci\u00f3n a cargo de la\u00a0 Directora de Deportes\u00a0<a href=\"https:\/\/www.google.com\/search?ved=1t:260882&amp;q=Abigail+Leonardelli+San+Jaime+de+la+Frontera&amp;bbid=6803647852397641623&amp;bpid=7293959295895238861\" target=\"_blank\" rel=\"noreferrer noopener\">Abigail Leonardelli<\/a>, junto a su gran equipo de trabajo y el grupo de bikers locales y el apoyo de la Presidenta Municipal\u00a0<a href=\"https:\/\/www.google.com\/search?ved=1t:260882&amp;q=Miriam+Ruth+D%C3%ADaz+San+Jaime+de+la+Frontera&amp;bbid=6803647852397641623&amp;bpid=7293959295895238861\" target=\"_blank\" rel=\"noreferrer noopener\">Miriam Ruth D\u00edaz<\/a>, quien acompa\u00f1\u00f3 toda la jornada deportiva.<br>El circuito, de 10 kil\u00f3metros de ripio, fue todo un desaf\u00edo para los participantes. Los corredores de la distancia 40 km completaron cuatro vueltas, mientras que los de 20 km realizaron dos.<\/p>\n\n\n\n<p><strong>Ganadores de la General:<\/strong><\/p>\n\n\n\n<ul class=\"wp-block-list\">\n<li><strong>20 km damas: Alejandra Paola Canaglia\u00a0(Chajar\u00ed)<\/strong><\/li>\n\n\n\n<li><strong>20 km Caballeros:\u00a0  Facundo  Lobato\u00a0(Monte Caseros)<\/strong><\/li>\n\n\n\n<li><strong>40 km Damas: Silvana Lucrecia Riquelme (Mocoret\u00e1)<\/strong><\/li>\n\n\n\n<li><strong>40 km Caballeros: Luis Gago (Paso de los Libres)<\/strong><\/li>\n<\/ul>\n\n\n\n<p>Una verdadera fiesta del rural bike se vivi\u00f3 en esta pintoresca ciudad del norte entrerriano. Una vez completadas todas las vueltas y arribados los competidores, se realiz\u00f3 la&nbsp; entrega de premios de la tercera fecha y del campeonato, en un ambiente de camarader\u00eda, emoci\u00f3n y celebraci\u00f3n del deporte regional.<\/p>\n","protected":false},"excerpt":{"rendered":"<p>Las fechas anteriores del certamen se hab\u00edan disputado en\u00a0Villa del Rosario\u00a0y Chajar\u00ed, y esta \u00faltima&#8230;<\/p>\n","protected":false},"author":2,"featured_media":4380,"comment_status":"open","ping_status":"open","sticky":false,"template":"","format":"standard","meta":{"footnotes":""},"categories":[27],"tags":[],"class_list":["post-4379","post","type-post","status-publish","format-standard","has-post-thumbnail","hentry","category-rural-bike"],"featured_image_urls":{"full":["https:\/\/deportodos.com.ar\/2023\/wp-content\/uploads\/2025\/10\/IMG_-286.jpg",1024,683,false],"thumbnail":["https:\/\/deportodos.com.ar\/2023\/wp-content\/uploads\/2025\/10\/IMG_-286-150x150.jpg",150,150,true],"medium":["https:\/\/deportodos.com.ar\/2023\/wp-content\/uploads\/2025\/10\/IMG_-286-300x200.jpg",300,200,true],"medium_large":["https:\/\/deportodos.com.ar\/2023\/wp-content\/uploads\/2025\/10\/IMG_-286-768x512.jpg",640,427,true],"large":["https:\/\/deportodos.com.ar\/2023\/wp-content\/uploads\/2025\/10\/IMG_-286.jpg",640,427,false],"1536x1536":["https:\/\/deportodos.com.ar\/2023\/wp-content\/uploads\/2025\/10\/IMG_-286.jpg",1024,683,false],"2048x2048":["https:\/\/deportodos.com.ar\/2023\/wp-content\/uploads\/2025\/10\/IMG_-286.jpg",1024,683,false],"covernews-featured":["https:\/\/deportodos.com.ar\/2023\/wp-content\/uploads\/2025\/10\/IMG_-286.jpg",1024,683,false],"covernews-medium":["https:\/\/deportodos.com.ar\/2023\/wp-content\/uploads\/2025\/10\/IMG_-286-540x340.jpg",540,340,true]},"author_info":{"display_name":"c2530142","author_link":"https:\/\/deportodos.com.ar\/2023\/author\/c2530142\/"},"category_info":"<a href=\"https:\/\/deportodos.com.ar\/2023\/category\/rural-bike\/\" rel=\"category tag\">Rural Bike<\/a>","tag_info":"Rural Bike","comment_count":"0","_links":{"self":[{"href":"https:\/\/deportodos.com.ar\/2023\/wp-json\/wp\/v2\/posts\/4379","targetHints":{"allow":["GET"]}}],"collection":[{"href":"https:\/\/deportodos.com.ar\/2023\/wp-json\/wp\/v2\/posts"}],"about":[{"href":"https:\/\/deportodos.com.ar\/2023\/wp-json\/wp\/v2\/types\/post"}],"author":[{"embeddable":true,"href":"https:\/\/deportodos.com.ar\/2023\/wp-json\/wp\/v2\/users\/2"}],"replies":[{"embeddable":true,"href":"https:\/\/deportodos.com.ar\/2023\/wp-json\/wp\/v2\/comments?post=4379"}],"version-history":[{"count":1,"href":"https:\/\/deportodos.com.ar\/2023\/wp-json\/wp\/v2\/posts\/4379\/revisions"}],"predecessor-version":[{"id":4381,"href":"https:\/\/deportodos.com.ar\/2023\/wp-json\/wp\/v2\/posts\/4379\/revisions\/4381"}],"wp:featuredmedia":[{"embeddable":true,"href":"https:\/\/deportodos.com.ar\/2023\/wp-json\/wp\/v2\/media\/4380"}],"wp:attachment":[{"href":"https:\/\/deportodos.com.ar\/2023\/wp-json\/wp\/v2\/media?parent=4379"}],"wp:term":[{"taxonomy":"category","embeddable":true,"href":"https:\/\/deportodos.com.ar\/2023\/wp-json\/wp\/v2\/categories?post=4379"},{"taxonomy":"post_tag","embeddable":true,"href":"https:\/\/deportodos.com.ar\/2023\/wp-json\/wp\/v2\/tags?post=4379"}],"curies":[{"name":"wp","href":"https:\/\/api.w.org\/{rel}","templated":true}]}}