{"id":4437,"date":"2025-10-30T17:15:53","date_gmt":"2025-10-30T17:15:53","guid":{"rendered":"https:\/\/deportodos.com.ar\/2023\/?p=4437"},"modified":"2025-10-30T17:15:56","modified_gmt":"2025-10-30T17:15:56","slug":"este-fin-de-semana-se-corre-el-cruce-de-salto-grande-2025","status":"publish","type":"post","link":"https:\/\/deportodos.com.ar\/2023\/este-fin-de-semana-se-corre-el-cruce-de-salto-grande-2025\/","title":{"rendered":"ESTE FIN DE SEMANA SE CORRE EL CRUCE DE SALTO GRANDE 2025"},"content":{"rendered":"\n<p>El Lago de Salto Grande ser\u00e1 sede de una nueva edici\u00f3n del desaf\u00edo de trail m\u00e1s esperado del litoral argentino; una cita deportiva que re\u00fane a corredores de todo el pa\u00eds y la regi\u00f3n. Con epicentro en las Termas y Parque Acu\u00e1tico Ayu\u00ed y Termas Punta Viracho, el evento ofrecer\u00e1 un fin de semana a pura aventura, deporte y naturaleza, con una expectativa de participaci\u00f3n que supera los 2.500 atletas.<\/p>\n\n\n\n<p><strong>S\u00e1bado 1 de noviembre<\/strong><br>50 km (Primera etapa): largada 07:00 hs desde Termas y Parque Acu\u00e1tico Ayu\u00ed<br>Saltitos Kids: 16:30 hs<br>Trekking participativo 5 km: 18:00 hs<\/p>\n\n\n\n<p><strong>Domingo 2 de noviembre<\/strong><br>50 km (Segunda etapa): largada 07:30 hs desde Termas Punta Viracho<br>25 km: largada 07:00 hs desde Termas Punta Viracho<br>12 km y 5 km: largada 07:30 hs desde Termas Punta Viracho<br>Punto de llegada para todas las distancias: Termas y Parque Acu\u00e1tico Ayu\u00ed<br>Los horarios de largada pueden sufrir modificaciones, las cuales ser\u00e1n informadas con la debida anticipaci\u00f3n.Ads<\/p>\n\n\n\n<p><strong>Categor\u00edas en competencia<\/strong><br><strong>Distancias 50 km y 25 km (individual y por equipos)<\/strong><br>Categor\u00edas por edad: desde 20-24 a\u00f1os hasta 60 a\u00f1os y m\u00e1s<br>Equipos: femeninos, masculinos y mixtos (dos integrantes, edad libre)<\/p>\n\n\n\n<p><strong>Distancias 12 km y 5 km<\/strong><br><strong>Categor\u00edas por edad: Sub 19 hasta 70 a\u00f1os y m\u00e1s<\/strong><br>Categor\u00eda capacidades diferentes: varones y mujeres (solo 12 km y 5 km)<br>La edad del atleta se considerar\u00e1 al 31 de diciembre de 2025.Ads<\/p>\n\n\n\n<p><strong>Premiaci\u00f3n<\/strong><br>Los premios se entregar\u00e1n \u00fanicamente durante el evento, en el podio, sin excepciones.<br>Individuales: General (1\u00b0 al 3\u00b0) y por categor\u00eda (1\u00b0 al 5\u00b0, no acumulativo)<br>Equipos (50 km y 25 km): 1\u00b0 al 5\u00b0 puesto por categor\u00eda (sin premiaci\u00f3n general).<\/p>\n\n\n\n<blockquote class=\"wp-block-quote is-layout-flow wp-block-quote-is-layout-flow\">\n<p>www.elheraldo.com.ar<\/p>\n<\/blockquote>\n","protected":false},"excerpt":{"rendered":"<p>El Lago de Salto Grande ser\u00e1 sede de una nueva edici\u00f3n del desaf\u00edo de trail&#8230;<\/p>\n","protected":false},"author":2,"featured_media":4438,"comment_status":"open","ping_status":"open","sticky":false,"template":"","format":"standard","meta":{"footnotes":""},"categories":[5],"tags":[],"class_list":["post-4437","post","type-post","status-publish","format-standard","has-post-thumbnail","hentry","category-atletismo"],"featured_image_urls":{"full":["https:\/\/deportodos.com.ar\/2023\/wp-content\/uploads\/2025\/10\/cruce.webp",992,558,false],"thumbnail":["https:\/\/deportodos.com.ar\/2023\/wp-content\/uploads\/2025\/10\/cruce-150x150.webp",150,150,true],"medium":["https:\/\/deportodos.com.ar\/2023\/wp-content\/uploads\/2025\/10\/cruce-300x169.webp",300,169,true],"medium_large":["https:\/\/deportodos.com.ar\/2023\/wp-content\/uploads\/2025\/10\/cruce-768x432.webp",640,360,true],"large":["https:\/\/deportodos.com.ar\/2023\/wp-content\/uploads\/2025\/10\/cruce.webp",640,360,false],"1536x1536":["https:\/\/deportodos.com.ar\/2023\/wp-content\/uploads\/2025\/10\/cruce.webp",992,558,false],"2048x2048":["https:\/\/deportodos.com.ar\/2023\/wp-content\/uploads\/2025\/10\/cruce.webp",992,558,false],"covernews-featured":["https:\/\/deportodos.com.ar\/2023\/wp-content\/uploads\/2025\/10\/cruce.webp",992,558,false],"covernews-medium":["https:\/\/deportodos.com.ar\/2023\/wp-content\/uploads\/2025\/10\/cruce-540x340.webp",540,340,true]},"author_info":{"display_name":"c2530142","author_link":"https:\/\/deportodos.com.ar\/2023\/author\/c2530142\/"},"category_info":"<a href=\"https:\/\/deportodos.com.ar\/2023\/category\/atletismo\/\" rel=\"category tag\">Atletismo<\/a>","tag_info":"Atletismo","comment_count":"0","_links":{"self":[{"href":"https:\/\/deportodos.com.ar\/2023\/wp-json\/wp\/v2\/posts\/4437","targetHints":{"allow":["GET"]}}],"collection":[{"href":"https:\/\/deportodos.com.ar\/2023\/wp-json\/wp\/v2\/posts"}],"about":[{"href":"https:\/\/deportodos.com.ar\/2023\/wp-json\/wp\/v2\/types\/post"}],"author":[{"embeddable":true,"href":"https:\/\/deportodos.com.ar\/2023\/wp-json\/wp\/v2\/users\/2"}],"replies":[{"embeddable":true,"href":"https:\/\/deportodos.com.ar\/2023\/wp-json\/wp\/v2\/comments?post=4437"}],"version-history":[{"count":1,"href":"https:\/\/deportodos.com.ar\/2023\/wp-json\/wp\/v2\/posts\/4437\/revisions"}],"predecessor-version":[{"id":4439,"href":"https:\/\/deportodos.com.ar\/2023\/wp-json\/wp\/v2\/posts\/4437\/revisions\/4439"}],"wp:featuredmedia":[{"embeddable":true,"href":"https:\/\/deportodos.com.ar\/2023\/wp-json\/wp\/v2\/media\/4438"}],"wp:attachment":[{"href":"https:\/\/deportodos.com.ar\/2023\/wp-json\/wp\/v2\/media?parent=4437"}],"wp:term":[{"taxonomy":"category","embeddable":true,"href":"https:\/\/deportodos.com.ar\/2023\/wp-json\/wp\/v2\/categories?post=4437"},{"taxonomy":"post_tag","embeddable":true,"href":"https:\/\/deportodos.com.ar\/2023\/wp-json\/wp\/v2\/tags?post=4437"}],"curies":[{"name":"wp","href":"https:\/\/api.w.org\/{rel}","templated":true}]}}