{"id":4461,"date":"2025-11-03T16:05:18","date_gmt":"2025-11-03T16:05:18","guid":{"rendered":"https:\/\/deportodos.com.ar\/2023\/?p=4461"},"modified":"2025-11-03T16:05:19","modified_gmt":"2025-11-03T16:05:19","slug":"gran-convocatoria-en-la-maraton-de-la-avicultura-2025-en-crespo","status":"publish","type":"post","link":"https:\/\/deportodos.com.ar\/2023\/gran-convocatoria-en-la-maraton-de-la-avicultura-2025-en-crespo\/","title":{"rendered":"GRAN CONVOCATORIA EN LA MARAT\u00d3N DE LA AVICULTURA 2025 EN CRESPO"},"content":{"rendered":"\n<p>Con una multitudinaria participaci\u00f3n de atletas, runners y caminantes, este s\u00e1bado 1\u00b0 de noviembre se realiz\u00f3 la tradicional Marat\u00f3n de la Avicultura 2025 en la ciudad de Crespo, con epicentro en el Acceso Presidente Ra\u00fal Ricardo Alfons\u00edn.<\/p>\n\n\n\n<p>El evento, ya convertido en un cl\u00e1sico del calendario deportivo entrerriano, fue organizado en conjunto por la Asociaci\u00f3n Civil Crespo Capital Nacional de la Avicultura y la Municipalidad de Crespo, con el acompa\u00f1amiento de entidades p\u00fablicas y privadas.<\/p>\n\n\n\n<p>La jornada se vivi\u00f3 en un clima festivo y familiar, con una excelente participaci\u00f3n de deportistas provenientes de distintas localidades de Entre R\u00edos y provincias vecinas.<\/p>\n\n\n\n<hr class=\"wp-block-separator has-alpha-channel-opacity\"\/>\n\n\n\n<p>Los ganadores<\/p>\n\n\n\n<p>En la categor\u00eda general masculina, el triunfo fue para Carlos Johnson, oriundo de Monte Vera (Santa Fe), quien impuso un ritmo demoledor desde el inicio y domin\u00f3 los 10 kil\u00f3metros con autoridad. Johnson cruz\u00f3 la meta en 32 minutos y 2 segundos.<\/p>\n\n\n\n<p>El segundo lugar fue para el tambi\u00e9n santafesino Santiago Zabala (Humboldt), con un registro de 32:57, mientras que complet\u00f3 el podio el ultramaratonista de Segu\u00ed, Juan Cruz Bustos, con un tiempo de 33:15.<\/p>\n\n\n\n<p>En la rama femenina, la victoria fue para Ximena Simeone, representante del Team Deportes Villa Adela, oriunda de Puerto Yeru\u00e1, quien desde la largada tom\u00f3 la punta y no la solt\u00f3 hasta el final.<\/p>\n\n\n\n<p>Entrenada por Enrique Rodr\u00edguez, Simeone se consolida como una de las mejores atletas del litoral argentino, tras una temporada de grandes triunfos en Brasil (21 km), Uruguay y distintas provincias argentinas. En Crespo, se impuso con un tiempo de 37 minutos y 24 segundos, seguida por Daniela Penoni (Chajar\u00ed) con 38:44, y Johana Falc\u00f3n (San Salvador) con 38:49.<\/p>\n\n\n\n<hr class=\"wp-block-separator has-alpha-channel-opacity\"\/>\n\n\n\n<p>Una fiesta del deporte con detalles a mejorar<\/p>\n\n\n\n<p>La Marat\u00f3n de la Avicultura volvi\u00f3 a demostrar su poder de convocatoria, combinando competencia, integraci\u00f3n y esp\u00edritu familiar.<\/p>\n\n\n\n<p>Sin embargo, algunos corredores se\u00f1alaron una situaci\u00f3n ya observada el a\u00f1o anterior: la coincidencia en la llegada de atletas de elite con caminantes, trotadores y participantes con ni\u00f1os o bicicletas, lo que podr\u00eda representar un riesgo de accidentes en la zona de meta.<\/p>\n\n\n\n<p>Este punto invita a reflexionar sobre la necesidad de ordenar las largadas por categor\u00edas o ritmos, para garantizar la seguridad de todos los competidores, especialmente considerando que varios de los ganadores compiten a nivel nacional e internacional.<\/p>\n\n\n\n<p>M\u00e1s all\u00e1 de este detalle, la jornada fue una verdadera fiesta deportiva, con un gran nivel competitivo y un clima ideal. \u201cCrespo volvi\u00f3 a vivir su fiesta del running\u201d, destacaron desde la organizaci\u00f3n.<\/p>\n\n\n\n<hr class=\"wp-block-separator has-alpha-channel-opacity\"\/>\n\n\n\n<p>Clasificaci\u00f3n General<\/p>\n\n\n\n<p>Damas<\/p>\n\n\n\n<ol class=\"wp-block-list\">\n<li>&#x1f947; Ximena Simeone (Puerto Yeru\u00e1) \u2013 37:24<\/li>\n\n\n\n<li>&#x1f948; Daniela Penoni (Chajar\u00ed) \u2013 38:44<\/li>\n\n\n\n<li>&#x1f949; Johanna Falc\u00f3n (San Salvador) \u2013 38:49<\/li>\n\n\n\n<li>Solange Tropini (Crespo) \u2013 39:59<\/li>\n\n\n\n<li>Anabella Rizzi (Libertador San Mart\u00edn) \u2013 42:10<\/li>\n<\/ol>\n\n\n\n<p>Caballeros<\/p>\n\n\n\n<ol class=\"wp-block-list\">\n<li>&#x1f947; Carlos Johnson (Monte Vera) \u2013 32:02<\/li>\n\n\n\n<li>&#x1f948; Santiago Zabala (Humboldt) \u2013 32:57<\/li>\n\n\n\n<li>&#x1f949; Juan Cruz Bustos (Segu\u00ed) \u2013 33:15<\/li>\n\n\n\n<li>Mateo Coria (Libertador San Mart\u00edn) \u2013 34:10<\/li>\n\n\n\n<li>Mart\u00edn Rodr\u00edguez (Paran\u00e1) \u2013 34:20<\/li>\n<\/ol>\n","protected":false},"excerpt":{"rendered":"<p>Con una multitudinaria participaci\u00f3n de atletas, runners y caminantes, este s\u00e1bado 1\u00b0 de noviembre se&#8230;<\/p>\n","protected":false},"author":2,"featured_media":4462,"comment_status":"open","ping_status":"open","sticky":false,"template":"","format":"standard","meta":{"footnotes":""},"categories":[5],"tags":[],"class_list":["post-4461","post","type-post","status-publish","format-standard","has-post-thumbnail","hentry","category-atletismo"],"featured_image_urls":{"full":["https:\/\/deportodos.com.ar\/2023\/wp-content\/uploads\/2025\/11\/maraton-avicultura-1.jpg",640,320,false],"thumbnail":["https:\/\/deportodos.com.ar\/2023\/wp-content\/uploads\/2025\/11\/maraton-avicultura-1-150x150.jpg",150,150,true],"medium":["https:\/\/deportodos.com.ar\/2023\/wp-content\/uploads\/2025\/11\/maraton-avicultura-1-300x150.jpg",300,150,true],"medium_large":["https:\/\/deportodos.com.ar\/2023\/wp-content\/uploads\/2025\/11\/maraton-avicultura-1.jpg",640,320,false],"large":["https:\/\/deportodos.com.ar\/2023\/wp-content\/uploads\/2025\/11\/maraton-avicultura-1.jpg",640,320,false],"1536x1536":["https:\/\/deportodos.com.ar\/2023\/wp-content\/uploads\/2025\/11\/maraton-avicultura-1.jpg",640,320,false],"2048x2048":["https:\/\/deportodos.com.ar\/2023\/wp-content\/uploads\/2025\/11\/maraton-avicultura-1.jpg",640,320,false],"covernews-featured":["https:\/\/deportodos.com.ar\/2023\/wp-content\/uploads\/2025\/11\/maraton-avicultura-1.jpg",640,320,false],"covernews-medium":["https:\/\/deportodos.com.ar\/2023\/wp-content\/uploads\/2025\/11\/maraton-avicultura-1-540x320.jpg",540,320,true]},"author_info":{"display_name":"c2530142","author_link":"https:\/\/deportodos.com.ar\/2023\/author\/c2530142\/"},"category_info":"<a href=\"https:\/\/deportodos.com.ar\/2023\/category\/atletismo\/\" rel=\"category tag\">Atletismo<\/a>","tag_info":"Atletismo","comment_count":"0","_links":{"self":[{"href":"https:\/\/deportodos.com.ar\/2023\/wp-json\/wp\/v2\/posts\/4461","targetHints":{"allow":["GET"]}}],"collection":[{"href":"https:\/\/deportodos.com.ar\/2023\/wp-json\/wp\/v2\/posts"}],"about":[{"href":"https:\/\/deportodos.com.ar\/2023\/wp-json\/wp\/v2\/types\/post"}],"author":[{"embeddable":true,"href":"https:\/\/deportodos.com.ar\/2023\/wp-json\/wp\/v2\/users\/2"}],"replies":[{"embeddable":true,"href":"https:\/\/deportodos.com.ar\/2023\/wp-json\/wp\/v2\/comments?post=4461"}],"version-history":[{"count":1,"href":"https:\/\/deportodos.com.ar\/2023\/wp-json\/wp\/v2\/posts\/4461\/revisions"}],"predecessor-version":[{"id":4463,"href":"https:\/\/deportodos.com.ar\/2023\/wp-json\/wp\/v2\/posts\/4461\/revisions\/4463"}],"wp:featuredmedia":[{"embeddable":true,"href":"https:\/\/deportodos.com.ar\/2023\/wp-json\/wp\/v2\/media\/4462"}],"wp:attachment":[{"href":"https:\/\/deportodos.com.ar\/2023\/wp-json\/wp\/v2\/media?parent=4461"}],"wp:term":[{"taxonomy":"category","embeddable":true,"href":"https:\/\/deportodos.com.ar\/2023\/wp-json\/wp\/v2\/categories?post=4461"},{"taxonomy":"post_tag","embeddable":true,"href":"https:\/\/deportodos.com.ar\/2023\/wp-json\/wp\/v2\/tags?post=4461"}],"curies":[{"name":"wp","href":"https:\/\/api.w.org\/{rel}","templated":true}]}}