{"id":4464,"date":"2025-11-04T02:33:16","date_gmt":"2025-11-04T02:33:16","guid":{"rendered":"https:\/\/deportodos.com.ar\/2023\/?p=4464"},"modified":"2025-11-04T02:33:23","modified_gmt":"2025-11-04T02:33:23","slug":"marcelo-retamal-lidero-en-piedras-blancas","status":"publish","type":"post","link":"https:\/\/deportodos.com.ar\/2023\/marcelo-retamal-lidero-en-piedras-blancas\/","title":{"rendered":"MARCELO RETAMAL LIDERO EN PIEDRAS BLANCAS"},"content":{"rendered":"\n<p>Este pasado domingo 2 de Noviembre se disputo la 4ta Fecha del Campeonato De Enduro largo \u00a0Amateur en la localidad de Piedras Blancas en el marco de la celebraci\u00f3n de fiesta \u00a0un nuevo aniversario \u00a0, \u00a0concentr\u00e1ndose toda la actividad en el camping balneario \u00a8El Saucedal \u00a8.\u00a0 En un circuito natural virgen, de 12 minutos la vuelta con distintas variedades de piso , canteras abandonadas , arena y senderos en el monte .<\/p>\n\n\n\n<p>Con un discreto parque de competidores provenientes de las provincias de Santa F\u00e9, C\u00f3rdoba, Entre r\u00edos y de la ROU , pero con muy lindas competencias y disputadas &nbsp;.<\/p>\n\n\n\n<p>En lo deportivo el piloto paranaense Marcelo Retamal que regresa a las pistas fue el ganador de la categor\u00eda Seniors A, seguido muy de cerca por Enzo Chavez . En Seniors B &nbsp;gano Adri\u00e1n Chiavon de Paran\u00e1 . Mientras que German Aguiar &nbsp;que repite triunfos &nbsp;se llevo &nbsp;las categor\u00eda Juniors open y Promocional&nbsp; .<\/p>\n\n\n\n<p>En la categor\u00eda Master \u00a8A \u00a8 se destaco Sebasti\u00e1n Sarnioty de Mar\u00eda Juana , en Master \u00a8B\u00a8el ganador fue Facundo Luggren de Villaguay, y en lo que respecta a la categor\u00eda Master \u00a8C\u00a8 el piloto Mariano Perrig&nbsp; de Paran\u00e1&nbsp; fue quien subi\u00f3 a lo mas alto del podio .&nbsp; En tanto&nbsp; Enzo Chavez fue quien gano en la Categor\u00eda&nbsp; calle hasta 300cc , mientras &nbsp;tanto Javier Chuard repite triunfo en la&nbsp; categor\u00eda Enduro calle Mayores \u2013<\/p>\n\n\n\n<p>Tambi\u00e9n estuvo presente la categor\u00eda invitados en donde se destaco el piloto Local Eric Ellemberger en la categor\u00eda Invitados hasta 200cc &nbsp;.<\/p>\n\n\n\n<p>Auspiciaron este evento :&nbsp; Municipalidad de Piedras Blancas &#8211;&nbsp; Cobertura Medica Deportiva \u2013- Moto Urbana &#8211; Paran\u00e1 Moto \u2013- Guinsel \u2013<\/p>\n\n\n\n<p>RESULTADOS 4TA FECHA DEL ENDURO LARGO AMATEUR EN PIEDRAS BLANCAS &nbsp;<\/p>\n\n\n\n<p>CAT. SENIOR A<\/p>\n\n\n\n<p>1\u00b0- &nbsp;Marcelo Retamal &nbsp;&#8211; Paran\u00e1 \u2013 YZ 250<\/p>\n\n\n\n<p>2\u00b0-&nbsp; Enzo Chavez- Paran\u00e1 \u2013 Tornado 250<\/p>\n\n\n\n<p>3\u00b0- Hern\u00e1n Gabas \u2013 Paran\u00e1 \u2013 Keller 260<\/p>\n\n\n\n<p>4\u00b0- Ram\u00f3n BIanni \u2013 Paran\u00e1 \u2013 YZF 250<\/p>\n\n\n\n<p>5\u00b0- Fernando Villagra \u2013 Paran\u00e1 \u2013 RVM 250<\/p>\n\n\n\n<p>CAT. SENIOR B<\/p>\n\n\n\n<p>1\u00b0-&nbsp; Adri\u00e1n Chiavon \u2013 Paran\u00e1 \u2013 Tornado 250<\/p>\n\n\n\n<p>2\u00b0- Mariano Perrig-Parana \u2013 Beta 430<\/p>\n\n\n\n<p>3\u00b0- Ignacio Acosta \u2013 Paran\u00e1 \u2013 Kayo 250<\/p>\n\n\n\n<p>CAT. JUNIORS OPEN<\/p>\n\n\n\n<p>1\u00b0- Germ\u00e1n Aguiar \u2013 Paran\u00e1 \u2013 Gas Gas 250<\/p>\n\n\n\n<p>2\u00b0 &#8211; Iv\u00e1n Perron \u2013 Caseros \u2013 Gas gas 250<\/p>\n\n\n\n<p>3\u00b0- Leandro Sarnioty \u2013 San Francisco &#8211; &nbsp;Kayo 250<\/p>\n\n\n\n<p>N\/c- &nbsp;German Martinez \u2013 Paran\u00e1 \u2013 KDX &nbsp;200<\/p>\n\n\n\n<p>CAT. MASTER A<\/p>\n\n\n\n<p>1\u00b0- Sebasti\u00e1n Sarnioty \u2013 Mar\u00eda Juana \u2013 KXF 250<\/p>\n\n\n\n<p>2\u00b0- Gonzalo Bentancort \u2013 Maldonado ( ROU) \u2013 Beta 300<\/p>\n\n\n\n<p>3\u00b0- Manuel Gadea- Crespo \u2013 Tornado 250<\/p>\n\n\n\n<p>CAT. MASTER B<\/p>\n\n\n\n<p>1\u00b0- Facundo Luggren \u2013 Villaguay- KTM 150<\/p>\n\n\n\n<p>2\u00b0- Silvio Poggio \u2013 C. del Uruguay-&nbsp; Beta 350<\/p>\n\n\n\n<p>3\u00b0- Osvaldo Romero \u2013 Paran\u00e1 \u2013 Sherco 300<\/p>\n\n\n\n<p>4\u00b0- Fabi\u00e1n Moren- C. del Uruguay \u2013&nbsp; Beta 300<\/p>\n\n\n\n<p>5\u00b0- Gabriel Colman \u2013 Paran\u00e1 \u2013 KDX 200<\/p>\n\n\n\n<p>6\u00b0- Carlos Cinquini \u2013 Hernandarias \u2013 CRF 230<\/p>\n\n\n\n<p>7\u00b0- Leonardo Zeballos \u2013 Paran\u00e1 \u2013 CRF 450<\/p>\n\n\n\n<p>8\u00b0- &nbsp;Rodrigo Vel\u00e1zquez \u2013 Villaguay-&nbsp; KTM 450<\/p>\n\n\n\n<p>CAT. MASTER C&nbsp;<\/p>\n\n\n\n<p>1\u00b0- Mariano Perrig- Paran\u00e1 \u2013 Beta 430<\/p>\n\n\n\n<p>2\u00b0- Esteban Yuskowich \u2013 Paran\u00e1- KXF 450<\/p>\n\n\n\n<p>3\u00b0- Ram\u00f3n Bianni \u2013 Paran\u00e1 \u2013 YZF 250<\/p>\n\n\n\n<p>4\u00b0- Fernando Villagra \u2013 Paran\u00e1 \u2013 RVM 250<\/p>\n\n\n\n<p>CAT. PROMOCIONAL<\/p>\n\n\n\n<p>1\u00b0- Germ\u00e1n Aguiar- Paran\u00e1 \u2013 Gas Gas 250<\/p>\n\n\n\n<p>2\u00b0- Micael Perron \u2013 San Justo \u2013 KTM 250<\/p>\n\n\n\n<p>3\u00b0-&nbsp;Gabriel Colman \u2013 Paran\u00e1 \u2013 KDX 200<\/p>\n\n\n\n<p>4\u00b0- &nbsp;Germ\u00e1n Mart\u00ednez \u2013 Paran\u00e1 \u2013 KDX 200<\/p>\n\n\n\n<p>CAT.ENDURO CALLE HASTA 300cc.<\/p>\n\n\n\n<p>1\u00b0- Enzo Chavez \u2013 Paran\u00e1 \u2013 Tornado 250<\/p>\n\n\n\n<p>2\u00b0- Adri\u00e1n Chiavon \u2013 Paran\u00e1 \u2013 Tornado 250<\/p>\n\n\n\n<p>3\u00b0- Fabi\u00e1n Erni \u2013 Franck \u2013 KLX 300<\/p>\n\n\n\n<p>4\u00b0- Manuel Gadea \u2013 Crespo \u2013 Tornado 250<\/p>\n\n\n\n<p>5\u00b0- Leandro Sarnioty \u2013 San Francisco &#8211; &nbsp;Kayo 250<\/p>\n\n\n\n<p>6\u00b0- Lucas Bianni \u2013 Paran\u00e1 \u2013 CRF 250<\/p>\n\n\n\n<p>7\u00b0- Hern\u00e1n Gabas \u2013 Paran\u00e1 &#8211; &nbsp;Keller 260<\/p>\n\n\n\n<p>8\u00b0- Nicol\u00e1s Yuskowich \u2013 Paran\u00e1 \u2013 Tornado 250<\/p>\n\n\n\n<p>CAT. ENDURO CALLE MAYORES<\/p>\n\n\n\n<p>1\u00b0- Javier Chuard \u2013 Esperanza- KLX 250<\/p>\n\n\n\n<p>2\u00b0- Carlos Cinquini \u2013 Hernandarias \u2013 CRF 230<\/p>\n\n\n\n<p>3\u00b0- Ignacio Acosta \u2013 Parana \u2013 Kayo 250<\/p>\n\n\n\n<p>4\u00b0- Leandro Zeballos \u2013 Paran\u00e1 \u2013 Tornado 250<\/p>\n\n\n\n<p>5\u00b0- Fernando Gerosa \u2013 Galv\u00e9z ( S.F\u00e9)- Tornado 250<\/p>\n\n\n\n<p>CAT. INVITADOS HASTA 200 cc<\/p>\n\n\n\n<p>1\u00b0- Eric Ellemberger \u2013 Piedras Blancas \u2013 Skua 250<\/p>\n\n\n\n<p>2\u00b0- &nbsp;Sebasti\u00e1n Farinini \u2013 San Benito \u2013 Keller 200<\/p>\n\n\n\n<p>3\u00b0 Santiago Farinoni \u2013&nbsp; San Benito \u2013&nbsp; GXL 125<\/p>\n\n\n\n<p>4\u00b0- Daniel Cortopassi &#8211;&nbsp; Paran\u00e1 \u2013 XL 125<\/p>\n","protected":false},"excerpt":{"rendered":"<p>Este pasado domingo 2 de Noviembre se disputo la 4ta Fecha del Campeonato De Enduro&#8230;<\/p>\n","protected":false},"author":2,"featured_media":4465,"comment_status":"open","ping_status":"open","sticky":false,"template":"","format":"standard","meta":{"footnotes":""},"categories":[20],"tags":[],"class_list":["post-4464","post","type-post","status-publish","format-standard","has-post-thumbnail","hentry","category-enduro"],"featured_image_urls":{"full":["https:\/\/deportodos.com.ar\/2023\/wp-content\/uploads\/2025\/11\/Marcelo-Retamal-y-Enzo-Chavez-Cat-Senior-A.jpg",719,405,false],"thumbnail":["https:\/\/deportodos.com.ar\/2023\/wp-content\/uploads\/2025\/11\/Marcelo-Retamal-y-Enzo-Chavez-Cat-Senior-A-150x150.jpg",150,150,true],"medium":["https:\/\/deportodos.com.ar\/2023\/wp-content\/uploads\/2025\/11\/Marcelo-Retamal-y-Enzo-Chavez-Cat-Senior-A-300x169.jpg",300,169,true],"medium_large":["https:\/\/deportodos.com.ar\/2023\/wp-content\/uploads\/2025\/11\/Marcelo-Retamal-y-Enzo-Chavez-Cat-Senior-A.jpg",640,361,false],"large":["https:\/\/deportodos.com.ar\/2023\/wp-content\/uploads\/2025\/11\/Marcelo-Retamal-y-Enzo-Chavez-Cat-Senior-A.jpg",640,361,false],"1536x1536":["https:\/\/deportodos.com.ar\/2023\/wp-content\/uploads\/2025\/11\/Marcelo-Retamal-y-Enzo-Chavez-Cat-Senior-A.jpg",719,405,false],"2048x2048":["https:\/\/deportodos.com.ar\/2023\/wp-content\/uploads\/2025\/11\/Marcelo-Retamal-y-Enzo-Chavez-Cat-Senior-A.jpg",719,405,false],"covernews-featured":["https:\/\/deportodos.com.ar\/2023\/wp-content\/uploads\/2025\/11\/Marcelo-Retamal-y-Enzo-Chavez-Cat-Senior-A.jpg",719,405,false],"covernews-medium":["https:\/\/deportodos.com.ar\/2023\/wp-content\/uploads\/2025\/11\/Marcelo-Retamal-y-Enzo-Chavez-Cat-Senior-A-540x340.jpg",540,340,true]},"author_info":{"display_name":"c2530142","author_link":"https:\/\/deportodos.com.ar\/2023\/author\/c2530142\/"},"category_info":"<a href=\"https:\/\/deportodos.com.ar\/2023\/category\/enduro\/\" rel=\"category tag\">Enduro<\/a>","tag_info":"Enduro","comment_count":"0","_links":{"self":[{"href":"https:\/\/deportodos.com.ar\/2023\/wp-json\/wp\/v2\/posts\/4464","targetHints":{"allow":["GET"]}}],"collection":[{"href":"https:\/\/deportodos.com.ar\/2023\/wp-json\/wp\/v2\/posts"}],"about":[{"href":"https:\/\/deportodos.com.ar\/2023\/wp-json\/wp\/v2\/types\/post"}],"author":[{"embeddable":true,"href":"https:\/\/deportodos.com.ar\/2023\/wp-json\/wp\/v2\/users\/2"}],"replies":[{"embeddable":true,"href":"https:\/\/deportodos.com.ar\/2023\/wp-json\/wp\/v2\/comments?post=4464"}],"version-history":[{"count":1,"href":"https:\/\/deportodos.com.ar\/2023\/wp-json\/wp\/v2\/posts\/4464\/revisions"}],"predecessor-version":[{"id":4466,"href":"https:\/\/deportodos.com.ar\/2023\/wp-json\/wp\/v2\/posts\/4464\/revisions\/4466"}],"wp:featuredmedia":[{"embeddable":true,"href":"https:\/\/deportodos.com.ar\/2023\/wp-json\/wp\/v2\/media\/4465"}],"wp:attachment":[{"href":"https:\/\/deportodos.com.ar\/2023\/wp-json\/wp\/v2\/media?parent=4464"}],"wp:term":[{"taxonomy":"category","embeddable":true,"href":"https:\/\/deportodos.com.ar\/2023\/wp-json\/wp\/v2\/categories?post=4464"},{"taxonomy":"post_tag","embeddable":true,"href":"https:\/\/deportodos.com.ar\/2023\/wp-json\/wp\/v2\/tags?post=4464"}],"curies":[{"name":"wp","href":"https:\/\/api.w.org\/{rel}","templated":true}]}}