{"id":4467,"date":"2025-11-06T18:07:22","date_gmt":"2025-11-06T18:07:22","guid":{"rendered":"https:\/\/deportodos.com.ar\/2023\/?p=4467"},"modified":"2025-11-06T18:07:25","modified_gmt":"2025-11-06T18:07:25","slug":"expectativa-por-el-inicio-del-triatlon-binacional-2025-2026","status":"publish","type":"post","link":"https:\/\/deportodos.com.ar\/2023\/expectativa-por-el-inicio-del-triatlon-binacional-2025-2026\/","title":{"rendered":"EXPECTATIVA POR EL INICIO DEL TRIATL\u00d3N BINACIONAL 2025\/2026"},"content":{"rendered":"\n<h4 class=\"wp-block-heading\">Este domingo desde las 8.45, Col\u00f3n dar\u00e1 inicio a la temporada 2025\/2026 del Circuito Binacional de Triatl\u00f3n Jeep, que por primera vez incorporar\u00e1 a la ciudad uruguaya de Salto, en una edici\u00f3n hist\u00f3rica para el deporte regional.<\/h4>\n\n\n\n<p>Con gran expectativa se espera el comienzo de la temporada 2025\/2026 del Circuito Binacional de Triatl\u00f3n Jeep, que arrancar\u00e1 este domingo en la ciudad de Col\u00f3n, con epicentro en el club Piedras Coloradas. La largada est\u00e1 prevista para las 8.45 hs y marcar\u00e1 el inicio de una edici\u00f3n que promete emociones fuertes y una destacada participaci\u00f3n de atletas de toda la regi\u00f3n.<\/p>\n\n\n\n<p>Por primera vez, el circuito tendr\u00e1 car\u00e1cter binacional, al incorporar como sede a la ciudad de Salto (R.O.U.), donde se correr\u00e1 la quinta fecha el 31 de enero. Esta novedad consolida la integraci\u00f3n deportiva entre Argentina y Uruguay, y abre una nueva etapa para el triatl\u00f3n regional.<\/p>\n\n\n\n<p>\u201cSer\u00e1 una gran experiencia para ambos lados del r\u00edo y una apuesta fuerte de la A.C.P.C. para fortalecer el v\u00ednculo deportivo entre nuestras comunidades\u201d, se\u00f1alaron desde la organizaci\u00f3n.<\/p>\n\n\n\n<p><strong>Un calendario con siete desaf\u00edos<\/strong><\/p>\n\n\n\n<p>El campeonato contar\u00e1 con siete fechas. Dos de ellas ser\u00e1n en formato est\u00e1ndar y sprint, mientras que las restantes se disputar\u00e1n en distancia sprint.<\/p>\n\n\n\n<p>En Col\u00f3n, la competencia incluir\u00e1 750 metros de nataci\u00f3n, 20 km de ciclismo y 5 km de pedestrismo. El recorrido de nataci\u00f3n ser\u00e1 con corriente a favor, mientras que el ciclismo cubrir\u00e1 cuatro vueltas por la costanera y la avenida Ferrari, pasando por el parque Quiroz. El pedestrismo se realizar\u00e1 sobre el mismo trazado, garantizando un circuito compacto y accesible para el p\u00fablico.<\/p>\n\n\n\n<p><strong>Presencia de campeones y fuerte inscripci\u00f3n<\/strong><\/p>\n\n\n\n<p>Entre los participantes confirmados se destacan los ganadores de la \u00faltima edici\u00f3n: Alejandro Ricagno (Concordia) y Karen Zagursky (Concepci\u00f3n del Uruguay), junto a otros atletas de alto nivel.<\/p>\n\n\n\n<p>Los \u00faltimos campeones del circuito, Federico Ruiz y Anah\u00ed D\u00edaz, tambi\u00e9n buscar\u00e1n revalidar sus t\u00edtulos. La expectativa es alta: ya hay 130 preinscriptos.<\/p>\n\n\n\n<p>Las inscripciones presenciales se realizar\u00e1n este viernes en Swimming (Concordia) y el s\u00e1bado de 19.30 a 21 hs en el club Piedras Coloradas, adem\u00e1s del domingo desde las 7.30.<\/p>\n\n\n\n<p><strong>Concordia y Salto, protagonistas del calendario<\/strong><\/p>\n\n\n\n<p>La continuidad del circuito ser\u00e1 el domingo 30 de noviembre en Concordia, donde volver\u00e1 el triatl\u00f3n tras varios a\u00f1os de ausencia. En esa fecha se competir\u00e1 en distancia est\u00e1ndar y sprint.<\/p>\n\n\n\n<p>Luego el cronograma seguir\u00e1 en Federaci\u00f3n (20 de diciembre), Victoria (11 de enero), Salto (31 de enero), Paran\u00e1 (22 de febrero) y la gran final en Santa Ana (15 de marzo).<\/p>\n\n\n\n<p>Toda la informaci\u00f3n y formularios de inscripci\u00f3n est\u00e1n disponibles en el sitio oficial: www.encarrera.com.ar\/triajeep<\/p>\n\n\n\n<blockquote class=\"wp-block-quote is-layout-flow wp-block-quote-is-layout-flow\">\n<p>www.saltograndeextra.com<\/p>\n<\/blockquote>\n","protected":false},"excerpt":{"rendered":"<p>Este domingo desde las 8.45, Col\u00f3n dar\u00e1 inicio a la temporada 2025\/2026 del Circuito Binacional&#8230;<\/p>\n","protected":false},"author":2,"featured_media":4468,"comment_status":"open","ping_status":"open","sticky":false,"template":"","format":"standard","meta":{"footnotes":""},"categories":[33],"tags":[],"class_list":["post-4467","post","type-post","status-publish","format-standard","has-post-thumbnail","hentry","category-triatlon"],"featured_image_urls":{"full":["https:\/\/deportodos.com.ar\/2023\/wp-content\/uploads\/2025\/11\/WhatsApp-Image-2025-11-04-at-9.50.54-AM-1536x1023-1.webp",1536,1023,false],"thumbnail":["https:\/\/deportodos.com.ar\/2023\/wp-content\/uploads\/2025\/11\/WhatsApp-Image-2025-11-04-at-9.50.54-AM-1536x1023-1-150x150.webp",150,150,true],"medium":["https:\/\/deportodos.com.ar\/2023\/wp-content\/uploads\/2025\/11\/WhatsApp-Image-2025-11-04-at-9.50.54-AM-1536x1023-1-300x200.webp",300,200,true],"medium_large":["https:\/\/deportodos.com.ar\/2023\/wp-content\/uploads\/2025\/11\/WhatsApp-Image-2025-11-04-at-9.50.54-AM-1536x1023-1-768x512.webp",640,427,true],"large":["https:\/\/deportodos.com.ar\/2023\/wp-content\/uploads\/2025\/11\/WhatsApp-Image-2025-11-04-at-9.50.54-AM-1536x1023-1-1024x682.webp",640,426,true],"1536x1536":["https:\/\/deportodos.com.ar\/2023\/wp-content\/uploads\/2025\/11\/WhatsApp-Image-2025-11-04-at-9.50.54-AM-1536x1023-1.webp",1536,1023,false],"2048x2048":["https:\/\/deportodos.com.ar\/2023\/wp-content\/uploads\/2025\/11\/WhatsApp-Image-2025-11-04-at-9.50.54-AM-1536x1023-1.webp",1536,1023,false],"covernews-featured":["https:\/\/deportodos.com.ar\/2023\/wp-content\/uploads\/2025\/11\/WhatsApp-Image-2025-11-04-at-9.50.54-AM-1536x1023-1-1024x682.webp",1024,682,true],"covernews-medium":["https:\/\/deportodos.com.ar\/2023\/wp-content\/uploads\/2025\/11\/WhatsApp-Image-2025-11-04-at-9.50.54-AM-1536x1023-1-540x340.webp",540,340,true]},"author_info":{"display_name":"c2530142","author_link":"https:\/\/deportodos.com.ar\/2023\/author\/c2530142\/"},"category_info":"<a href=\"https:\/\/deportodos.com.ar\/2023\/category\/triatlon\/\" rel=\"category tag\">Triatlon<\/a>","tag_info":"Triatlon","comment_count":"0","_links":{"self":[{"href":"https:\/\/deportodos.com.ar\/2023\/wp-json\/wp\/v2\/posts\/4467","targetHints":{"allow":["GET"]}}],"collection":[{"href":"https:\/\/deportodos.com.ar\/2023\/wp-json\/wp\/v2\/posts"}],"about":[{"href":"https:\/\/deportodos.com.ar\/2023\/wp-json\/wp\/v2\/types\/post"}],"author":[{"embeddable":true,"href":"https:\/\/deportodos.com.ar\/2023\/wp-json\/wp\/v2\/users\/2"}],"replies":[{"embeddable":true,"href":"https:\/\/deportodos.com.ar\/2023\/wp-json\/wp\/v2\/comments?post=4467"}],"version-history":[{"count":1,"href":"https:\/\/deportodos.com.ar\/2023\/wp-json\/wp\/v2\/posts\/4467\/revisions"}],"predecessor-version":[{"id":4469,"href":"https:\/\/deportodos.com.ar\/2023\/wp-json\/wp\/v2\/posts\/4467\/revisions\/4469"}],"wp:featuredmedia":[{"embeddable":true,"href":"https:\/\/deportodos.com.ar\/2023\/wp-json\/wp\/v2\/media\/4468"}],"wp:attachment":[{"href":"https:\/\/deportodos.com.ar\/2023\/wp-json\/wp\/v2\/media?parent=4467"}],"wp:term":[{"taxonomy":"category","embeddable":true,"href":"https:\/\/deportodos.com.ar\/2023\/wp-json\/wp\/v2\/categories?post=4467"},{"taxonomy":"post_tag","embeddable":true,"href":"https:\/\/deportodos.com.ar\/2023\/wp-json\/wp\/v2\/tags?post=4467"}],"curies":[{"name":"wp","href":"https:\/\/api.w.org\/{rel}","templated":true}]}}