{"id":4470,"date":"2025-11-06T18:11:09","date_gmt":"2025-11-06T18:11:09","guid":{"rendered":"https:\/\/deportodos.com.ar\/2023\/?p=4470"},"modified":"2025-11-06T18:11:55","modified_gmt":"2025-11-06T18:11:55","slug":"los-charruas-continua-festejando-sus-84-anos-con-la-maraton-aniversario","status":"publish","type":"post","link":"https:\/\/deportodos.com.ar\/2023\/los-charruas-continua-festejando-sus-84-anos-con-la-maraton-aniversario\/","title":{"rendered":"LOS CHARR\u00daAS CONTIN\u00daA FESTEJANDO SUS 84 A\u00d1OS CON LA MARAT\u00d3N ANIVERSARIO"},"content":{"rendered":"\n<p>La Municipalidad de Los Charr\u00faas organiza a trav\u00e9s de su Direcci\u00f3n de Deportes, la 9\u00b0 Edici\u00f3n de la Marat\u00f3n Aniversario.<\/p>\n\n\n\n<p>La cita deportiva es para este domingo 9 de noviembre, en un circuito trazado por la localidad de Los Charr\u00faas, siendo una parte por asfalto y otra por caminos de ripio y tierra, se\u00f1alado y controlado al tr\u00e1nsito.<\/p>\n\n\n\n<p>El evento contar\u00e1 con dos clases de pruebas la participativa de 4 km de extensi\u00f3n y la instancia Competitiva- Circuito de 8 km de extensi\u00f3n.<\/p>\n\n\n\n<h3 class=\"wp-block-heading\">Recorrido<\/h3>\n\n\n\n<figure class=\"wp-block-image\"><img decoding=\"async\" src=\"https:\/\/diarioriouruguay-com.cdn.ampproject.org\/ii\/AW\/s\/diarioriouruguay.com\/galeria\/fotos\/2025\/11\/04\/e_1762257133_57698.webp\" alt=\"\" title=\"\"\/><\/figure>\n\n\n\n<p>Los circuitos, publicados previamente por la Municipalidad de Los Charr\u00faas, podr\u00e1n ser objeto de modificaciones, incluso durante el mismo d\u00eda del evento, las que ser\u00e1n comunicadas a los participantes.<\/p>\n\n\n\n<p>La largada de la prueba tendr\u00e1 lugar a las 8:00 horas en el Complejo Deportivo y Cultural Municipal \u201c23 de Octubre\u201d de la localidad de Los Charr\u00faas.<\/p>\n\n\n\n<p>En las distintas pruebas (8 km\/4 Km) podr\u00e1n participar todos aquellos hombres y mujeres de cualquier nacionalidad que a la fecha de concretar su inscripci\u00f3n acrediten tener 14 a\u00f1os de edad cumplidos. Por otro lado, se remarc\u00f3 que podr\u00e1n participar menores de 14 a\u00f1os con una autorizaci\u00f3n firmada por sus padres.<\/p>\n\n\n\n<h3 class=\"wp-block-heading\">Inscripciones<\/h3>\n\n\n\n<figure class=\"wp-block-image\"><img decoding=\"async\" src=\"https:\/\/diarioriouruguay-com.cdn.ampproject.org\/ii\/AW\/s\/diarioriouruguay.com\/galeria\/fotos\/2025\/11\/04\/e_1762257159_15839.webp\" alt=\"\" title=\"\"\/><\/figure>\n\n\n\n<p>Las inscripciones podr\u00e1n realizarse a trav\u00e9s del sitio web del evento&nbsp;<a href=\"http:\/\/www.encarrera.com.ar\/loscharruas,\">www.encarrera.com.ar\/loscharruas,<\/a>&nbsp;y el pago se podr\u00e1 en la Direcci\u00f3n de Deportes de la Municipalidad de Los Charr\u00faas. Tambi\u00e9n se podr\u00e1 abonar el d\u00eda de la carrera o por transferencia.<\/p>\n\n\n\n<p>Asimismo, se detall\u00f3 que se podr\u00e1n realizar inscripciones presenciales en la Direcci\u00f3n de Deportes de Los Charr\u00faas (Complejo Acu\u00e1tico Municipal) de lunes a viernes en el horario de 7:00hs. a 12:00hs.<\/p>\n\n\n\n<p>Una vez realizado el tr\u00e1mite de inscripci\u00f3n a trav\u00e9s del sitio web, deber\u00e1n acreditar su identidad y edad cuando retiren el Kit, como tambi\u00e9n completar debidamente el deslinde de responsabilidad que la Municipalidad de Los Charr\u00faas le proporcione.<\/p>\n\n\n\n<h3 class=\"wp-block-heading\">Costos<\/h3>\n\n\n\n<p>La inscripci\u00f3n tendr\u00e1 un costo de $30.000 (treinta mil pesos) que incluye la remera de la carrera, mientras que aquellos que no quieran la remera, tendr\u00e1 un costo DE $20.000 (veinte mil).<\/p>\n\n\n\n<p>Cabe recordar que para los atletas especiales la inscripci\u00f3n es sin costo, pero aquellos que quieran la remera deber\u00e1n abonar $10.000 (diez mil).<\/p>\n\n\n\n<p>Entre otros beneficios, desde la organizaci\u00f3n se\u00f1alaron que los primeros 250 atletas que realicen el pago se aseguraron la remera.<\/p>\n\n\n\n<h3 class=\"wp-block-heading\">Clasificaci\u00f3n<\/h3>\n\n\n\n<p>La clasificaci\u00f3n de los participantes de las pruebas de 4 km y 8 km se realizar\u00e1 a trav\u00e9s de un sistema computarizado, por uso de Chip de la empresa Crononomet.<\/p>\n\n\n\n<p>Para ser v\u00e1lida la clasificaci\u00f3n de cada atleta, su presencia deber\u00e1 constar en los registros de todos los puestos de control establecidos por el ente organizador ubicados a lo largo del circuito, no debiendo existir denuncia alguna comprobada de actitudes o comportamiento desleal o antideportivo.<\/p>\n\n\n\n<h3 class=\"wp-block-heading\">Entrega de KIT<\/h3>\n\n\n\n<p>La entrega de Kit se realizar\u00e1 el d\u00eda jueves 6 de noviembre en la Direcci\u00f3n de Deportes de Los Charr\u00faas de 8:00hs a 12:00hs. Y de 20 a 21hs.<\/p>\n\n\n\n<p>En Concordia el d\u00eda viernes 7 de noviembre a confirmar el lugar, y horarios de las inscripciones presenciales y entrega de Kit.<\/p>\n\n\n\n<p>Los atletas No Residentes en Los Charr\u00faas, tambi\u00e9n podr\u00e1n hacerlo hasta las 8:00 horas del mismo d\u00eda de la carrera.<\/p>\n\n\n\n<p>No se reservar\u00e1n talles de remeras a nadie bajo ning\u00fan motivo. Los talles de las remeras est\u00e1n sujetos a disponibilidad y ser\u00e1n entregadas bajo estricto orden de acreditaci\u00f3n.<\/p>\n\n\n\n<h3 class=\"wp-block-heading\">Expectativas<\/h3>\n\n\n\n<p>La Municipalidad de Los Charr\u00faas est\u00e1 preparando una log\u00edstica para recibir hasta 400 atletas. En este sentido, remarcaron que \u201ceste 9 de noviembre se vivir\u00e1 una jornada \u00fanica, con un recorrido totalmente nuevo y muchas expectativas para compartir juntos esta gran experiencia deportiva\u201d.<\/p>\n\n\n\n<blockquote class=\"wp-block-quote is-layout-flow wp-block-quote-is-layout-flow\">\n<p>www.diarioriouruguay.com<\/p>\n<\/blockquote>\n","protected":false},"excerpt":{"rendered":"<p>La Municipalidad de Los Charr\u00faas organiza a trav\u00e9s de su Direcci\u00f3n de Deportes, la 9\u00b0&#8230;<\/p>\n","protected":false},"author":2,"featured_media":4471,"comment_status":"open","ping_status":"open","sticky":false,"template":"","format":"standard","meta":{"footnotes":""},"categories":[5],"tags":[],"class_list":["post-4470","post","type-post","status-publish","format-standard","has-post-thumbnail","hentry","category-atletismo"],"featured_image_urls":{"full":["https:\/\/deportodos.com.ar\/2023\/wp-content\/uploads\/2025\/11\/o_1762256892_26355.jpeg",1200,800,false],"thumbnail":["https:\/\/deportodos.com.ar\/2023\/wp-content\/uploads\/2025\/11\/o_1762256892_26355-150x150.jpeg",150,150,true],"medium":["https:\/\/deportodos.com.ar\/2023\/wp-content\/uploads\/2025\/11\/o_1762256892_26355-300x200.jpeg",300,200,true],"medium_large":["https:\/\/deportodos.com.ar\/2023\/wp-content\/uploads\/2025\/11\/o_1762256892_26355-768x512.jpeg",640,427,true],"large":["https:\/\/deportodos.com.ar\/2023\/wp-content\/uploads\/2025\/11\/o_1762256892_26355-1024x683.jpeg",640,427,true],"1536x1536":["https:\/\/deportodos.com.ar\/2023\/wp-content\/uploads\/2025\/11\/o_1762256892_26355.jpeg",1200,800,false],"2048x2048":["https:\/\/deportodos.com.ar\/2023\/wp-content\/uploads\/2025\/11\/o_1762256892_26355.jpeg",1200,800,false],"covernews-featured":["https:\/\/deportodos.com.ar\/2023\/wp-content\/uploads\/2025\/11\/o_1762256892_26355-1024x683.jpeg",1024,683,true],"covernews-medium":["https:\/\/deportodos.com.ar\/2023\/wp-content\/uploads\/2025\/11\/o_1762256892_26355-540x340.jpeg",540,340,true]},"author_info":{"display_name":"c2530142","author_link":"https:\/\/deportodos.com.ar\/2023\/author\/c2530142\/"},"category_info":"<a href=\"https:\/\/deportodos.com.ar\/2023\/category\/atletismo\/\" rel=\"category tag\">Atletismo<\/a>","tag_info":"Atletismo","comment_count":"0","_links":{"self":[{"href":"https:\/\/deportodos.com.ar\/2023\/wp-json\/wp\/v2\/posts\/4470","targetHints":{"allow":["GET"]}}],"collection":[{"href":"https:\/\/deportodos.com.ar\/2023\/wp-json\/wp\/v2\/posts"}],"about":[{"href":"https:\/\/deportodos.com.ar\/2023\/wp-json\/wp\/v2\/types\/post"}],"author":[{"embeddable":true,"href":"https:\/\/deportodos.com.ar\/2023\/wp-json\/wp\/v2\/users\/2"}],"replies":[{"embeddable":true,"href":"https:\/\/deportodos.com.ar\/2023\/wp-json\/wp\/v2\/comments?post=4470"}],"version-history":[{"count":2,"href":"https:\/\/deportodos.com.ar\/2023\/wp-json\/wp\/v2\/posts\/4470\/revisions"}],"predecessor-version":[{"id":4473,"href":"https:\/\/deportodos.com.ar\/2023\/wp-json\/wp\/v2\/posts\/4470\/revisions\/4473"}],"wp:featuredmedia":[{"embeddable":true,"href":"https:\/\/deportodos.com.ar\/2023\/wp-json\/wp\/v2\/media\/4471"}],"wp:attachment":[{"href":"https:\/\/deportodos.com.ar\/2023\/wp-json\/wp\/v2\/media?parent=4470"}],"wp:term":[{"taxonomy":"category","embeddable":true,"href":"https:\/\/deportodos.com.ar\/2023\/wp-json\/wp\/v2\/categories?post=4470"},{"taxonomy":"post_tag","embeddable":true,"href":"https:\/\/deportodos.com.ar\/2023\/wp-json\/wp\/v2\/tags?post=4470"}],"curies":[{"name":"wp","href":"https:\/\/api.w.org\/{rel}","templated":true}]}}