{"id":4474,"date":"2025-11-06T23:39:58","date_gmt":"2025-11-06T23:39:58","guid":{"rendered":"https:\/\/deportodos.com.ar\/2023\/?p=4474"},"modified":"2025-11-06T23:40:01","modified_gmt":"2025-11-06T23:40:01","slug":"central-entrerriano-recibe-a-racing-de-avellaneda-por-la-segunda-fecha-de-la-liga-argentina","status":"publish","type":"post","link":"https:\/\/deportodos.com.ar\/2023\/central-entrerriano-recibe-a-racing-de-avellaneda-por-la-segunda-fecha-de-la-liga-argentina\/","title":{"rendered":"CENTRAL ENTRERRIANO RECIBE A RACING DE AVELLANEDA POR LA SEGUNDA FECHA DE LA LIGA ARGENTINA"},"content":{"rendered":"\n<p>Central Entrerriano vuelve a presentarse ante su gente este jueves cuando, desde las 21 horas, reciba en el Jos\u00e9 Mar\u00eda B\u00e9rtora a Racing de Avellaneda por la segunda fecha de la Liga Argentina de B\u00e1squetbol. El equipo de Gualeguaych\u00fa llega entonado tras el debut triunfal ante Deportivo Viedma, mientras que la Academia tambi\u00e9n comenz\u00f3 con el pie derecho al superar como local a El Talar por 86 a 81.<\/p>\n\n\n\n<p>El conjunto dirigido por Juan Pablo Boadaz mostr\u00f3 un juego s\u00f3lido en su presentaci\u00f3n inicial, con buenos rendimientos de Mat\u00edas N\u00fa\u00f1ez \u2014su principal carta ofensiva\u2014 y una defensa firme encabezada por Mariano Fern\u00e1ndez, Jos\u00e9 Torrens y Tiago L\u00f3pez. Los bonaerenses asoman como un rival exigente y buscar\u00e1n la victoria fuera de casa.<\/p>\n\n\n\n<p>Por su parte, el equipo dirigido por Mart\u00edn Pascal intentar\u00e1 ratificar lo hecho en el debut, donde super\u00f3 a Deportivo Viedma por 84 a 81 en un encuentro parejo y de alto voltaje. Central demostr\u00f3 ser un equipo con car\u00e1cter y en crecimiento, aunque sufri\u00f3 una dura baja: Justo Catal\u00edn sufri\u00f3 la rotura de ligamentos cruzados y se perder\u00e1 todo el torneo. Los dirigentes ya trabajan en la b\u00fasqueda de un reemplazante, aunque por el momento no hay nombres confirmados.<\/p>\n\n\n\n<p>El Jos\u00e9 Mar\u00eda B\u00e9rtora volver\u00e1 a acompa\u00f1ar al Rojinegro en una nueva noche de Liga Argentina, con la ilusi\u00f3n de seguir sumando victorias y afirmarse en el comienzo de la temporada.<\/p>\n\n\n\n<p>Este partido tiene un antecedente y se dio en el TNA 97\/98. Ambos se ganaron de local, Central Entrerriano 95 a 80 en el B\u00e9rtora y Racing 86 a 83 en Avellaneda.<\/p>\n\n\n\n<blockquote class=\"wp-block-quote is-layout-flow wp-block-quote-is-layout-flow\">\n<p>www.maximaonline.com.ar<\/p>\n<\/blockquote>\n","protected":false},"excerpt":{"rendered":"<p>Central Entrerriano vuelve a presentarse ante su gente este jueves cuando, desde las 21 horas,&#8230;<\/p>\n","protected":false},"author":2,"featured_media":4475,"comment_status":"open","ping_status":"open","sticky":false,"template":"","format":"standard","meta":{"footnotes":""},"categories":[9],"tags":[],"class_list":["post-4474","post","type-post","status-publish","format-standard","has-post-thumbnail","hentry","category-basquet"],"featured_image_urls":{"full":["https:\/\/deportodos.com.ar\/2023\/wp-content\/uploads\/2025\/11\/l_1762403275_809705.webp",1200,800,false],"thumbnail":["https:\/\/deportodos.com.ar\/2023\/wp-content\/uploads\/2025\/11\/l_1762403275_809705-150x150.webp",150,150,true],"medium":["https:\/\/deportodos.com.ar\/2023\/wp-content\/uploads\/2025\/11\/l_1762403275_809705-300x200.webp",300,200,true],"medium_large":["https:\/\/deportodos.com.ar\/2023\/wp-content\/uploads\/2025\/11\/l_1762403275_809705-768x512.webp",640,427,true],"large":["https:\/\/deportodos.com.ar\/2023\/wp-content\/uploads\/2025\/11\/l_1762403275_809705-1024x683.webp",640,427,true],"1536x1536":["https:\/\/deportodos.com.ar\/2023\/wp-content\/uploads\/2025\/11\/l_1762403275_809705.webp",1200,800,false],"2048x2048":["https:\/\/deportodos.com.ar\/2023\/wp-content\/uploads\/2025\/11\/l_1762403275_809705.webp",1200,800,false],"covernews-featured":["https:\/\/deportodos.com.ar\/2023\/wp-content\/uploads\/2025\/11\/l_1762403275_809705-1024x683.webp",1024,683,true],"covernews-medium":["https:\/\/deportodos.com.ar\/2023\/wp-content\/uploads\/2025\/11\/l_1762403275_809705-540x340.webp",540,340,true]},"author_info":{"display_name":"c2530142","author_link":"https:\/\/deportodos.com.ar\/2023\/author\/c2530142\/"},"category_info":"<a href=\"https:\/\/deportodos.com.ar\/2023\/category\/basquet\/\" rel=\"category tag\">Basquet<\/a>","tag_info":"Basquet","comment_count":"0","_links":{"self":[{"href":"https:\/\/deportodos.com.ar\/2023\/wp-json\/wp\/v2\/posts\/4474","targetHints":{"allow":["GET"]}}],"collection":[{"href":"https:\/\/deportodos.com.ar\/2023\/wp-json\/wp\/v2\/posts"}],"about":[{"href":"https:\/\/deportodos.com.ar\/2023\/wp-json\/wp\/v2\/types\/post"}],"author":[{"embeddable":true,"href":"https:\/\/deportodos.com.ar\/2023\/wp-json\/wp\/v2\/users\/2"}],"replies":[{"embeddable":true,"href":"https:\/\/deportodos.com.ar\/2023\/wp-json\/wp\/v2\/comments?post=4474"}],"version-history":[{"count":1,"href":"https:\/\/deportodos.com.ar\/2023\/wp-json\/wp\/v2\/posts\/4474\/revisions"}],"predecessor-version":[{"id":4476,"href":"https:\/\/deportodos.com.ar\/2023\/wp-json\/wp\/v2\/posts\/4474\/revisions\/4476"}],"wp:featuredmedia":[{"embeddable":true,"href":"https:\/\/deportodos.com.ar\/2023\/wp-json\/wp\/v2\/media\/4475"}],"wp:attachment":[{"href":"https:\/\/deportodos.com.ar\/2023\/wp-json\/wp\/v2\/media?parent=4474"}],"wp:term":[{"taxonomy":"category","embeddable":true,"href":"https:\/\/deportodos.com.ar\/2023\/wp-json\/wp\/v2\/categories?post=4474"},{"taxonomy":"post_tag","embeddable":true,"href":"https:\/\/deportodos.com.ar\/2023\/wp-json\/wp\/v2\/tags?post=4474"}],"curies":[{"name":"wp","href":"https:\/\/api.w.org\/{rel}","templated":true}]}}