{"id":4484,"date":"2025-11-09T22:03:35","date_gmt":"2025-11-09T22:03:35","guid":{"rendered":"https:\/\/deportodos.com.ar\/2023\/?p=4484"},"modified":"2025-11-10T02:18:14","modified_gmt":"2025-11-10T02:18:14","slug":"triatlon-jeep-en-colon-2","status":"publish","type":"post","link":"https:\/\/deportodos.com.ar\/2023\/triatlon-jeep-en-colon-2\/","title":{"rendered":"TRIATL\u00d3N JEEP EN COL\u00d3N"},"content":{"rendered":"\n<p>Col\u00f3n marco el inicio de una masiva convocatoria para el Circuito Binacional de Triatl\u00f3n Jeep, con 180 participantes que disfrutaron a pleno de un excelente inicio de temporada y con un clima ideal que hizo que todo sea una verdadera fiesta &#x1f3ca;&#x1f6b4;&#x1f3c3;.<\/p>\n\n\n\n<p>El uruguayo de Tacuaremb\u00f3 Nahuel Soares de Lima y la victoriense Mar\u00eda Victoria Rivero fueron los triunfadores de esta primera fecha.<\/p>\n\n\n\n<p>En varones los escoltas fueron Joaqu\u00edn Valverde de Lomas de Zamora y el concordiense Federico \u00c1lvarez, mientras que en damas fue segunda Emma Sciliar de Lomas de Zamora y tercera Avril P\u00e9rez de Buenos Aires.<\/p>\n\n\n\n<p>Una organizaci\u00f3n impecable por parte del Municipio de Col\u00f3n con el trabajo de todas sus \u00e1reas y la inmejorable puesta en escena de la A.C.P.C. hicieron de este inicio el augurio de un gran campeonato que tendr\u00e1 su continuidad el 30 de noviembre en Concordia.<\/p>\n\n\n\n<p>RESULTADOS:<\/p>\n\n\n\n<p><a href=\"https:\/\/drive.google.com\/file\/d\/1qE8mQyJWD6XHkCSKGalVF6ZQf1flea_8\/view?fbclid=IwdGRjcAN-KotjbGNrA34qh2V4dG4DYWVtAjExAHNydGMGYXBwX2lkDDM1MDY4NTUzMTcyOAABHh7NYOEpGLLA_hisl0fDdlJcfj7TxK-LZAMnNs9xdr4Enrc5KfBUIA1QxPnm_aem_lIl5TMd78iU-ybc0wjAdZw\">https:\/\/drive.google.com\/file\/d\/1qE8mQyJWD6XHkCSKGalVF6ZQf1flea_8\/view?fbclid=IwdGRjcAN-KotjbGNrA34qh2V4dG4DYWVtAjExAHNydGMGYXBwX2lkDDM1MDY4NTUzMTcyOAABHh7NYOEpGLLA_hisl0fDdlJcfj7TxK-LZAMnNs9xdr4Enrc5KfBUIA1QxPnm_aem_lIl5TMd78iU-ybc0wjAdZw<\/a><\/p>\n","protected":false},"excerpt":{"rendered":"<p>Col\u00f3n marco el inicio de una masiva convocatoria para el Circuito Binacional de Triatl\u00f3n Jeep,&#8230;<\/p>\n","protected":false},"author":2,"featured_media":4485,"comment_status":"open","ping_status":"open","sticky":false,"template":"","format":"standard","meta":{"footnotes":""},"categories":[33],"tags":[],"class_list":["post-4484","post","type-post","status-publish","format-standard","has-post-thumbnail","hentry","category-triatlon"],"featured_image_urls":{"full":["https:\/\/deportodos.com.ar\/2023\/wp-content\/uploads\/2025\/11\/FB_IMG_1762725715013.jpg",1500,1000,false],"thumbnail":["https:\/\/deportodos.com.ar\/2023\/wp-content\/uploads\/2025\/11\/FB_IMG_1762725715013-150x150.jpg",150,150,true],"medium":["https:\/\/deportodos.com.ar\/2023\/wp-content\/uploads\/2025\/11\/FB_IMG_1762725715013-300x200.jpg",300,200,true],"medium_large":["https:\/\/deportodos.com.ar\/2023\/wp-content\/uploads\/2025\/11\/FB_IMG_1762725715013-768x512.jpg",640,427,true],"large":["https:\/\/deportodos.com.ar\/2023\/wp-content\/uploads\/2025\/11\/FB_IMG_1762725715013-1024x683.jpg",640,427,true],"1536x1536":["https:\/\/deportodos.com.ar\/2023\/wp-content\/uploads\/2025\/11\/FB_IMG_1762725715013.jpg",1500,1000,false],"2048x2048":["https:\/\/deportodos.com.ar\/2023\/wp-content\/uploads\/2025\/11\/FB_IMG_1762725715013.jpg",1500,1000,false],"covernews-featured":["https:\/\/deportodos.com.ar\/2023\/wp-content\/uploads\/2025\/11\/FB_IMG_1762725715013-1024x683.jpg",1024,683,true],"covernews-medium":["https:\/\/deportodos.com.ar\/2023\/wp-content\/uploads\/2025\/11\/FB_IMG_1762725715013-540x340.jpg",540,340,true]},"author_info":{"display_name":"c2530142","author_link":"https:\/\/deportodos.com.ar\/2023\/author\/c2530142\/"},"category_info":"<a href=\"https:\/\/deportodos.com.ar\/2023\/category\/triatlon\/\" rel=\"category tag\">Triatlon<\/a>","tag_info":"Triatlon","comment_count":"0","_links":{"self":[{"href":"https:\/\/deportodos.com.ar\/2023\/wp-json\/wp\/v2\/posts\/4484","targetHints":{"allow":["GET"]}}],"collection":[{"href":"https:\/\/deportodos.com.ar\/2023\/wp-json\/wp\/v2\/posts"}],"about":[{"href":"https:\/\/deportodos.com.ar\/2023\/wp-json\/wp\/v2\/types\/post"}],"author":[{"embeddable":true,"href":"https:\/\/deportodos.com.ar\/2023\/wp-json\/wp\/v2\/users\/2"}],"replies":[{"embeddable":true,"href":"https:\/\/deportodos.com.ar\/2023\/wp-json\/wp\/v2\/comments?post=4484"}],"version-history":[{"count":2,"href":"https:\/\/deportodos.com.ar\/2023\/wp-json\/wp\/v2\/posts\/4484\/revisions"}],"predecessor-version":[{"id":4493,"href":"https:\/\/deportodos.com.ar\/2023\/wp-json\/wp\/v2\/posts\/4484\/revisions\/4493"}],"wp:featuredmedia":[{"embeddable":true,"href":"https:\/\/deportodos.com.ar\/2023\/wp-json\/wp\/v2\/media\/4485"}],"wp:attachment":[{"href":"https:\/\/deportodos.com.ar\/2023\/wp-json\/wp\/v2\/media?parent=4484"}],"wp:term":[{"taxonomy":"category","embeddable":true,"href":"https:\/\/deportodos.com.ar\/2023\/wp-json\/wp\/v2\/categories?post=4484"},{"taxonomy":"post_tag","embeddable":true,"href":"https:\/\/deportodos.com.ar\/2023\/wp-json\/wp\/v2\/tags?post=4484"}],"curies":[{"name":"wp","href":"https:\/\/api.w.org\/{rel}","templated":true}]}}