{"id":4490,"date":"2025-11-10T02:13:36","date_gmt":"2025-11-10T02:13:36","guid":{"rendered":"https:\/\/deportodos.com.ar\/2023\/?p=4490"},"modified":"2025-11-10T02:13:37","modified_gmt":"2025-11-10T02:13:37","slug":"central-entrerriano-ira-por-la-recuperacion-frente-a-union-de-mar-del-plata","status":"publish","type":"post","link":"https:\/\/deportodos.com.ar\/2023\/central-entrerriano-ira-por-la-recuperacion-frente-a-union-de-mar-del-plata\/","title":{"rendered":"CENTRAL ENTRERRIANO IR\u00c1 POR LA RECUPERACI\u00d3N FRENTE A UNI\u00d3N DE MAR DEL PLATA"},"content":{"rendered":"\n<p>Central Entrerriano buscar\u00e1 volver a la victoria en este comienzo de la Liga Argentina de B\u00e1squet, tras el traspi\u00e9 sufrido el jueves pasado ante Racing de Avellaneda (66-76), en el \u201cJos\u00e9 Mar\u00eda B\u00e9rtora\u201d, cuando reciba \u2013desde las 21-30 horas- a Uni\u00f3n de Mar del Plata.<\/p>\n\n\n\n<p>En su \u00faltimo partido, el equipo dirigido por Mart\u00edn Pascal pag\u00f3 caro su baja efectividad en tiros de campo y desde la l\u00ednea (46% en dobles, 28% en triples y 59% en libres) y deber\u00e1 ajustar en la faz ofensiva para no ser sorprendido por un equipo que perdi\u00f3 -como local- sus dos partidos disputados hasta ac\u00e1.<\/p>\n\n\n\n<p>El Rojinegro tendr\u00e1 que lidiar nuevamente con una ficha mayor menos, tal como pas\u00f3 frente a los de Avellaneda, hasta que pueda cerrar un reemplazo del escolta Justo Catal\u00edn, quien sufri\u00f3 una grave lesi\u00f3n en el debut contra Deportivo Viedma y que lo margin\u00f3 para el resto de la temporada.<\/p>\n\n\n\n<p>En ese sentido, desde la dirigencia manifestaron ante la consulta de&nbsp;<strong>Ahora ElD\u00eda<\/strong>&nbsp;que, \u201cestamos analizando presupuesto y posibilidades\u201d entre jugadores que quedaron relegados de equipos de Liga Argentina y Liga Nacional, e incluso aquellos que comienzan a finalizar su participaci\u00f3n en el Torneo Pre-Federal entrerriano. \u201cPero todo es cuesti\u00f3n de dinero\u201d, agregaron.<\/p>\n\n\n\n<p>Despu\u00e9s de este partido, Central viajar\u00e1 a la provincia de Santa Fe, donde afrontar\u00e1 sus primeros encuentros como visitante: el jueves frente a Provincial de Rosario y el viernes contra Deportivo Norte de Armstrong.&nbsp;<\/p>\n\n\n\n<blockquote class=\"wp-block-quote is-layout-flow wp-block-quote-is-layout-flow\">\n<p>www.eldiaonline.com<\/p>\n<\/blockquote>\n","protected":false},"excerpt":{"rendered":"<p>Central Entrerriano buscar\u00e1 volver a la victoria en este comienzo de la Liga Argentina de&#8230;<\/p>\n","protected":false},"author":2,"featured_media":4491,"comment_status":"open","ping_status":"open","sticky":false,"template":"","format":"standard","meta":{"footnotes":""},"categories":[9],"tags":[],"class_list":["post-4490","post","type-post","status-publish","format-standard","has-post-thumbnail","hentry","category-basquet"],"featured_image_urls":{"full":["https:\/\/deportodos.com.ar\/2023\/wp-content\/uploads\/2025\/11\/central_2.webp",1136,852,false],"thumbnail":["https:\/\/deportodos.com.ar\/2023\/wp-content\/uploads\/2025\/11\/central_2-150x150.webp",150,150,true],"medium":["https:\/\/deportodos.com.ar\/2023\/wp-content\/uploads\/2025\/11\/central_2-300x225.webp",300,225,true],"medium_large":["https:\/\/deportodos.com.ar\/2023\/wp-content\/uploads\/2025\/11\/central_2-768x576.webp",640,480,true],"large":["https:\/\/deportodos.com.ar\/2023\/wp-content\/uploads\/2025\/11\/central_2-1024x768.webp",640,480,true],"1536x1536":["https:\/\/deportodos.com.ar\/2023\/wp-content\/uploads\/2025\/11\/central_2.webp",1136,852,false],"2048x2048":["https:\/\/deportodos.com.ar\/2023\/wp-content\/uploads\/2025\/11\/central_2.webp",1136,852,false],"covernews-featured":["https:\/\/deportodos.com.ar\/2023\/wp-content\/uploads\/2025\/11\/central_2-1024x768.webp",1024,768,true],"covernews-medium":["https:\/\/deportodos.com.ar\/2023\/wp-content\/uploads\/2025\/11\/central_2-540x340.webp",540,340,true]},"author_info":{"display_name":"c2530142","author_link":"https:\/\/deportodos.com.ar\/2023\/author\/c2530142\/"},"category_info":"<a href=\"https:\/\/deportodos.com.ar\/2023\/category\/basquet\/\" rel=\"category tag\">Basquet<\/a>","tag_info":"Basquet","comment_count":"0","_links":{"self":[{"href":"https:\/\/deportodos.com.ar\/2023\/wp-json\/wp\/v2\/posts\/4490","targetHints":{"allow":["GET"]}}],"collection":[{"href":"https:\/\/deportodos.com.ar\/2023\/wp-json\/wp\/v2\/posts"}],"about":[{"href":"https:\/\/deportodos.com.ar\/2023\/wp-json\/wp\/v2\/types\/post"}],"author":[{"embeddable":true,"href":"https:\/\/deportodos.com.ar\/2023\/wp-json\/wp\/v2\/users\/2"}],"replies":[{"embeddable":true,"href":"https:\/\/deportodos.com.ar\/2023\/wp-json\/wp\/v2\/comments?post=4490"}],"version-history":[{"count":1,"href":"https:\/\/deportodos.com.ar\/2023\/wp-json\/wp\/v2\/posts\/4490\/revisions"}],"predecessor-version":[{"id":4492,"href":"https:\/\/deportodos.com.ar\/2023\/wp-json\/wp\/v2\/posts\/4490\/revisions\/4492"}],"wp:featuredmedia":[{"embeddable":true,"href":"https:\/\/deportodos.com.ar\/2023\/wp-json\/wp\/v2\/media\/4491"}],"wp:attachment":[{"href":"https:\/\/deportodos.com.ar\/2023\/wp-json\/wp\/v2\/media?parent=4490"}],"wp:term":[{"taxonomy":"category","embeddable":true,"href":"https:\/\/deportodos.com.ar\/2023\/wp-json\/wp\/v2\/categories?post=4490"},{"taxonomy":"post_tag","embeddable":true,"href":"https:\/\/deportodos.com.ar\/2023\/wp-json\/wp\/v2\/tags?post=4490"}],"curies":[{"name":"wp","href":"https:\/\/api.w.org\/{rel}","templated":true}]}}