{"id":4568,"date":"2025-11-16T23:37:54","date_gmt":"2025-11-16T23:37:54","guid":{"rendered":"https:\/\/deportodos.com.ar\/2023\/?p=4568"},"modified":"2025-11-16T23:37:57","modified_gmt":"2025-11-16T23:37:57","slug":"resultados-media-maraton-de-chajari-2025","status":"publish","type":"post","link":"https:\/\/deportodos.com.ar\/2023\/resultados-media-maraton-de-chajari-2025\/","title":{"rendered":"RESULTADOS MEDIA MARAT\u00d3N DE CHAJAR\u00cd 2025"},"content":{"rendered":"\n<p>Este domingo 16 de noviembre se disput\u00f3 en la ciudad de Chajar\u00ed una nueva edici\u00f3n de la Media Marat\u00f3n Ciudad de Chajar\u00ed, un evento que a pesar del clima inestable y lluvioso reuni\u00f3 a una gran cantidad de atletas unos 350, de distintos puntos de Entre R\u00edos y la regi\u00f3n.<\/p>\n\n\n\n<figure class=\"wp-block-image\"><a href=\"https:\/\/blogger.googleusercontent.com\/img\/b\/R29vZ2xl\/AVvXsEjPAkSZ69ZK8H2Sg33bhuxKT3Sowhedqrd2MXtm2KSBsJ7LeQul1ooStUepCTjcFAq3R3DuWJf5VbYeocsgqMTvO0Kawf6qQ3t2a6TWelasAY4hxI48eq_Sy1AXM7Pln7y1TWO7-8x9fBXvhiKk9p3UQDwAa3tiIgFSoVZ1tKTVg4a9KRHRBllG6E5GVdg\/s1908\/DPVA-CHAJARI%20(1).jpg\"><img decoding=\"async\" src=\"https:\/\/blogger.googleusercontent.com\/img\/b\/R29vZ2xl\/AVvXsEjPAkSZ69ZK8H2Sg33bhuxKT3Sowhedqrd2MXtm2KSBsJ7LeQul1ooStUepCTjcFAq3R3DuWJf5VbYeocsgqMTvO0Kawf6qQ3t2a6TWelasAY4hxI48eq_Sy1AXM7Pln7y1TWO7-8x9fBXvhiKk9p3UQDwAa3tiIgFSoVZ1tKTVg4a9KRHRBllG6E5GVdg\/w400-h266\/DPVA-CHAJARI%20(1).jpg\" alt=\"\"\/><\/a><\/figure>\n\n\n\n<p>La jornada comenz\u00f3 con lluvia intensa justo en el horario de la largada, desde el\u00a0playon  polideportivo municipal escenario cl\u00e1sico de esta competencia. Aun as\u00ed, el entusiasmo de los corredores se mantuvo intacto.<\/p>\n\n\n\n<figure class=\"wp-block-image\"><a href=\"https:\/\/blogger.googleusercontent.com\/img\/b\/R29vZ2xl\/AVvXsEgroLELyBKTVQ9awc_vZd3lOYSrCzkWqLjdXGiNkKSQoF1RBJh_zJhk15DXrBtZT2JmuKmS2jknffXVWpnKJF1txpulkJ0kin7WZB7da8JCSyogdeCgzDVxK4ihbFLyXyaUkyzPBRXST2q_JtZ1QAHU74q4z6cKnigF3kugSEud53EKHpko4So-i92GaNQ\/s1731\/DPVA-CHAJARI%20(2).jpg\"><img decoding=\"async\" src=\"https:\/\/blogger.googleusercontent.com\/img\/b\/R29vZ2xl\/AVvXsEgroLELyBKTVQ9awc_vZd3lOYSrCzkWqLjdXGiNkKSQoF1RBJh_zJhk15DXrBtZT2JmuKmS2jknffXVWpnKJF1txpulkJ0kin7WZB7da8JCSyogdeCgzDVxK4ihbFLyXyaUkyzPBRXST2q_JtZ1QAHU74q4z6cKnigF3kugSEud53EKHpko4So-i92GaNQ\/w400-h266\/DPVA-CHAJARI%20(2).jpg\" alt=\"\"\/><\/a><\/figure>\n\n\n\n<p>Tres distancias, un solo objetivo<\/p>\n\n\n\n<p>Organizada por la Direcci\u00f3n de Deportes de Chajar\u00ed, la prueba cont\u00f3 con tres distancias, todas competitivas: 5 km, 10 km y 21 km (Media Marat\u00f3n).<\/p>\n\n\n\n<figure class=\"wp-block-image\"><a href=\"https:\/\/blogger.googleusercontent.com\/img\/b\/R29vZ2xl\/AVvXsEh_UGv7mjiC_wMGbFUWHLppjDaAVQwXwme3BVzTZGLGp7wfzaNwNfFMzzgba7SajP7zRKdhoFq4LZgoRE3x2TY4v5P4gia1Q96HKGcGvU9Zb9peoaCHLskvpSus4yeguxma7XRw0D9aTM7yjnQQGoIulJpxsqZdJXZWKnxODYrCcLMB5dBY-c65UBT4A5Y\/s1697\/DPVA-CHAJARI%20(4).jpg\"><img decoding=\"async\" src=\"https:\/\/blogger.googleusercontent.com\/img\/b\/R29vZ2xl\/AVvXsEh_UGv7mjiC_wMGbFUWHLppjDaAVQwXwme3BVzTZGLGp7wfzaNwNfFMzzgba7SajP7zRKdhoFq4LZgoRE3x2TY4v5P4gia1Q96HKGcGvU9Zb9peoaCHLskvpSus4yeguxma7XRw0D9aTM7yjnQQGoIulJpxsqZdJXZWKnxODYrCcLMB5dBY-c65UBT4A5Y\/w400-h266\/DPVA-CHAJARI%20(4).jpg\" alt=\"\"\/><\/a><\/figure>\n\n\n\n<p>La largada oficial fue a las 8:00 de la ma\u00f1ana, donde los atletas de 10 y 21 km partieron primero, mientras que los de 5 km lo hicieron algunos minutos m\u00e1s tarde.<\/p>\n\n\n\n<figure class=\"wp-block-image\"><a href=\"https:\/\/blogger.googleusercontent.com\/img\/b\/R29vZ2xl\/AVvXsEgqlxX7DO-a7uzNyH4-5PVT3CazXzmoe7moeB9KJ2w9gvqLMmn9f4tcvM621zb-MEP4TCkI1b8mN9NnL4n1t979BioLLYdpk3lf6WQOOHtq7rkkPHrxzlZpjcBbCWIB0YZCfLGKSyLHZl6dBcdLlagN_6FWoyriAlr9mJf491Ls_t1klmNfMtJHXROH9QE\/s1724\/DPVA-CHAJARI%20(5).jpg\"><img decoding=\"async\" src=\"https:\/\/blogger.googleusercontent.com\/img\/b\/R29vZ2xl\/AVvXsEgqlxX7DO-a7uzNyH4-5PVT3CazXzmoe7moeB9KJ2w9gvqLMmn9f4tcvM621zb-MEP4TCkI1b8mN9NnL4n1t979BioLLYdpk3lf6WQOOHtq7rkkPHrxzlZpjcBbCWIB0YZCfLGKSyLHZl6dBcdLlagN_6FWoyriAlr9mJf491Ls_t1klmNfMtJHXROH9QE\/w400-h266\/DPVA-CHAJARI%20(5).jpg\" alt=\"\"\/><\/a><\/figure>\n\n\n\n<p>En la distancia principal, la representaci\u00f3n del Team Deportes Villa Adela brill\u00f3 con luz propia. Los jovenes Bruno Colombo y Brisa Arriola se quedaron con los triunfos en caballeros y damas respectivamente.<\/p>\n\n\n\n<figure class=\"wp-block-image\"><a href=\"https:\/\/blogger.googleusercontent.com\/img\/b\/R29vZ2xl\/AVvXsEh8PlvUVI-EplPFSN8WnwE2vZbaf9F1hfTCz1RzN3X8RQsrsS4M6r1tXm36T6K2zs-W1GSwfUcXFzRBk36ohbhn5OIHQDTjIajpmJK8W4ogD1cA3oNAcqrUWvg_pyBS2XaT8obrxBSXPA89hrxWDuHbQB4wJEtLJ_50MaEmGLTE6VU2KxT-wH_aAHlcGZ0\/s1822\/DPVA-CHAJARI%20(6).jpg\"><img decoding=\"async\" src=\"https:\/\/blogger.googleusercontent.com\/img\/b\/R29vZ2xl\/AVvXsEh8PlvUVI-EplPFSN8WnwE2vZbaf9F1hfTCz1RzN3X8RQsrsS4M6r1tXm36T6K2zs-W1GSwfUcXFzRBk36ohbhn5OIHQDTjIajpmJK8W4ogD1cA3oNAcqrUWvg_pyBS2XaT8obrxBSXPA89hrxWDuHbQB4wJEtLJ_50MaEmGLTE6VU2KxT-wH_aAHlcGZ0\/w400-h268\/DPVA-CHAJARI%20(6).jpg\" alt=\"\"\/><\/a><\/figure>\n\n\n\n<p><strong>Clasificaci\u00f3n 21K \u2013Caballeros<\/strong><\/p>\n\n\n\n<p><strong>1. Bruno Colombo \u2013 1:08:48<\/strong><\/p>\n\n\n\n<p><strong>2. Walter Moreira (Concordia)<\/strong><\/p>\n\n\n\n<p><strong>3.\u00a0<\/strong>Sergio Daniel Gomez<\/p>\n\n\n\n<p>Colombo lider\u00f3 gran parte de la prueba y termin\u00f3 ganando sin mayores complicaciones, sacando una diferencia de un minuto y medio sobre su inmediato perseguidor.<\/p>\n\n\n\n<figure class=\"wp-block-image\"><a href=\"https:\/\/blogger.googleusercontent.com\/img\/b\/R29vZ2xl\/AVvXsEhaeP_9ycmlMvE-Td77L_RRABXfZWKHRmV10hjthZvyOynKsubXv37soDUsWDg051384746DLMxSvndm0GYhIzoo4oFd7DLBlFtoEIbfn2o8cK1MNQgOKrcizOo4H0JvJoibAlpwAEf2eF1F8ABWZLnN3QGgzjDEy3_Lda7tO0nblkepmx8Vi-laj0y__A\/s1425\/DPVA-%20BRISA%20(2).jpg\"><img decoding=\"async\" src=\"https:\/\/blogger.googleusercontent.com\/img\/b\/R29vZ2xl\/AVvXsEhaeP_9ycmlMvE-Td77L_RRABXfZWKHRmV10hjthZvyOynKsubXv37soDUsWDg051384746DLMxSvndm0GYhIzoo4oFd7DLBlFtoEIbfn2o8cK1MNQgOKrcizOo4H0JvJoibAlpwAEf2eF1F8ABWZLnN3QGgzjDEy3_Lda7tO0nblkepmx8Vi-laj0y__A\/w400-h266\/DPVA-%20BRISA%20(2).jpg\" alt=\"\"\/><\/a><\/figure>\n\n\n\n<p><strong>Clasificaci\u00f3n 21K \u2013&nbsp;<\/strong><\/p>\n\n\n\n<p><strong>Damas<\/strong><\/p>\n\n\n\n<p><strong>1. Brisa Arriola (Federaci\u00f3n) \u2013 1:29:02<\/strong><\/p>\n\n\n\n<p><strong>2. Lorena Luchini (Concordia)<\/strong><\/p>\n\n\n\n<p><strong>3. Romina D\u00edaz (Concordia)<\/strong><\/p>\n\n\n\n<figure class=\"wp-block-image\"><a href=\"https:\/\/blogger.googleusercontent.com\/img\/b\/R29vZ2xl\/AVvXsEgvDSNUS5VNgthzeLj74eiGrW7VGtT79V0Ar4hP04PTFTooWj7NLHP83Yw6wIVLGUUrZX6YlbB5DyuyAmAowasWd8plP_oO46qhKwghzc2GS7T4pQMZuJaf-mo3fa51aE2usrqGlp5KXpFu8dY67xpuX116etJ8D2uuj-pcTsvQFb7pZkfAPNW8aFenNhY\/s1298\/DPVA-%20BRISA%20(1).jpg\"><img decoding=\"async\" src=\"https:\/\/blogger.googleusercontent.com\/img\/b\/R29vZ2xl\/AVvXsEgvDSNUS5VNgthzeLj74eiGrW7VGtT79V0Ar4hP04PTFTooWj7NLHP83Yw6wIVLGUUrZX6YlbB5DyuyAmAowasWd8plP_oO46qhKwghzc2GS7T4pQMZuJaf-mo3fa51aE2usrqGlp5KXpFu8dY67xpuX116etJ8D2uuj-pcTsvQFb7pZkfAPNW8aFenNhY\/w400-h266\/DPVA-%20BRISA%20(1).jpg\" alt=\"\"\/><\/a><\/figure>\n\n\n\n<p>Arriola se impuso con solvencia y contin\u00faa afirm\u00e1ndose como una de las j\u00f3venes promesas del atletismo regional.<\/p>\n\n\n\n<p><strong>Resultados de los 10K<\/strong><\/p>\n\n\n\n<p><strong>10K \u2013 Damas<\/strong><\/p>\n\n\n\n<p><strong>1. Daniela Penoni (Chajar\u00ed) \u2013 39:34<\/strong><\/p>\n\n\n\n<p><strong>2. Mar\u00eda Luz Ram\u00edrez (Concordia)<\/strong><\/p>\n\n\n\n<p><strong>3. Melisa Cabrera (Chajar\u00ed)<\/strong><\/p>\n\n\n\n<p><strong>La local Penoni domin\u00f3 de punta a punta y se qued\u00f3 con un triunfo muy celebrado<\/strong><\/p>\n\n\n\n<p><strong>1. Juan Saboredo (Concordia)<\/strong><\/p>\n\n\n\n<p><strong>2. Isa\u00edas Moledo (Chajar\u00ed)<\/strong><\/p>\n\n\n\n<p><strong>3.\u00a0<\/strong>Jonathan Bonazzola<\/p>\n\n\n\n<p><strong>Resultados de los 5K<\/strong><\/p>\n\n\n\n<p><strong>5K \u2013 Damas<\/strong><\/p>\n\n\n\n<p><strong>1. Manuela N\u00fa\u00f1ez (La Matanza, Buenos Aires)<\/strong><\/p>\n\n\n\n<p><strong>2. Mirna Ruiz D\u00edaz (Federal)<\/strong><\/p>\n\n\n\n<p><strong>3. Johana Marcela G\u00f3mez (Chajar\u00ed)<\/strong><\/p>\n\n\n\n<p><strong>&nbsp;5K \u2013 Caballeros<\/strong><\/p>\n\n\n\n<p><strong>1. Nahuel Aguirre (Concordia)<\/strong><\/p>\n\n\n\n<p><strong>2. Cristian Borgo (Monte Caseros, Corrientes)<\/strong><\/p>\n\n\n\n<p><strong>3. Javier C\u00f3rdoba (La Matanza, Buenos Aires)<\/strong><\/p>\n\n\n\n<p><strong>Una fiesta bajo la lluvia<\/strong><\/p>\n\n\n\n<p>A pesar del clima adverso, la carrera se vivi\u00f3 con entusiasmo y gran esp\u00edritu deportivo. Tras la llegada del \u00faltimo corredor, se realiz\u00f3 la entrega de premios, que incluy\u00f3 placas de madera y un peque\u00f1o incentivo econ\u00f3mico para los ganadores.<\/p>\n\n\n\n<p>La Media Marat\u00f3n de Chajar\u00ed volvi\u00f3 a demostrar por qu\u00e9 es una de las competencias m\u00e1s queridas del calendario provincial.<\/p>\n\n\n\n<blockquote class=\"wp-block-quote is-layout-flow wp-block-quote-is-layout-flow\">\n<p>www.deportesvillaadela.blogspot.com<\/p>\n<\/blockquote>\n","protected":false},"excerpt":{"rendered":"<p>Este domingo 16 de noviembre se disput\u00f3 en la ciudad de Chajar\u00ed una nueva edici\u00f3n&#8230;<\/p>\n","protected":false},"author":2,"featured_media":4569,"comment_status":"open","ping_status":"open","sticky":false,"template":"","format":"standard","meta":{"footnotes":""},"categories":[5],"tags":[],"class_list":["post-4568","post","type-post","status-publish","format-standard","has-post-thumbnail","hentry","category-atletismo"],"featured_image_urls":{"full":["https:\/\/deportodos.com.ar\/2023\/wp-content\/uploads\/2025\/11\/DPVA-CHAJARI-3.jpg",399,266,false],"thumbnail":["https:\/\/deportodos.com.ar\/2023\/wp-content\/uploads\/2025\/11\/DPVA-CHAJARI-3-150x150.jpg",150,150,true],"medium":["https:\/\/deportodos.com.ar\/2023\/wp-content\/uploads\/2025\/11\/DPVA-CHAJARI-3-300x200.jpg",300,200,true],"medium_large":["https:\/\/deportodos.com.ar\/2023\/wp-content\/uploads\/2025\/11\/DPVA-CHAJARI-3.jpg",399,266,false],"large":["https:\/\/deportodos.com.ar\/2023\/wp-content\/uploads\/2025\/11\/DPVA-CHAJARI-3.jpg",399,266,false],"1536x1536":["https:\/\/deportodos.com.ar\/2023\/wp-content\/uploads\/2025\/11\/DPVA-CHAJARI-3.jpg",399,266,false],"2048x2048":["https:\/\/deportodos.com.ar\/2023\/wp-content\/uploads\/2025\/11\/DPVA-CHAJARI-3.jpg",399,266,false],"covernews-featured":["https:\/\/deportodos.com.ar\/2023\/wp-content\/uploads\/2025\/11\/DPVA-CHAJARI-3.jpg",399,266,false],"covernews-medium":["https:\/\/deportodos.com.ar\/2023\/wp-content\/uploads\/2025\/11\/DPVA-CHAJARI-3.jpg",399,266,false]},"author_info":{"display_name":"c2530142","author_link":"https:\/\/deportodos.com.ar\/2023\/author\/c2530142\/"},"category_info":"<a href=\"https:\/\/deportodos.com.ar\/2023\/category\/atletismo\/\" rel=\"category tag\">Atletismo<\/a>","tag_info":"Atletismo","comment_count":"0","_links":{"self":[{"href":"https:\/\/deportodos.com.ar\/2023\/wp-json\/wp\/v2\/posts\/4568","targetHints":{"allow":["GET"]}}],"collection":[{"href":"https:\/\/deportodos.com.ar\/2023\/wp-json\/wp\/v2\/posts"}],"about":[{"href":"https:\/\/deportodos.com.ar\/2023\/wp-json\/wp\/v2\/types\/post"}],"author":[{"embeddable":true,"href":"https:\/\/deportodos.com.ar\/2023\/wp-json\/wp\/v2\/users\/2"}],"replies":[{"embeddable":true,"href":"https:\/\/deportodos.com.ar\/2023\/wp-json\/wp\/v2\/comments?post=4568"}],"version-history":[{"count":1,"href":"https:\/\/deportodos.com.ar\/2023\/wp-json\/wp\/v2\/posts\/4568\/revisions"}],"predecessor-version":[{"id":4570,"href":"https:\/\/deportodos.com.ar\/2023\/wp-json\/wp\/v2\/posts\/4568\/revisions\/4570"}],"wp:featuredmedia":[{"embeddable":true,"href":"https:\/\/deportodos.com.ar\/2023\/wp-json\/wp\/v2\/media\/4569"}],"wp:attachment":[{"href":"https:\/\/deportodos.com.ar\/2023\/wp-json\/wp\/v2\/media?parent=4568"}],"wp:term":[{"taxonomy":"category","embeddable":true,"href":"https:\/\/deportodos.com.ar\/2023\/wp-json\/wp\/v2\/categories?post=4568"},{"taxonomy":"post_tag","embeddable":true,"href":"https:\/\/deportodos.com.ar\/2023\/wp-json\/wp\/v2\/tags?post=4568"}],"curies":[{"name":"wp","href":"https:\/\/api.w.org\/{rel}","templated":true}]}}