{"id":4593,"date":"2025-11-23T14:34:42","date_gmt":"2025-11-23T14:34:42","guid":{"rendered":"https:\/\/deportodos.com.ar\/2023\/?p=4593"},"modified":"2025-11-23T14:34:43","modified_gmt":"2025-11-23T14:34:43","slug":"nueva-edicion-de-villaguay-corre","status":"publish","type":"post","link":"https:\/\/deportodos.com.ar\/2023\/nueva-edicion-de-villaguay-corre\/","title":{"rendered":"NUEVA EDICI\u00d3N DE \u00abVILLAGUAY CORRE\u00bb"},"content":{"rendered":"\n<p>Este s\u00e1bado 22 de noviembre se disput\u00f3 una nueva edici\u00f3n de la tradicional prueba atl\u00e9tica <strong>Villaguay Corre<\/strong>, competencia que volvi\u00f3 a recorrer las principales calles de la ciudad ubicada en el coraz\u00f3n de la provincia de <strong>Entre R\u00edos<\/strong>. El evento, organizado por la <strong>Municipalidad de Villaguay<\/strong> a trav\u00e9s de la <strong>Direcci\u00f3n de Deportes<\/strong>, reuni\u00f3 a corredores locales y de distintas ciudades de la regi\u00f3n.<\/p>\n\n\n\n<p>La carrera cont\u00f3 con dos distancias principales: <strong>9.300 metros<\/strong>, seg\u00fan marcaciones de <strong>GPS<\/strong> de varios corredores, y <strong>5 kil\u00f3metros<\/strong>, tal como figuraba en el reglamento oficial. Tambi\u00e9n hubo una caminata recreativa, lo que permiti\u00f3 la participaci\u00f3n de personas de todas las edades.<\/p>\n\n\n\n<p><strong>En la distancia mayor, el ganador fue Bruno Ignacio Colombo, nacido en Tierra del Fuego pero radicado en Concordia, atleta del Team Deportes Villa Adela.<\/strong><br>Colombo domin\u00f3 la carrera de punta a punta, aunque seguido muy de cerca por el joven y ascendente corredor <strong>Brandon Lindt<\/strong>, de <strong>Federal<\/strong>.<br>El podio se complet\u00f3 con el concordiense <strong>Juan Saboredo<\/strong>, el cuarto lugar fue para <strong>Juan Manuel Tablada<\/strong>, oriundo de Viale y actualmente residente en Crespo, mientras que <strong>Gabriel Gonz\u00e1lez<\/strong>, de Gualeguay, se qued\u00f3 con el quinto puesto.<\/p>\n\n\n\n<p><strong>Entre las damas, la victoria qued\u00f3 en manos de la colonense Soledad Qui\u00f1ones<\/strong>, quien mostr\u00f3 un andar s\u00f3lido durante toda la prueba, sacando una clara ventaja sobre sus perseguidoras.<br>Qui\u00f1ones volvi\u00f3 a demostrar por qu\u00e9 es considerada una de las atletas m\u00e1s destacadas del litoral argentino.<br>En el segundo lugar finaliz\u00f3 <strong>Daniela Penoni<\/strong>, exjugadora de f\u00fatbol de Chajar\u00ed que actualmente atraviesa una gran temporada atl\u00e9tica.<br>El podio lo complet\u00f3 <strong>Johana Falc\u00f3n<\/strong>, de San Salvador.<br>En el cuarto puesto lleg\u00f3 la villaguayense <strong>Miriam Le\u00f3n<\/strong>, mientras que el quinto lugar qued\u00f3 en manos de la joven de este podio <strong>Greta Victoria Rodr\u00edguez<\/strong>, de Villa Adela.<\/p>\n\n\n\n<p><strong>En la distancia corta, los primeros en cruzar la meta fueron Jes\u00fas Franco<\/strong>, atleta de Villaguay, y <strong>Natalia Delorenzzi<\/strong>, representante de Gualeguay.<\/p>\n\n\n\n<p>La carrera volvi\u00f3 a ofrecer un marco atractivo para corredores y p\u00fablico, y una vez finalizada la competici\u00f3n se realiz\u00f3 la entrega de premios, que incluy\u00f3 copas para los ganadores y premios en efectivo para las generales y atletas locales.<br>As\u00ed, Villaguay sum\u00f3 una nueva cita al calendario de pruebas de calle que cada a\u00f1o se desarrollan en Entre R\u00edos.<\/p>\n\n\n\n<p>Clasificaci\u00f3n 9.300 metros \u2013 Damas<\/p>\n\n\n\n<ol class=\"wp-block-list\">\n<li>Soledad Qui\u00f1ones \u2013 Col\u00f3n \u2013 34:51<\/li>\n\n\n\n<li>Daniela Penoni \u2013 Chajar\u00ed \u2013 35:38<\/li>\n\n\n\n<li>Johana Falc\u00f3n \u2013 San Salvador \u2013 36:05<\/li>\n\n\n\n<li>Miriam Le\u00f3n \u2013 Villaguay \u2013 36:46<\/li>\n\n\n\n<li>Greta Victoria Rodr\u00edguez \u2013 Villa Adela \u2013 39:01<\/li>\n<\/ol>\n\n\n\n<p>Clasificaci\u00f3n 9.300 metros \u2013 Caballeros<\/p>\n\n\n\n<ol class=\"wp-block-list\">\n<li>Bruno Ignacio Colombo \u2013 Concordia \u2013 30:04<\/li>\n\n\n\n<li>Brandon Lindt \u2013 Federal \u2013 31:01<\/li>\n\n\n\n<li>Juan Saboredo \u2013 Concordia \u2013 31:25<\/li>\n\n\n\n<li>Juan Manuel Tablada \u2013 Crespo \u2013 32:00<\/li>\n\n\n\n<li>Gabriel Gonz\u00e1lez \u2013 Gualeguay \u2013 32:17<\/li>\n<\/ol>\n\n\n\n<p>Clasificaci\u00f3n 5 km \u2013<\/p>\n\n\n\n<p>Damas<\/p>\n\n\n\n<ol class=\"wp-block-list\">\n<li>Natalia Delorenzzi \u2013 Gualeguay \u2013 24:26<\/li>\n\n\n\n<li>Roc\u00edo Barreto \u2013 Concordia \u2013 25:39<\/li>\n\n\n\n<li>Mar\u00eda Victoria Garay \u2013 26:23<\/li>\n<\/ol>\n\n\n\n<p>Clasificaci\u00f3n 5 km \u2013<\/p>\n\n\n\n<p>Caballeros<\/p>\n\n\n\n<ol class=\"wp-block-list\">\n<li>Jes\u00fas Franco \u2013 Villaguay \u2013 20:17<\/li>\n\n\n\n<li>Alexander Paysse \u2013 Villaguay \u2013 20:38<\/li>\n\n\n\n<li>Miguel Albornoz \u2013 Villaguay \u2013 21:01<\/li>\n<\/ol>\n\n\n\n<blockquote class=\"wp-block-quote is-layout-flow wp-block-quote-is-layout-flow\">\n<pre class=\"wp-block-code\"><code>www.deportesvillaadela.blogspot.com<\/code><\/pre>\n<\/blockquote>\n","protected":false},"excerpt":{"rendered":"<p>Este s\u00e1bado 22 de noviembre se disput\u00f3 una nueva edici\u00f3n de la tradicional prueba atl\u00e9tica&#8230;<\/p>\n","protected":false},"author":2,"featured_media":4594,"comment_status":"open","ping_status":"open","sticky":false,"template":"","format":"standard","meta":{"footnotes":""},"categories":[5],"tags":[],"class_list":["post-4593","post","type-post","status-publish","format-standard","has-post-thumbnail","hentry","category-atletismo"],"featured_image_urls":{"full":["https:\/\/deportodos.com.ar\/2023\/wp-content\/uploads\/2025\/11\/IMG-20251123-WA0004.jpg",825,530,false],"thumbnail":["https:\/\/deportodos.com.ar\/2023\/wp-content\/uploads\/2025\/11\/IMG-20251123-WA0004-150x150.jpg",150,150,true],"medium":["https:\/\/deportodos.com.ar\/2023\/wp-content\/uploads\/2025\/11\/IMG-20251123-WA0004-300x193.jpg",300,193,true],"medium_large":["https:\/\/deportodos.com.ar\/2023\/wp-content\/uploads\/2025\/11\/IMG-20251123-WA0004-768x493.jpg",640,411,true],"large":["https:\/\/deportodos.com.ar\/2023\/wp-content\/uploads\/2025\/11\/IMG-20251123-WA0004.jpg",640,411,false],"1536x1536":["https:\/\/deportodos.com.ar\/2023\/wp-content\/uploads\/2025\/11\/IMG-20251123-WA0004.jpg",825,530,false],"2048x2048":["https:\/\/deportodos.com.ar\/2023\/wp-content\/uploads\/2025\/11\/IMG-20251123-WA0004.jpg",825,530,false],"covernews-featured":["https:\/\/deportodos.com.ar\/2023\/wp-content\/uploads\/2025\/11\/IMG-20251123-WA0004.jpg",825,530,false],"covernews-medium":["https:\/\/deportodos.com.ar\/2023\/wp-content\/uploads\/2025\/11\/IMG-20251123-WA0004-540x340.jpg",540,340,true]},"author_info":{"display_name":"c2530142","author_link":"https:\/\/deportodos.com.ar\/2023\/author\/c2530142\/"},"category_info":"<a href=\"https:\/\/deportodos.com.ar\/2023\/category\/atletismo\/\" rel=\"category tag\">Atletismo<\/a>","tag_info":"Atletismo","comment_count":"0","_links":{"self":[{"href":"https:\/\/deportodos.com.ar\/2023\/wp-json\/wp\/v2\/posts\/4593","targetHints":{"allow":["GET"]}}],"collection":[{"href":"https:\/\/deportodos.com.ar\/2023\/wp-json\/wp\/v2\/posts"}],"about":[{"href":"https:\/\/deportodos.com.ar\/2023\/wp-json\/wp\/v2\/types\/post"}],"author":[{"embeddable":true,"href":"https:\/\/deportodos.com.ar\/2023\/wp-json\/wp\/v2\/users\/2"}],"replies":[{"embeddable":true,"href":"https:\/\/deportodos.com.ar\/2023\/wp-json\/wp\/v2\/comments?post=4593"}],"version-history":[{"count":1,"href":"https:\/\/deportodos.com.ar\/2023\/wp-json\/wp\/v2\/posts\/4593\/revisions"}],"predecessor-version":[{"id":4595,"href":"https:\/\/deportodos.com.ar\/2023\/wp-json\/wp\/v2\/posts\/4593\/revisions\/4595"}],"wp:featuredmedia":[{"embeddable":true,"href":"https:\/\/deportodos.com.ar\/2023\/wp-json\/wp\/v2\/media\/4594"}],"wp:attachment":[{"href":"https:\/\/deportodos.com.ar\/2023\/wp-json\/wp\/v2\/media?parent=4593"}],"wp:term":[{"taxonomy":"category","embeddable":true,"href":"https:\/\/deportodos.com.ar\/2023\/wp-json\/wp\/v2\/categories?post=4593"},{"taxonomy":"post_tag","embeddable":true,"href":"https:\/\/deportodos.com.ar\/2023\/wp-json\/wp\/v2\/tags?post=4593"}],"curies":[{"name":"wp","href":"https:\/\/api.w.org\/{rel}","templated":true}]}}