{"id":4607,"date":"2025-11-26T02:26:56","date_gmt":"2025-11-26T02:26:56","guid":{"rendered":"https:\/\/deportodos.com.ar\/2023\/?p=4607"},"modified":"2025-11-26T02:26:57","modified_gmt":"2025-11-26T02:26:57","slug":"endurocross-entrerriano-3","status":"publish","type":"post","link":"https:\/\/deportodos.com.ar\/2023\/endurocross-entrerriano-3\/","title":{"rendered":"ENDUROCROSS ENTRERRIANO"},"content":{"rendered":"\n<p>EL ESPERADO PREMIO CORONACI\u00d3N SE DISPUT\u00d3 EN VICTORIA CON BUENA JORNADA .-FRANCISCO PONTACUARTO DOMIN\u00d3 EN \u201cEL CERRO\u201d<\/p>\n\n\n\n<p>Y CASIANO BARRIOS DOBLE CAMPE\u00d3N DE LA TEMPORADA \u2026<\/p>\n\n\n\n<p>La 9na. fecha del campeonato y Premio Coronaci\u00f3n se concret\u00f3 este Lunes 24 de Noviembre en el circuito \u00a8El Cerro\u201d de Victoria , con un importante marco de p\u00fablico y&nbsp; m\u00e1s de 70 pilotos presentes, en una c\u00e1lida jornada brillante de sol. Francisco Pontacuarto de Perez Mill\u00e1n fue el dominador en&nbsp; la categor\u00edas principales Senior Open y tambi\u00e9n Expertos \u201cA\u201d, mientras que Mat\u00edas Alzura result\u00f3 el m\u00e1s efectivo en Seniors \u201cB\u201d y Sebastian Gange de 1\u00b0 de Mayo se llevo la Juniors Open, y Gast\u00f3n Gange logr\u00f3 la &nbsp;Expertos 125 cc.. Octavio Falconier de Santa F\u00e9 se llevo la Juniors limitada. Mientras que Juan Pablo Gonzalez de San Lorenzo se qued\u00f3 con las dos mangas en la Master \u201cA\u201d, Ariel Mezzera de San Nicol\u00e1s obtuvo la suma de puntos y triunfo en Master \u00a8B\u201d y el rgualeyo Gerardo Campod\u00f3nico gan\u00f3&nbsp; en Master \u201cC\u201d. En Enduro Calle hasta 300 cc repite&nbsp; triunfo Marcos Bonv\u00edn de Col\u00f3n y&nbsp; en Expertos \u201cC\u201d fue el turno de Diego Blanchoud de Laguna Paiva y en Principiantes el piloto de San Genaro Mario Far\u00edas logr\u00f3 llevarse el primer lugar, ,mientras que Leon Todoni de Paran\u00e1 se adjudic\u00f3 &nbsp;la Categoria Juvenil 85cc. Completaron la actividad los cuatriciclos con escaso parque y triunfo de Agust\u00edn Arrativel de Gualeguay.-<\/p>\n\n\n\n<p>RESULTADOS GENERALES&nbsp;<br>9na. FECHA CERTAMEN ENTRERRIANO DE ENDUROCROSS<\/p>\n\n\n\n<p>EN VICTORIA \u201324 DE NO0VIEMBRE DE 2025 &#8211;<br>Circuito: \u201d EL CERRO \u201d- Organiz\u00f3 : Agrupaci\u00f3n \u201cVictoria MX \u201d y Victoria Auto club.-.<\/p>\n\n\n\n<p>Fiscaliz\u00f3 APEMA-<\/p>\n\n\n\n<p>Auspicio : Cobertura M\u00e9dico Deportiva &#8211;&nbsp; \u201cEl duende de lo dulce y lo salado\u201d Distribuidora mayorista \u2013 Guinsel Moto- Neum\u00e1ticos GP &#8211; Paran\u00e1 Moto&nbsp; &#8211;<\/p>\n\n\n\n<p>CATEGOR\u00cdA SENIORS OPEN. \u201cA\u201d y \u201cB<\/p>\n\n\n\n<p>1\u00b0- Francisco Pontacuarto \u2013Perez Mill\u00e1n- CRF 250<\/p>\n\n\n\n<p>2\u00b0- Casiano Barrios \u2013 Gualeguay- RVM 300<\/p>\n\n\n\n<p>3\u00b0- Juan Pablo Bogue \u2013Gualeguay \u2013KXF 250<\/p>\n\n\n\n<p>4\u00b0- Rub\u00e9n Hauteville \u2013 C. del Uruguay- RMZ 250<\/p>\n\n\n\n<p>5\u00b0- Esteban Adriel \u2013 Gualeguaych\u00fa &#8211;&nbsp; KTM 350<\/p>\n\n\n\n<p>6\u00b0- Mat\u00edas Alzura \u2013Perez Mill\u00e1n \u2013 CRF 450(1\u00b0 B)<\/p>\n\n\n\n<p>7\u00b0- Juan Pablo Gonzalez \u2013San Lorenzo \u2013YZF 450<\/p>\n\n\n\n<p>8\u00b0- Sebasti\u00e1n Gange -1\u00b0 de Mayo \u2013 KTM 250&nbsp;&nbsp; (2\u00b0 B)<\/p>\n\n\n\n<p>9\u00b0- Gast\u00f3n Gange \u2013 1\u00b0 de Mayo \u2013YZ 125.-<\/p>\n\n\n\n<p>10\u00b0- Emanuel Hauteville \u2013C. del Uruguay- CRF 250<\/p>\n\n\n\n<p>11\u00b0- Bruno Muller &#8211; A. San Antonio- Suzuki RMZ 450(3\u00b0 B)<\/p>\n\n\n\n<p>12\u00b0- Exequiel Merlo- San Nicol\u00e1s \u2013 YZF 450<\/p>\n\n\n\n<p>13\u00b0- Sergio Caligaris \u2013Rosario \u2013 YZF 450( 4\u00b0 B)<\/p>\n\n\n\n<p>14\u00b0- Federico Bogue \u2013 Gualeguay\u2013 KTM 350 (5\u00b0 B)<\/p>\n\n\n\n<p>15\u00b0- Manuel Pardillo \u2013Rosario \u2013YZF 250 (6\u00b0 B)<\/p>\n\n\n\n<p>16\u00b0- Ricardo Gomez- Oro Verde \u2013 CRF 450 ( 7\u00b0 B)<\/p>\n\n\n\n<p>EXPERTOS \u201cA\u201d.-<\/p>\n\n\n\n<p>1\u00b0- Francisco Pontacuarto \u2013Perez Mill\u00e1n- CRF 250<\/p>\n\n\n\n<p>2\u00b0- Juan Pablo Bogue \u2013Gualeguay- KXF 250<\/p>\n\n\n\n<p>3\u00b0- Dami\u00e1n Vera \u2013Rosario \u2013KTM 250<\/p>\n\n\n\n<p>4\u00b0- Rub\u00e9n Hauteville- C. del Uruguay- YZF 250<\/p>\n\n\n\n<p>5\u00b0- Octavio Falconier \u2013 Santa F\u00e9 &#8211; &nbsp;<\/p>\n\n\n\n<p>6\u00b0- Emanuel Hauteville \u2013 C. del Uruguay \u2013 CRF 250<\/p>\n\n\n\n<p>7\u00b0- Eros Fuchs \u2013Santa F\u00e9 -KXF 250<\/p>\n\n\n\n<p>CATEGOR\u00cdA JUNIORS OPEN .<\/p>\n\n\n\n<p>1\u00b0- Sebasti\u00e1n Gange-1\u00b0 de Mayo \u2013KTM 250<\/p>\n\n\n\n<p>2\u00b0- Dami\u00e1n Vera- Rosario \u2013 KTM 250<\/p>\n\n\n\n<p>3\u00b0- Nicol\u00e1s Stelli \u2013 Baradero \u2013 KTM 350<\/p>\n\n\n\n<p>4\u00b0- Facundo Castro \u2013 Villa Ramallo- Gas Gas 250<\/p>\n\n\n\n<p>5\u00b0- Jos\u00e9 Carrizo- San Nicol\u00e1s \u2013 KTM 350<\/p>\n\n\n\n<p>6\u00b0- Isidro Aladio \u2013 Nogoya \u2013 CRF 250<\/p>\n\n\n\n<p>7\u00b0- Lucas Devesa \u2013 Campana \u2013 KXF 250<\/p>\n\n\n\n<p>8\u00b0- Benjam\u00edn Campod\u00f3nico- Gualeguay-CRF 450<\/p>\n\n\n\n<p>9\u00b0- Lucas Vera- Rosario \u2013 YZF 250<\/p>\n\n\n\n<p>10\u00b0- Sebasti\u00e1n&nbsp; S\u00e1nchez -Gualeguay- KXF 250<\/p>\n\n\n\n<p>11\u00b0- Manuel Pardillo \u2013 Rosario \u2013 YZF 250<\/p>\n\n\n\n<p>CAT. EXPERTOS 125 cc<\/p>\n\n\n\n<p>1\u00b0- Gast\u00f3n Gange \u2013 1\u00b0 de Mayo \u2013 YZ 125<\/p>\n\n\n\n<p>2\u00b0- Diego Protto \u2013 Villaguay \u2013 YZ 125<\/p>\n\n\n\n<p>3\u00b0- Casiano Barrios \u2013 Gualeguay- YZ 125<\/p>\n\n\n\n<p>CATEGOR\u00cdA JUNIORS LIMITADA<br>1\u00b0- Octavio Falconier \u2013 Santa F\u00e9 \u2013 KXF 250<\/p>\n\n\n\n<p>2\u00b0- Juan Pablo<\/p>\n","protected":false},"excerpt":{"rendered":"<p>EL ESPERADO PREMIO CORONACI\u00d3N SE DISPUT\u00d3 EN VICTORIA CON BUENA JORNADA .-FRANCISCO PONTACUARTO DOMIN\u00d3 EN&#8230;<\/p>\n","protected":false},"author":2,"featured_media":4608,"comment_status":"open","ping_status":"open","sticky":false,"template":"","format":"standard","meta":{"footnotes":""},"categories":[20],"tags":[],"class_list":["post-4607","post","type-post","status-publish","format-standard","has-post-thumbnail","hentry","category-enduro"],"featured_image_urls":{"full":["https:\/\/deportodos.com.ar\/2023\/wp-content\/uploads\/2025\/11\/IMG-20251125-WA0082.jpg",1280,853,false],"thumbnail":["https:\/\/deportodos.com.ar\/2023\/wp-content\/uploads\/2025\/11\/IMG-20251125-WA0082-150x150.jpg",150,150,true],"medium":["https:\/\/deportodos.com.ar\/2023\/wp-content\/uploads\/2025\/11\/IMG-20251125-WA0082-300x200.jpg",300,200,true],"medium_large":["https:\/\/deportodos.com.ar\/2023\/wp-content\/uploads\/2025\/11\/IMG-20251125-WA0082-768x512.jpg",640,427,true],"large":["https:\/\/deportodos.com.ar\/2023\/wp-content\/uploads\/2025\/11\/IMG-20251125-WA0082-1024x682.jpg",640,426,true],"1536x1536":["https:\/\/deportodos.com.ar\/2023\/wp-content\/uploads\/2025\/11\/IMG-20251125-WA0082.jpg",1280,853,false],"2048x2048":["https:\/\/deportodos.com.ar\/2023\/wp-content\/uploads\/2025\/11\/IMG-20251125-WA0082.jpg",1280,853,false],"covernews-featured":["https:\/\/deportodos.com.ar\/2023\/wp-content\/uploads\/2025\/11\/IMG-20251125-WA0082-1024x682.jpg",1024,682,true],"covernews-medium":["https:\/\/deportodos.com.ar\/2023\/wp-content\/uploads\/2025\/11\/IMG-20251125-WA0082-540x340.jpg",540,340,true]},"author_info":{"display_name":"c2530142","author_link":"https:\/\/deportodos.com.ar\/2023\/author\/c2530142\/"},"category_info":"<a href=\"https:\/\/deportodos.com.ar\/2023\/category\/enduro\/\" rel=\"category tag\">Enduro<\/a>","tag_info":"Enduro","comment_count":"0","_links":{"self":[{"href":"https:\/\/deportodos.com.ar\/2023\/wp-json\/wp\/v2\/posts\/4607","targetHints":{"allow":["GET"]}}],"collection":[{"href":"https:\/\/deportodos.com.ar\/2023\/wp-json\/wp\/v2\/posts"}],"about":[{"href":"https:\/\/deportodos.com.ar\/2023\/wp-json\/wp\/v2\/types\/post"}],"author":[{"embeddable":true,"href":"https:\/\/deportodos.com.ar\/2023\/wp-json\/wp\/v2\/users\/2"}],"replies":[{"embeddable":true,"href":"https:\/\/deportodos.com.ar\/2023\/wp-json\/wp\/v2\/comments?post=4607"}],"version-history":[{"count":1,"href":"https:\/\/deportodos.com.ar\/2023\/wp-json\/wp\/v2\/posts\/4607\/revisions"}],"predecessor-version":[{"id":4609,"href":"https:\/\/deportodos.com.ar\/2023\/wp-json\/wp\/v2\/posts\/4607\/revisions\/4609"}],"wp:featuredmedia":[{"embeddable":true,"href":"https:\/\/deportodos.com.ar\/2023\/wp-json\/wp\/v2\/media\/4608"}],"wp:attachment":[{"href":"https:\/\/deportodos.com.ar\/2023\/wp-json\/wp\/v2\/media?parent=4607"}],"wp:term":[{"taxonomy":"category","embeddable":true,"href":"https:\/\/deportodos.com.ar\/2023\/wp-json\/wp\/v2\/categories?post=4607"},{"taxonomy":"post_tag","embeddable":true,"href":"https:\/\/deportodos.com.ar\/2023\/wp-json\/wp\/v2\/tags?post=4607"}],"curies":[{"name":"wp","href":"https:\/\/api.w.org\/{rel}","templated":true}]}}