{"id":4610,"date":"2025-11-26T19:11:24","date_gmt":"2025-11-26T19:11:24","guid":{"rendered":"https:\/\/deportodos.com.ar\/2023\/?p=4610"},"modified":"2025-11-26T19:11:25","modified_gmt":"2025-11-26T19:11:25","slug":"este-domingo-se-corre-el-triatlon-jeep-en-concordia","status":"publish","type":"post","link":"https:\/\/deportodos.com.ar\/2023\/este-domingo-se-corre-el-triatlon-jeep-en-concordia\/","title":{"rendered":"ESTE DOMINGO SE CORRE EL TRIATLON JEEP EN CONCORDIA"},"content":{"rendered":"\n<p>Este domingo desde las 8.45 hs. se llevar\u00e1 a cabo en la zona del lago Salto Grande la segunda fecha del \u201cCircuito Binacional de Triatlon Jeep\u201d que tendr\u00e1 su epicentro en playa Punta Bonita, en el predio de Puerto Luis.<\/p>\n\n\n\n<p>Luego de un gran comienzo en Col\u00f3n, el triatlon Jeep llega a Concordia y esta vez con un epicentro renovado, recordando que esta fecha ser\u00e1 de distancia estandar (1500-40-10) y sprint (750-20-5).<\/p>\n\n\n\n<p>La nataci\u00f3n se realizar\u00e1 sobre un circuito boyado de 750 metros con largada y llegada en Playa Punta Bonita, con una vuelta para sprint y dos vueltas para estandar.<\/p>\n\n\n\n<p>El ciclismo partir\u00e1 desde Puerto Luis y tendr\u00e1 su punto de retome en la Escuela Agrot\u00e9cnica, desde all\u00ed se regresa y se cumplen las vueltas en el Hotel Ayui, ser\u00e1n dos vueltas para sprint y cuatro para estandar.<\/p>\n\n\n\n<p>Y finalmente el pedestrismo tendr\u00e1 un recorrido de 2500 metros de ida y 2500 de vuelta para la distancia sprint, desde Puerto Luis hasta cercan\u00edas de la locomotora, mientras que los 10 km de la distancia estandar tendr\u00e1n su punto de retome pasando Playa Las Palmeras.<\/p>\n\n\n\n<p>Recordemos que en la primera fecha disputada en Col\u00f3n se impusieron el uruguayo Nahuel Soares de Lima y la victoriense Maria Victoria Rivero, destacando la labor del concordiense Federico Alvarez que fue el mejor ubicado de nuestra ciudad entre los age group escoltando al ganador, mientras que en damas Ana Maria Brunini fue la mejor con su tercer puesto.<\/p>\n\n\n\n<p>PRENSA A.C.P.C.<\/p>\n","protected":false},"excerpt":{"rendered":"<p>Este domingo desde las 8.45 hs. se llevar\u00e1 a cabo en la zona del lago&#8230;<\/p>\n","protected":false},"author":2,"featured_media":4611,"comment_status":"open","ping_status":"open","sticky":false,"template":"","format":"standard","meta":{"footnotes":""},"categories":[33],"tags":[],"class_list":["post-4610","post","type-post","status-publish","format-standard","has-post-thumbnail","hentry","category-triatlon"],"featured_image_urls":{"full":["https:\/\/deportodos.com.ar\/2023\/wp-content\/uploads\/2025\/11\/CICLISMO.jpg",2048,1365,false],"thumbnail":["https:\/\/deportodos.com.ar\/2023\/wp-content\/uploads\/2025\/11\/CICLISMO-150x150.jpg",150,150,true],"medium":["https:\/\/deportodos.com.ar\/2023\/wp-content\/uploads\/2025\/11\/CICLISMO-300x200.jpg",300,200,true],"medium_large":["https:\/\/deportodos.com.ar\/2023\/wp-content\/uploads\/2025\/11\/CICLISMO-768x512.jpg",640,427,true],"large":["https:\/\/deportodos.com.ar\/2023\/wp-content\/uploads\/2025\/11\/CICLISMO-1024x683.jpg",640,427,true],"1536x1536":["https:\/\/deportodos.com.ar\/2023\/wp-content\/uploads\/2025\/11\/CICLISMO-1536x1024.jpg",1536,1024,true],"2048x2048":["https:\/\/deportodos.com.ar\/2023\/wp-content\/uploads\/2025\/11\/CICLISMO.jpg",2048,1365,false],"covernews-featured":["https:\/\/deportodos.com.ar\/2023\/wp-content\/uploads\/2025\/11\/CICLISMO-1024x683.jpg",1024,683,true],"covernews-medium":["https:\/\/deportodos.com.ar\/2023\/wp-content\/uploads\/2025\/11\/CICLISMO-540x340.jpg",540,340,true]},"author_info":{"display_name":"c2530142","author_link":"https:\/\/deportodos.com.ar\/2023\/author\/c2530142\/"},"category_info":"<a href=\"https:\/\/deportodos.com.ar\/2023\/category\/triatlon\/\" rel=\"category tag\">Triatlon<\/a>","tag_info":"Triatlon","comment_count":"0","_links":{"self":[{"href":"https:\/\/deportodos.com.ar\/2023\/wp-json\/wp\/v2\/posts\/4610","targetHints":{"allow":["GET"]}}],"collection":[{"href":"https:\/\/deportodos.com.ar\/2023\/wp-json\/wp\/v2\/posts"}],"about":[{"href":"https:\/\/deportodos.com.ar\/2023\/wp-json\/wp\/v2\/types\/post"}],"author":[{"embeddable":true,"href":"https:\/\/deportodos.com.ar\/2023\/wp-json\/wp\/v2\/users\/2"}],"replies":[{"embeddable":true,"href":"https:\/\/deportodos.com.ar\/2023\/wp-json\/wp\/v2\/comments?post=4610"}],"version-history":[{"count":1,"href":"https:\/\/deportodos.com.ar\/2023\/wp-json\/wp\/v2\/posts\/4610\/revisions"}],"predecessor-version":[{"id":4612,"href":"https:\/\/deportodos.com.ar\/2023\/wp-json\/wp\/v2\/posts\/4610\/revisions\/4612"}],"wp:featuredmedia":[{"embeddable":true,"href":"https:\/\/deportodos.com.ar\/2023\/wp-json\/wp\/v2\/media\/4611"}],"wp:attachment":[{"href":"https:\/\/deportodos.com.ar\/2023\/wp-json\/wp\/v2\/media?parent=4610"}],"wp:term":[{"taxonomy":"category","embeddable":true,"href":"https:\/\/deportodos.com.ar\/2023\/wp-json\/wp\/v2\/categories?post=4610"},{"taxonomy":"post_tag","embeddable":true,"href":"https:\/\/deportodos.com.ar\/2023\/wp-json\/wp\/v2\/tags?post=4610"}],"curies":[{"name":"wp","href":"https:\/\/api.w.org\/{rel}","templated":true}]}}