{"id":4617,"date":"2025-11-26T21:13:04","date_gmt":"2025-11-26T21:13:04","guid":{"rendered":"https:\/\/deportodos.com.ar\/2023\/?p=4617"},"modified":"2025-11-26T21:13:05","modified_gmt":"2025-11-26T21:13:05","slug":"este-domingo-llega-el-desafio-km-248-jueves-de-presentacion","status":"publish","type":"post","link":"https:\/\/deportodos.com.ar\/2023\/este-domingo-llega-el-desafio-km-248-jueves-de-presentacion\/","title":{"rendered":"ESTE DOMINGO LLEGA EL DESAF\u00cdO KM 248, JUEVES DE PRESENTACI\u00d3N"},"content":{"rendered":"\n<p>Este domingo llega la 8\u00b0 edici\u00f3n del Desaf\u00edo KM 248 que tendr\u00e1 como prueba las distancias de 38 y 72 kil\u00f3metros y se lo podr\u00e1 realizar de manera individual o en parejas. Con horario de partida a las 9 de la ma\u00f1ana desde el Parador Tur\u00edstico del kil\u00f3metro 248 de la Autov\u00eda 14 en Concordia se espera por una gran convocatoria para los pedalistas que se animar\u00e1n a la aventura.<\/p>\n\n\n\n<p>Desde la Asociaci\u00f3n Concordiense Amigos del MTB indicaron que las \u00faltimas inscripciones se tomar\u00e1n hasta este jueves 27 de noviembre a las 23.59. Con m\u00e1s de 300 bikers confirmados las inscripciones se pueden realizar a trav\u00e9s del&nbsp;<a href=\"http:\/\/www.encarrera.com.ar\/248\" rel=\"noreferrer noopener\" target=\"_blank\">www.encarrera.com.ar\/248<\/a>&nbsp;Justamente, la inscripci\u00f3n incluye: seguro, almuerzo, hidrataci\u00f3n, mesas de frutas y participaci\u00f3n de los sorteos de los sponsors.<\/p>\n\n\n\n<p>Por otra parte, este mismo jueves 27 a partir de las 20.30 horas se realizar\u00e1 el lanzamiento de la carrera en El Ciervo Restaurante de calle 1\u00b0 de Mayo 59, donde se dar\u00e1n a conocer todas las novedades de la prueba del domingo. A su vez, la entrega de los kits de carrera para los participantes locales se producir\u00e1 el viernes de 19 a 21 horas en Yala Distribuciones de calle San Juan 373, en tanto que los competidores que lleguen de otras localidades recibir\u00e1n su kit en el mismo Complejo Tur\u00edstico del KM 248 en el horario de 7.30 a 8.30 horas.<\/p>\n\n\n\n<p>Cabe destacar que la prueba ser\u00e1 de modalidad Rally, donde predomina los caminos rurales que se complementan con senderos, subidas y bajadas propias del lugar.<\/p>\n\n\n\n<p>Para esta oportunidad, la premiaci\u00f3n ser\u00e1 la siguiente: trofeos del 1\u00b0 al 5\u00b0 en cada categor\u00eda; copas a los ganadores de la general de Individuales Caballeros y Damas 72 km y 36 km; copas a los ganadores de la general Parejas en 72 km y 36 km; medallas finish para todo el que culmine la competencia.<\/p>\n\n\n\n<p>&nbsp;<strong>Prensa Amigos del MTB<\/strong><\/p>\n","protected":false},"excerpt":{"rendered":"<p>Este domingo llega la 8\u00b0 edici\u00f3n del Desaf\u00edo KM 248 que tendr\u00e1 como prueba las&#8230;<\/p>\n","protected":false},"author":2,"featured_media":4618,"comment_status":"open","ping_status":"open","sticky":false,"template":"","format":"standard","meta":{"footnotes":""},"categories":[37],"tags":[],"class_list":["post-4617","post","type-post","status-publish","format-standard","has-post-thumbnail","hentry","category-mountain-bike"],"featured_image_urls":{"full":["https:\/\/deportodos.com.ar\/2023\/wp-content\/uploads\/2025\/11\/MTB-2.jpg",2109,1343,false],"thumbnail":["https:\/\/deportodos.com.ar\/2023\/wp-content\/uploads\/2025\/11\/MTB-2-150x150.jpg",150,150,true],"medium":["https:\/\/deportodos.com.ar\/2023\/wp-content\/uploads\/2025\/11\/MTB-2-300x191.jpg",300,191,true],"medium_large":["https:\/\/deportodos.com.ar\/2023\/wp-content\/uploads\/2025\/11\/MTB-2-768x489.jpg",640,408,true],"large":["https:\/\/deportodos.com.ar\/2023\/wp-content\/uploads\/2025\/11\/MTB-2-1024x652.jpg",640,408,true],"1536x1536":["https:\/\/deportodos.com.ar\/2023\/wp-content\/uploads\/2025\/11\/MTB-2-1536x978.jpg",1536,978,true],"2048x2048":["https:\/\/deportodos.com.ar\/2023\/wp-content\/uploads\/2025\/11\/MTB-2-2048x1304.jpg",2048,1304,true],"covernews-featured":["https:\/\/deportodos.com.ar\/2023\/wp-content\/uploads\/2025\/11\/MTB-2-1024x652.jpg",1024,652,true],"covernews-medium":["https:\/\/deportodos.com.ar\/2023\/wp-content\/uploads\/2025\/11\/MTB-2-540x340.jpg",540,340,true]},"author_info":{"display_name":"c2530142","author_link":"https:\/\/deportodos.com.ar\/2023\/author\/c2530142\/"},"category_info":"<a href=\"https:\/\/deportodos.com.ar\/2023\/category\/mountain-bike\/\" rel=\"category tag\">Mountain Bike<\/a>","tag_info":"Mountain Bike","comment_count":"0","_links":{"self":[{"href":"https:\/\/deportodos.com.ar\/2023\/wp-json\/wp\/v2\/posts\/4617","targetHints":{"allow":["GET"]}}],"collection":[{"href":"https:\/\/deportodos.com.ar\/2023\/wp-json\/wp\/v2\/posts"}],"about":[{"href":"https:\/\/deportodos.com.ar\/2023\/wp-json\/wp\/v2\/types\/post"}],"author":[{"embeddable":true,"href":"https:\/\/deportodos.com.ar\/2023\/wp-json\/wp\/v2\/users\/2"}],"replies":[{"embeddable":true,"href":"https:\/\/deportodos.com.ar\/2023\/wp-json\/wp\/v2\/comments?post=4617"}],"version-history":[{"count":1,"href":"https:\/\/deportodos.com.ar\/2023\/wp-json\/wp\/v2\/posts\/4617\/revisions"}],"predecessor-version":[{"id":4619,"href":"https:\/\/deportodos.com.ar\/2023\/wp-json\/wp\/v2\/posts\/4617\/revisions\/4619"}],"wp:featuredmedia":[{"embeddable":true,"href":"https:\/\/deportodos.com.ar\/2023\/wp-json\/wp\/v2\/media\/4618"}],"wp:attachment":[{"href":"https:\/\/deportodos.com.ar\/2023\/wp-json\/wp\/v2\/media?parent=4617"}],"wp:term":[{"taxonomy":"category","embeddable":true,"href":"https:\/\/deportodos.com.ar\/2023\/wp-json\/wp\/v2\/categories?post=4617"},{"taxonomy":"post_tag","embeddable":true,"href":"https:\/\/deportodos.com.ar\/2023\/wp-json\/wp\/v2\/tags?post=4617"}],"curies":[{"name":"wp","href":"https:\/\/api.w.org\/{rel}","templated":true}]}}