{"id":4626,"date":"2025-11-30T22:33:36","date_gmt":"2025-11-30T22:33:36","guid":{"rendered":"https:\/\/deportodos.com.ar\/2023\/?p=4626"},"modified":"2025-11-30T22:33:38","modified_gmt":"2025-11-30T22:33:38","slug":"central-festejo-en-casa-ante-lanus","status":"publish","type":"post","link":"https:\/\/deportodos.com.ar\/2023\/central-festejo-en-casa-ante-lanus\/","title":{"rendered":"CENTRAL FESTEJ\u00d3 EN CASA ANTE LAN\u00daS"},"content":{"rendered":"\n<p><strong>El Rojinegro venci\u00f3 85-75 a Lan\u00fas en el Jos\u00e9 Mar\u00eda B\u00e9rtora, por la s\u00e9ptima fecha de La Liga Argentina. El local suma su cuarta victoria (4-3) en lo que va de la temporada, mientras que la visita termina su gira entrerriana con dos derrotas y un triunfo (4-4).<\/strong><\/p>\n\n\n\n<p>El Granate culmin\u00f3 su gira por la provincia de Entre R\u00edos con una derrota en la ciudad de Gualeguaych\u00fa. Los dirigidos por Manuel Anglese estuvieron cerca del triunfo con una ofensiva s\u00f3lida, pero la p\u00e9rdida del balon en defensa en el primer tiempo les gener\u00f3 un problema del cual no lograron recuperarse. Sin embargo, Henry Michael, la figura del equipo con 17 de valoraci\u00f3n y 18 puntos, logr\u00f3 romper varias veces la defensa del local.<\/p>\n\n\n\n<p>Por su parte, Central aprovech\u00f3 esos errores de la visita para sacar ventaja en cada momento, lo cual le result\u00f3 efectivo a la hora de anotar. Sus piezas claves fueron su capit\u00e1n, Mario Ghersetti, como MVP con 21 de valoraci\u00f3n, y el base Cristian P\u00e9rez, como goleador del equipo con 17 puntos.<\/p>\n\n\n\n<p>El Rojinegro logr\u00f3 dominar el juego desde el primer tiempo, estando siempre arriba en el marcador. El tercer cuarto se lo llev\u00f3 Lan\u00fas, anotando 23 puntos, aunque esto no fue suficiente para frenar al plantel de Mart\u00edn Pascal, que continu\u00f3 rindiendo de manera efectiva en ofensiva.<\/p>\n\n\n\n<p>Lan\u00fas emprende el regreso a casa y el pr\u00f3ximo jueves 4 de diciembre recibir\u00e1 a Deportivo Viedma. El conjunto entrerriano descansar\u00e1 y el martes 2 del mismo mes saldr\u00e1 a la ruta con destino a la Capital del pa\u00eds, donde lo estar\u00e1 esperando El Talar en su cancha.<\/p>\n\n\n\n<p><strong>Informe y fotos:<\/strong>&nbsp;Prensa Central Entrerriano&nbsp;<\/p>\n","protected":false},"excerpt":{"rendered":"<p>El Rojinegro venci\u00f3 85-75 a Lan\u00fas en el Jos\u00e9 Mar\u00eda B\u00e9rtora, por la s\u00e9ptima fecha&#8230;<\/p>\n","protected":false},"author":2,"featured_media":4627,"comment_status":"open","ping_status":"open","sticky":false,"template":"","format":"standard","meta":{"footnotes":""},"categories":[9],"tags":[],"class_list":["post-4626","post","type-post","status-publish","format-standard","has-post-thumbnail","hentry","category-basquet"],"featured_image_urls":{"full":["https:\/\/deportodos.com.ar\/2023\/wp-content\/uploads\/2025\/11\/foto-67069.jpg",800,447,false],"thumbnail":["https:\/\/deportodos.com.ar\/2023\/wp-content\/uploads\/2025\/11\/foto-67069-150x150.jpg",150,150,true],"medium":["https:\/\/deportodos.com.ar\/2023\/wp-content\/uploads\/2025\/11\/foto-67069-300x168.jpg",300,168,true],"medium_large":["https:\/\/deportodos.com.ar\/2023\/wp-content\/uploads\/2025\/11\/foto-67069-768x429.jpg",640,358,true],"large":["https:\/\/deportodos.com.ar\/2023\/wp-content\/uploads\/2025\/11\/foto-67069.jpg",640,358,false],"1536x1536":["https:\/\/deportodos.com.ar\/2023\/wp-content\/uploads\/2025\/11\/foto-67069.jpg",800,447,false],"2048x2048":["https:\/\/deportodos.com.ar\/2023\/wp-content\/uploads\/2025\/11\/foto-67069.jpg",800,447,false],"covernews-featured":["https:\/\/deportodos.com.ar\/2023\/wp-content\/uploads\/2025\/11\/foto-67069.jpg",800,447,false],"covernews-medium":["https:\/\/deportodos.com.ar\/2023\/wp-content\/uploads\/2025\/11\/foto-67069-540x340.jpg",540,340,true]},"author_info":{"display_name":"c2530142","author_link":"https:\/\/deportodos.com.ar\/2023\/author\/c2530142\/"},"category_info":"<a href=\"https:\/\/deportodos.com.ar\/2023\/category\/basquet\/\" rel=\"category tag\">Basquet<\/a>","tag_info":"Basquet","comment_count":"0","_links":{"self":[{"href":"https:\/\/deportodos.com.ar\/2023\/wp-json\/wp\/v2\/posts\/4626","targetHints":{"allow":["GET"]}}],"collection":[{"href":"https:\/\/deportodos.com.ar\/2023\/wp-json\/wp\/v2\/posts"}],"about":[{"href":"https:\/\/deportodos.com.ar\/2023\/wp-json\/wp\/v2\/types\/post"}],"author":[{"embeddable":true,"href":"https:\/\/deportodos.com.ar\/2023\/wp-json\/wp\/v2\/users\/2"}],"replies":[{"embeddable":true,"href":"https:\/\/deportodos.com.ar\/2023\/wp-json\/wp\/v2\/comments?post=4626"}],"version-history":[{"count":1,"href":"https:\/\/deportodos.com.ar\/2023\/wp-json\/wp\/v2\/posts\/4626\/revisions"}],"predecessor-version":[{"id":4628,"href":"https:\/\/deportodos.com.ar\/2023\/wp-json\/wp\/v2\/posts\/4626\/revisions\/4628"}],"wp:featuredmedia":[{"embeddable":true,"href":"https:\/\/deportodos.com.ar\/2023\/wp-json\/wp\/v2\/media\/4627"}],"wp:attachment":[{"href":"https:\/\/deportodos.com.ar\/2023\/wp-json\/wp\/v2\/media?parent=4626"}],"wp:term":[{"taxonomy":"category","embeddable":true,"href":"https:\/\/deportodos.com.ar\/2023\/wp-json\/wp\/v2\/categories?post=4626"},{"taxonomy":"post_tag","embeddable":true,"href":"https:\/\/deportodos.com.ar\/2023\/wp-json\/wp\/v2\/tags?post=4626"}],"curies":[{"name":"wp","href":"https:\/\/api.w.org\/{rel}","templated":true}]}}