{"id":4629,"date":"2025-11-30T23:56:07","date_gmt":"2025-11-30T23:56:07","guid":{"rendered":"https:\/\/deportodos.com.ar\/2023\/?p=4629"},"modified":"2025-11-30T23:56:09","modified_gmt":"2025-11-30T23:56:09","slug":"el-desafio-km-248-fue-toda-exigencia","status":"publish","type":"post","link":"https:\/\/deportodos.com.ar\/2023\/el-desafio-km-248-fue-toda-exigencia\/","title":{"rendered":"EL DESAF\u00cdO KM 248 FUE TODA EXIGENCIA"},"content":{"rendered":"\n<p>Pese a las malas condiciones meteorol\u00f3gicas y con un gran grupo de competidores, se corri\u00f3 este domingo la 8\u00b0 edici\u00f3n del Desaf\u00edo KM 248 que tuvo como prueba las distancias de 38 y 72 kil\u00f3metros.<br>Con la lluvia como protagonista, los competidores le dieron vida a una nueva edici\u00f3n de la prueba m\u00e1s convocante y relevante del mountain bike en la regi\u00f3n. El Parador Tur\u00edstico del Kil\u00f3metro 248 de la Autov\u00eda 14 fue el epicentro de la carrera que tuvo un desgaste absoluto para los corredores a ra\u00edz de las condiciones del terreno.<br>En la distancia de los 72 kil\u00f3metros el triunfo en varones de la general fue para Mat\u00edas Cabrera de Concordia, mientras que en mujeres, la local Noelia Ponce se subi\u00f3 a lo m\u00e1s alto del podio.<br>En cuanto a la distancia reservada para los 38 kil\u00f3metros el triunfo en varones fue para Ulises Balboa de Concordia, en tanto que en damas la victoria qued\u00f3 en manos de Andrea Favre de San Jos\u00e9.<br>La prueba, organizada por la Asociaci\u00f3n Concordiense Amigos del MTB, fue de modalidad Rally, donde predominaron los caminos rurales que se complementaron con senderos, subidas y bajadas propias del lugar.<br>La destreza de los bikers fue absoluta ya que enfrentaron una carrera por dem\u00e1s exigente. Este fue el cierre de a\u00f1o para el MTB m\u00e1s importante de la regi\u00f3n y pese al clima, competidores de toda la regi\u00f3n y provincias vecinas se dieron cita. Desde los Amigos del MTB se quiere hacer llegar el agradecimiento a todos quienes hacen posible que este Desaf\u00edo 248 siga creciendo, desde las autoridades del Parador del Kil\u00f3metro 248, pasando por cada uno de los competidores, colaboradores y sponsor del torneo, que en 2026 volver\u00e1 m\u00e1s fuerte que nunca.<\/p>\n\n\n\n<p>RESULTADOS<\/p>\n\n\n\n<p>En 72 Km Damas<br>1\u00b0) Noelia Ponce (Concordia) con 3 horas 00\u201911\u201d<br>2\u00b0) Natalia Pascutti (Concordia) con 3 horas 04\u201918\u201d<br>3\u00b0) Mercedes Almeyra (C. del Uruguay) con 3 horas 07\u201910\u201d<br>4\u00b0) Alicia Avancini (Paso de los Libres) con 3 horas 59\u201931\u201d<\/p>\n\n\n\n<p>En 72 Km Varones<br>1\u00b0) Mat\u00edas Cabrera (Concordia) con 2 horas 24\u201953\u201d<br>2\u00b0) Paolo Gugliotti (C. del Uruguay) con 2 horas 25\u201949\u201d<br>3\u00b0) Diego Salto (Monte Caseros) con 2 horas 29\u201957\u201d<br>4\u00b0) Daniel Barduil (Goya) con 2 horas 31\u201906\u201d<br>5\u00b0) Juan Gregorio Su\u00e1rez (Concordia) con 2 horas 31\u201907\u201d<\/p>\n\n\n\n<p>En 38 Km Damas<br>1\u00b0) Andrea Favre (San Jos\u00e9) con 1 hora 44\u201924\u201d<br>2\u00b0) Rosana Dalmazzo (Villa del Rosario) con 1 hora 59\u201932\u201d<br>3\u00b0) Roxana Mi\u00f1o (Concordia) con 2 horas 00\u201935\u201d<br>4\u00b0) Mar\u00eda Jos\u00e9 Villanueva (Concordia) con 2 horas 04\u201908\u201d<br>5\u00b0) Susana Bertoldo (Chajar\u00ed) con 2 horas 04\u201933\u201d<\/p>\n\n\n\n<p>En 38 Km Varones<br>1\u00b0) Ulises Balboa (Concordia) con 1 hora 34\u201931\u201d<br>2\u00b0) Jos\u00e9 Mar\u00edas Godoy (Estaci\u00f3n Lazo) con 1 hora 34\u201937\u201d<br>3\u00b0) Joaqu\u00edn Weinmeister (General Galarza) con 1 hora 35\u201904\u201d<br>4\u00b0) Julio C\u00e9sar Osuna (Chajar\u00ed) con 1 hora 35\u201907\u201d<br>5\u00b0) Ignacio Tisocco (Concordia) con 1 hora 36\u201947\u201d<\/p>\n\n\n\n<p>Para ver resultados completos:<\/p>\n\n\n\n<p><a href=\"https:\/\/www.cronomet.com.ar\/?cronomet=resultados\">https:\/\/www.cronomet.com.ar\/?cronomet=resultados<\/a><\/p>\n","protected":false},"excerpt":{"rendered":"<p>Pese a las malas condiciones meteorol\u00f3gicas y con un gran grupo de competidores, se corri\u00f3&#8230;<\/p>\n","protected":false},"author":2,"featured_media":4630,"comment_status":"open","ping_status":"open","sticky":false,"template":"","format":"standard","meta":{"footnotes":""},"categories":[37],"tags":[],"class_list":["post-4629","post","type-post","status-publish","format-standard","has-post-thumbnail","hentry","category-mountain-bike"],"featured_image_urls":{"full":["https:\/\/deportodos.com.ar\/2023\/wp-content\/uploads\/2025\/11\/IMG-20251130-WA0047.jpg",1600,900,false],"thumbnail":["https:\/\/deportodos.com.ar\/2023\/wp-content\/uploads\/2025\/11\/IMG-20251130-WA0047-150x150.jpg",150,150,true],"medium":["https:\/\/deportodos.com.ar\/2023\/wp-content\/uploads\/2025\/11\/IMG-20251130-WA0047-300x169.jpg",300,169,true],"medium_large":["https:\/\/deportodos.com.ar\/2023\/wp-content\/uploads\/2025\/11\/IMG-20251130-WA0047-768x432.jpg",640,360,true],"large":["https:\/\/deportodos.com.ar\/2023\/wp-content\/uploads\/2025\/11\/IMG-20251130-WA0047-1024x576.jpg",640,360,true],"1536x1536":["https:\/\/deportodos.com.ar\/2023\/wp-content\/uploads\/2025\/11\/IMG-20251130-WA0047-1536x864.jpg",1536,864,true],"2048x2048":["https:\/\/deportodos.com.ar\/2023\/wp-content\/uploads\/2025\/11\/IMG-20251130-WA0047.jpg",1600,900,false],"covernews-featured":["https:\/\/deportodos.com.ar\/2023\/wp-content\/uploads\/2025\/11\/IMG-20251130-WA0047-1024x576.jpg",1024,576,true],"covernews-medium":["https:\/\/deportodos.com.ar\/2023\/wp-content\/uploads\/2025\/11\/IMG-20251130-WA0047-540x340.jpg",540,340,true]},"author_info":{"display_name":"c2530142","author_link":"https:\/\/deportodos.com.ar\/2023\/author\/c2530142\/"},"category_info":"<a href=\"https:\/\/deportodos.com.ar\/2023\/category\/mountain-bike\/\" rel=\"category tag\">Mountain Bike<\/a>","tag_info":"Mountain Bike","comment_count":"0","_links":{"self":[{"href":"https:\/\/deportodos.com.ar\/2023\/wp-json\/wp\/v2\/posts\/4629","targetHints":{"allow":["GET"]}}],"collection":[{"href":"https:\/\/deportodos.com.ar\/2023\/wp-json\/wp\/v2\/posts"}],"about":[{"href":"https:\/\/deportodos.com.ar\/2023\/wp-json\/wp\/v2\/types\/post"}],"author":[{"embeddable":true,"href":"https:\/\/deportodos.com.ar\/2023\/wp-json\/wp\/v2\/users\/2"}],"replies":[{"embeddable":true,"href":"https:\/\/deportodos.com.ar\/2023\/wp-json\/wp\/v2\/comments?post=4629"}],"version-history":[{"count":1,"href":"https:\/\/deportodos.com.ar\/2023\/wp-json\/wp\/v2\/posts\/4629\/revisions"}],"predecessor-version":[{"id":4631,"href":"https:\/\/deportodos.com.ar\/2023\/wp-json\/wp\/v2\/posts\/4629\/revisions\/4631"}],"wp:featuredmedia":[{"embeddable":true,"href":"https:\/\/deportodos.com.ar\/2023\/wp-json\/wp\/v2\/media\/4630"}],"wp:attachment":[{"href":"https:\/\/deportodos.com.ar\/2023\/wp-json\/wp\/v2\/media?parent=4629"}],"wp:term":[{"taxonomy":"category","embeddable":true,"href":"https:\/\/deportodos.com.ar\/2023\/wp-json\/wp\/v2\/categories?post=4629"},{"taxonomy":"post_tag","embeddable":true,"href":"https:\/\/deportodos.com.ar\/2023\/wp-json\/wp\/v2\/tags?post=4629"}],"curies":[{"name":"wp","href":"https:\/\/api.w.org\/{rel}","templated":true}]}}