{"id":463,"date":"2023-12-04T04:46:03","date_gmt":"2023-12-04T04:46:03","guid":{"rendered":"https:\/\/deportodos.com.ar\/2023\/?p=463"},"modified":"2023-12-10T20:38:41","modified_gmt":"2023-12-10T20:38:41","slug":"agustin-martinez-al-tc","status":"publish","type":"post","link":"https:\/\/deportodos.com.ar\/2023\/agustin-martinez-al-tc\/","title":{"rendered":"AGUST\u00cdN MART\u00cdNEZ AL TC"},"content":{"rendered":"\n<p>La final del TC Pista lo ten\u00eda a Juan Scoltore largando desde el primer lugar y al flamante campe\u00f3n, Tob\u00edas Mart\u00ednez, desde la quinta ubicaci\u00f3n, quien r\u00e1pidamente avanz\u00f3 en clasificador hasta colocarse segundo. De ah\u00ed en m\u00e1s, se dedic\u00f3 a estudiar a su rival, a presionarlo, hasta que tuvo ls oportunidad, que no desperdici\u00f3, saltando al primer puesto, posici\u00f3n que manej\u00f3 con suma tranquilidad y que no abandonar\u00eda hasta cruzar la l\u00ednea de meta. <\/p>\n\n\n\n<p>Victoria de Tob\u00edas; fin de semana so\u00f1ado, ganando el campeonato el d\u00eda s\u00e1bado, qued\u00e1ndose con la carrera y el campeonato y dedic\u00e1ndoselo a los sanjuaninos, que lo alentaron durante las dos jornadas. Cierre de un a\u00f1o fant\u00e1stico, con siete triunfos en el a\u00f1o, estableciendo un nuevo r\u00e9cord en la categor\u00eda.<br>Luego de recibir la Copa de Plata, el campe\u00f3n dijo: \u201cFue una carrera que no cre\u00eda que iba a pelear adelante; sab\u00eda que los chicos iban muy r\u00e1pido, se me dio una buena primera vuelta con Valle, despu\u00e9s ac\u00e1 con Canapino y Chapur. Despu\u00e9s, ven\u00eda muriendo, desgastando todo el auto de costado exigi\u00e9ndome mucho hasta que le pude llegar a Scoltore. Hubo una maniobra donde me tir\u00e9, casi no doblamos ninguno en la \u00faltima curva, casi nos vamos todos afuera. Pude verlo a Facu Chapur que se estaba tirando, fren\u00e9 un poco, intent\u00e9 tratar de mantener el auto derecho que no me cruzaran. Me peg\u00f3 Facu, me peg\u00f3 por suerte con el auto casi derecho. Ha sido una carrera disfrutando mucho el gran auto que tengo, mi gran motorista, el Chino Mart\u00ednez y todo el equipo\u201d, dijo Tob\u00edas.<br>Finalmente, Tob\u00edas Mart\u00ednez, Juan Scoltore y Lucas Valle fueron los integrantes del \u00faltimo podio del a\u00f1o.<br>Por otra parte, con el subcampeonato obtenido el entrerriano Agust\u00edn Mart\u00ednez (lleg\u00f3 noveno en carrera) logr\u00f3 el pase al TC por lo que correr\u00e1 en dicha categor\u00eda el a\u00f1o que viene, obviamente que en el equipo de su padre Omar.<\/p>\n\n\n\n<p>Copa de Plata<br>1\u00ba Campe\u00f3n &#8211; Tob\u00edas Mart\u00ednez (San Juan) &#8211; 287<br>2\u00ba Agust\u00edn Mart\u00ednez &#8211; 195,5<br>3\u00ba Facundo Chapur \u2013 180<br>4\u00ba Jerem\u00edas Olmedo \u2013 178,25<br>5\u00ba Hern\u00e1n Palazzo &#8211; 174<\/p>\n","protected":false},"excerpt":{"rendered":"<p>La final del TC Pista lo ten\u00eda a Juan Scoltore largando desde el primer lugar&#8230;<\/p>\n","protected":false},"author":2,"featured_media":464,"comment_status":"open","ping_status":"open","sticky":false,"template":"","format":"standard","meta":{"footnotes":""},"categories":[6],"tags":[],"class_list":["post-463","post","type-post","status-publish","format-standard","has-post-thumbnail","hentry","category-automovilismo"],"featured_image_urls":{"full":["https:\/\/deportodos.com.ar\/2023\/wp-content\/uploads\/2023\/12\/WhatsApp-Image-2023-12-03-at-16.39.39.jpeg",782,440,false],"thumbnail":["https:\/\/deportodos.com.ar\/2023\/wp-content\/uploads\/2023\/12\/WhatsApp-Image-2023-12-03-at-16.39.39-150x150.jpeg",150,150,true],"medium":["https:\/\/deportodos.com.ar\/2023\/wp-content\/uploads\/2023\/12\/WhatsApp-Image-2023-12-03-at-16.39.39-300x169.jpeg",300,169,true],"medium_large":["https:\/\/deportodos.com.ar\/2023\/wp-content\/uploads\/2023\/12\/WhatsApp-Image-2023-12-03-at-16.39.39-768x432.jpeg",640,360,true],"large":["https:\/\/deportodos.com.ar\/2023\/wp-content\/uploads\/2023\/12\/WhatsApp-Image-2023-12-03-at-16.39.39.jpeg",640,360,false],"1536x1536":["https:\/\/deportodos.com.ar\/2023\/wp-content\/uploads\/2023\/12\/WhatsApp-Image-2023-12-03-at-16.39.39.jpeg",782,440,false],"2048x2048":["https:\/\/deportodos.com.ar\/2023\/wp-content\/uploads\/2023\/12\/WhatsApp-Image-2023-12-03-at-16.39.39.jpeg",782,440,false],"covernews-featured":["https:\/\/deportodos.com.ar\/2023\/wp-content\/uploads\/2023\/12\/WhatsApp-Image-2023-12-03-at-16.39.39.jpeg",782,440,false],"covernews-medium":["https:\/\/deportodos.com.ar\/2023\/wp-content\/uploads\/2023\/12\/WhatsApp-Image-2023-12-03-at-16.39.39-540x340.jpeg",540,340,true]},"author_info":{"display_name":"c2530142","author_link":"https:\/\/deportodos.com.ar\/2023\/author\/c2530142\/"},"category_info":"<a href=\"https:\/\/deportodos.com.ar\/2023\/category\/automovilismo\/\" rel=\"category tag\">Automovilismo<\/a>","tag_info":"Automovilismo","comment_count":"0","_links":{"self":[{"href":"https:\/\/deportodos.com.ar\/2023\/wp-json\/wp\/v2\/posts\/463","targetHints":{"allow":["GET"]}}],"collection":[{"href":"https:\/\/deportodos.com.ar\/2023\/wp-json\/wp\/v2\/posts"}],"about":[{"href":"https:\/\/deportodos.com.ar\/2023\/wp-json\/wp\/v2\/types\/post"}],"author":[{"embeddable":true,"href":"https:\/\/deportodos.com.ar\/2023\/wp-json\/wp\/v2\/users\/2"}],"replies":[{"embeddable":true,"href":"https:\/\/deportodos.com.ar\/2023\/wp-json\/wp\/v2\/comments?post=463"}],"version-history":[{"count":1,"href":"https:\/\/deportodos.com.ar\/2023\/wp-json\/wp\/v2\/posts\/463\/revisions"}],"predecessor-version":[{"id":465,"href":"https:\/\/deportodos.com.ar\/2023\/wp-json\/wp\/v2\/posts\/463\/revisions\/465"}],"wp:featuredmedia":[{"embeddable":true,"href":"https:\/\/deportodos.com.ar\/2023\/wp-json\/wp\/v2\/media\/464"}],"wp:attachment":[{"href":"https:\/\/deportodos.com.ar\/2023\/wp-json\/wp\/v2\/media?parent=463"}],"wp:term":[{"taxonomy":"category","embeddable":true,"href":"https:\/\/deportodos.com.ar\/2023\/wp-json\/wp\/v2\/categories?post=463"},{"taxonomy":"post_tag","embeddable":true,"href":"https:\/\/deportodos.com.ar\/2023\/wp-json\/wp\/v2\/tags?post=463"}],"curies":[{"name":"wp","href":"https:\/\/api.w.org\/{rel}","templated":true}]}}