{"id":4647,"date":"2025-12-02T22:56:01","date_gmt":"2025-12-02T22:56:01","guid":{"rendered":"https:\/\/deportodos.com.ar\/2023\/?p=4647"},"modified":"2025-12-02T22:56:02","modified_gmt":"2025-12-02T22:56:02","slug":"maraton-de-reyes-hasta-el-viernes-se-opta-por-la-musculosa","status":"publish","type":"post","link":"https:\/\/deportodos.com.ar\/2023\/maraton-de-reyes-hasta-el-viernes-se-opta-por-la-musculosa\/","title":{"rendered":"MARATON DE REYES, HASTA EL VIERNES SE OPTA POR LA MUSCULOSA"},"content":{"rendered":"\n<p>La 47\u00b0 edici\u00f3n de la Marat\u00f3n de Reyes comenz\u00f3 su cuenta regresiva y las inscripciones anticipadas avanzan a paso firme. Los corredores podr\u00e1n registrarse hasta d\u00edas previos a la carrera, pero solo hasta el viernes 5 de diciembre tendr\u00e1n la posibilidad de optar por la musculosa oficial del evento.<\/p>\n\n\n\n<p>La elecci\u00f3n entre musculosa o remera estar\u00e1 disponible \u00fanicamente para quienes completen su inscripci\u00f3n de manera anticipada antes de la fecha indicada. Cumplido ese plazo, y por motivos de log\u00edstica de producci\u00f3n, solo estar\u00e1 disponible la prenda con mangas (remera).<\/p>\n\n\n\n<p>Requisitos para optar por MUSCULOSA<\/p>\n\n\n\n<ol class=\"wp-block-list\">\n<li>Registrarse en: www.encarrera.com.ar\/reyes<\/li>\n\n\n\n<li>Abonar la inscripci\u00f3n total, o la primera cuota, antes del viernes 5 de diciembre<\/li>\n\n\n\n<li>Enviar un mensaje v\u00eda WhatsApp al 345 5281855 indicando la elecci\u00f3n de MUSCULOSA<\/li>\n<\/ol>\n\n\n\n<p>Adem\u00e1s, las inscripciones tambi\u00e9n pueden realizarse de manera presencial en la sede de Los Galgos, ubicada en Urquiza 783, planta alta, de lunes a viernes de 17:00 a 21:00.<\/p>\n\n\n\n<p>\u2022 Informaci\u00f3n y contacto<br>Registro online: www.encarrera.com.ar\/reyes<br>Redes oficiales: @maratondereyescdia<\/p>\n","protected":false},"excerpt":{"rendered":"<p>La 47\u00b0 edici\u00f3n de la Marat\u00f3n de Reyes comenz\u00f3 su cuenta regresiva y las inscripciones&#8230;<\/p>\n","protected":false},"author":2,"featured_media":4648,"comment_status":"open","ping_status":"open","sticky":false,"template":"","format":"standard","meta":{"footnotes":""},"categories":[5],"tags":[],"class_list":["post-4647","post","type-post","status-publish","format-standard","has-post-thumbnail","hentry","category-atletismo"],"featured_image_urls":{"full":["https:\/\/deportodos.com.ar\/2023\/wp-content\/uploads\/2025\/12\/IMG-20251202-WA0045.jpg",1021,1280,false],"thumbnail":["https:\/\/deportodos.com.ar\/2023\/wp-content\/uploads\/2025\/12\/IMG-20251202-WA0045-150x150.jpg",150,150,true],"medium":["https:\/\/deportodos.com.ar\/2023\/wp-content\/uploads\/2025\/12\/IMG-20251202-WA0045-239x300.jpg",239,300,true],"medium_large":["https:\/\/deportodos.com.ar\/2023\/wp-content\/uploads\/2025\/12\/IMG-20251202-WA0045-768x963.jpg",640,803,true],"large":["https:\/\/deportodos.com.ar\/2023\/wp-content\/uploads\/2025\/12\/IMG-20251202-WA0045-817x1024.jpg",640,802,true],"1536x1536":["https:\/\/deportodos.com.ar\/2023\/wp-content\/uploads\/2025\/12\/IMG-20251202-WA0045.jpg",1021,1280,false],"2048x2048":["https:\/\/deportodos.com.ar\/2023\/wp-content\/uploads\/2025\/12\/IMG-20251202-WA0045.jpg",1021,1280,false],"covernews-featured":["https:\/\/deportodos.com.ar\/2023\/wp-content\/uploads\/2025\/12\/IMG-20251202-WA0045.jpg",1021,1280,false],"covernews-medium":["https:\/\/deportodos.com.ar\/2023\/wp-content\/uploads\/2025\/12\/IMG-20251202-WA0045-540x340.jpg",540,340,true]},"author_info":{"display_name":"c2530142","author_link":"https:\/\/deportodos.com.ar\/2023\/author\/c2530142\/"},"category_info":"<a href=\"https:\/\/deportodos.com.ar\/2023\/category\/atletismo\/\" rel=\"category tag\">Atletismo<\/a>","tag_info":"Atletismo","comment_count":"0","_links":{"self":[{"href":"https:\/\/deportodos.com.ar\/2023\/wp-json\/wp\/v2\/posts\/4647","targetHints":{"allow":["GET"]}}],"collection":[{"href":"https:\/\/deportodos.com.ar\/2023\/wp-json\/wp\/v2\/posts"}],"about":[{"href":"https:\/\/deportodos.com.ar\/2023\/wp-json\/wp\/v2\/types\/post"}],"author":[{"embeddable":true,"href":"https:\/\/deportodos.com.ar\/2023\/wp-json\/wp\/v2\/users\/2"}],"replies":[{"embeddable":true,"href":"https:\/\/deportodos.com.ar\/2023\/wp-json\/wp\/v2\/comments?post=4647"}],"version-history":[{"count":1,"href":"https:\/\/deportodos.com.ar\/2023\/wp-json\/wp\/v2\/posts\/4647\/revisions"}],"predecessor-version":[{"id":4649,"href":"https:\/\/deportodos.com.ar\/2023\/wp-json\/wp\/v2\/posts\/4647\/revisions\/4649"}],"wp:featuredmedia":[{"embeddable":true,"href":"https:\/\/deportodos.com.ar\/2023\/wp-json\/wp\/v2\/media\/4648"}],"wp:attachment":[{"href":"https:\/\/deportodos.com.ar\/2023\/wp-json\/wp\/v2\/media?parent=4647"}],"wp:term":[{"taxonomy":"category","embeddable":true,"href":"https:\/\/deportodos.com.ar\/2023\/wp-json\/wp\/v2\/categories?post=4647"},{"taxonomy":"post_tag","embeddable":true,"href":"https:\/\/deportodos.com.ar\/2023\/wp-json\/wp\/v2\/tags?post=4647"}],"curies":[{"name":"wp","href":"https:\/\/api.w.org\/{rel}","templated":true}]}}